{"id":64853,"date":"2023-12-16T11:16:13","date_gmt":"2023-12-16T17:16:13","guid":{"rendered":"http:\/\/losperiodistas.com.mx\/portal\/?p=64853"},"modified":"2023-12-16T11:16:15","modified_gmt":"2023-12-16T17:16:15","slug":"mas-de-150000-migrantes-han-llegado-a-ny-desde-abril-de-2022-forbes","status":"publish","type":"post","link":"https:\/\/losperiodistas.com.mx\/portal\/mas-de-150000-migrantes-han-llegado-a-ny-desde-abril-de-2022-forbes\/","title":{"rendered":"M\u00e1s de 150,000 migrantes han llegado a NY desde abril de 2022 | Forbes"},"content":{"rendered":"\n<p class=\"has-pale-cyan-blue-background-color has-background has-medium-font-size\"><em>La situaci\u00f3n migratoria en Nueva York ha provocado una crisis fiscal que llevar\u00e1 al estado a gastar 12 mdd del erario para 2025.<\/em><\/p>\n\n\n\n<p><\/p>\n\n\n\n<figure class=\"wp-block-image size-large is-style-default\"><img fetchpriority=\"high\" decoding=\"async\" width=\"1024\" height=\"576\" src=\"https:\/\/losperiodistas.com.mx\/portal\/wp-content\/uploads\/2023\/12\/migrantes-ok-1280x720-1-1024x576.jpg\" alt=\"\" class=\"wp-image-64854\" srcset=\"https:\/\/losperiodistas.com.mx\/portal\/wp-content\/uploads\/2023\/12\/migrantes-ok-1280x720-1-1024x576.jpg 1024w, https:\/\/losperiodistas.com.mx\/portal\/wp-content\/uploads\/2023\/12\/migrantes-ok-1280x720-1-300x169.jpg 300w, https:\/\/losperiodistas.com.mx\/portal\/wp-content\/uploads\/2023\/12\/migrantes-ok-1280x720-1-768x432.jpg 768w, https:\/\/losperiodistas.com.mx\/portal\/wp-content\/uploads\/2023\/12\/migrantes-ok-1280x720-1.jpg 1280w\" sizes=\"(max-width: 1024px) 100vw, 1024px\" \/><figcaption><em>Foto: EFE<\/em><\/figcaption><\/figure>\n\n\n\n<p class=\"has-vivid-red-color has-text-color has-medium-font-size\"><strong>FORBES STAFF<\/strong><\/p>\n\n\n\n<p>Nueva York ha recibido a m\u00e1s de 150,000 migrantes desde abril del a\u00f1o pasado, seg\u00fan un portavoz del alcalde Eric Adams.<\/p>\n\n\n\n<p>La oleada, en su mayor\u00eda venezolanos (aunque en los \u00faltimos meses han llegado muchos j\u00f3venes de \u00c1frica) ha sido constante, con entre 2,000 y hasta 3,000 personas arribando en una sola semana.<\/p>\n\n\n\n<p>La ciudad tiene a su cargo en este momento a 67,600 de los migrantes, a los que dan albergue, comidas y otros servicios.<\/p>\n\n\n\n<p>Seg\u00fan el alcalde, la situaci\u00f3n ha provocado una crisis fiscal que lo llevar\u00e1 a gastar 12,000 millones de d\u00f3lares del erario para 2025, por lo que ha ordenado recortar gastos.<\/p>\n\n\n\n<p>En total, de acuerdo con los datos de la Alcad\u00eda, la ciudad tiene bajo su cuidado a m\u00e1s de 122,500 personas, que incluye a los reci\u00e9n llegados y a neoyorquinos sin techo, ya que una orden de un tribunal, de hace 42 a\u00f1os, obliga a Nueva York a dar albergue a quien lo solicite.<\/p>\n\n\n\n<p>Esto llev\u00f3 a la ciudad a tener que alquilar hoteles como refugios, levantar carpas y ubicarlos en otros lugares. En total, seg\u00fan la portavoz del alcalde, a este viernes las autoridades cuentan con 214 sitios para alojar migrantes, incluidos 18 centros de ayuda humanitaria.<\/p>\n\n\n\n<p><em><strong>Te recomendamos:&nbsp;<a href=\"https:\/\/www.forbes.com.mx\/estados-unidos-alcanza-nuevo-record-de-personas-sin-hogar\/\" target=\"_blank\" rel=\"noreferrer noopener\">Estados Unidos alcanza nuevo r\u00e9cord de personas sin hogar<\/a><\/strong><\/em><\/p>\n\n\n\n<p>Los primeros grupos de personas llegaron desde Texas, enviados por el gobernador republicano, Grefg Abbott, a estados dem\u00f3cratas en respuesta a la pol\u00edtica migratoria del presidente Joe Biden.<\/p>\n\n\n\n<p>El gobernador republicano de Florida, Ron DeSantis, tambi\u00e9n se sum\u00f3 a la iniciativa de Abbott.<\/p>\n\n\n\n<p>Otros muchos migrantes han llegado por su cuenta, lo que se atribuye a la orden de derecho al albergue del tribunal, que el alcalde ha pedido se deje sin efecto mientras contin\u00fae la crisis fiscal, lo que en estos momentos se est\u00e1 disputando en una corte federal.<\/p>\n\n\n\n<p>Adams y la gobernadora del estado de Nueva York, la dem\u00f3crata Kathy Hochul, han pedido ayuda econ\u00f3mica a Biden para afrontar la crisis fiscal de la ciudad, lo que hasta el momento no ha ocurrido.<\/p>\n\n\n\n<p>El alcalde ha pedido a las agencias municipales someter a un plan de recorte de gastos, lo que ha sido ampliamente criticado por activistas.<\/p>\n\n\n\n<p><em>Con informaci\u00f3n de EFE<\/em><\/p>\n\n\n\n<p>Fuente: <a href=\"https:\/\/www.forbes.com.mx\/mas-de-150000-migrantes-han-llegado-a-ny-desde-abril-de-2022\/\">https:\/\/www.forbes.com.mx\/mas-de-150000-migrantes-han-llegado-a-ny-desde-abril-de-2022\/<\/a><\/p>\n","protected":false},"excerpt":{"rendered":"<p>La situaci\u00f3n migratoria en Nueva York ha provocado una crisis fiscal que llevar\u00e1 al estado a gastar 12 mdd del [&hellip;]<\/p>\n","protected":false},"author":1,"featured_media":64854,"comment_status":"open","ping_status":"open","sticky":false,"template":"","format":"standard","meta":{"site-sidebar-layout":"default","site-content-layout":"","ast-site-content-layout":"default","site-content-style":"default","site-sidebar-style":"default","ast-global-header-display":"","ast-banner-title-visibility":"","ast-main-header-display":"","ast-hfb-above-header-display":"","ast-hfb-below-header-display":"","ast-hfb-mobile-header-display":"","site-post-title":"","ast-breadcrumbs-content":"","ast-featured-img":"","footer-sml-layout":"","theme-transparent-header-meta":"","adv-header-id-meta":"","stick-header-meta":"","header-above-stick-meta":"","header-main-stick-meta":"","header-below-stick-meta":"","astra-migrate-meta-layouts":"default","ast-page-background-enabled":"default","ast-page-background-meta":{"desktop":{"background-color":"var(--ast-global-color-4)","background-image":"","background-repeat":"repeat","background-position":"center center","background-size":"auto","background-attachment":"scroll","background-type":"","background-media":"","overlay-type":"","overlay-color":"","overlay-opacity":"","overlay-gradient":""},"tablet":{"background-color":"","background-image":"","background-repeat":"repeat","background-position":"center center","background-size":"auto","background-attachment":"scroll","background-type":"","background-media":"","overlay-type":"","overlay-color":"","overlay-opacity":"","overlay-gradient":""},"mobile":{"background-color":"","background-image":"","background-repeat":"repeat","background-position":"center center","background-size":"auto","background-attachment":"scroll","background-type":"","background-media":"","overlay-type":"","overlay-color":"","overlay-opacity":"","overlay-gradient":""}},"ast-content-background-meta":{"desktop":{"background-color":"var(--ast-global-color-5)","background-image":"","background-repeat":"repeat","background-position":"center center","background-size":"auto","background-attachment":"scroll","background-type":"","background-media":"","overlay-type":"","overlay-color":"","overlay-opacity":"","overlay-gradient":""},"tablet":{"background-color":"var(--ast-global-color-5)","background-image":"","background-repeat":"repeat","background-position":"center center","background-size":"auto","background-attachment":"scroll","background-type":"","background-media":"","overlay-type":"","overlay-color":"","overlay-opacity":"","overlay-gradient":""},"mobile":{"background-color":"var(--ast-global-color-5)","background-image":"","background-repeat":"repeat","background-position":"center center","background-size":"auto","background-attachment":"scroll","background-type":"","background-media":"","overlay-type":"","overlay-color":"","overlay-opacity":"","overlay-gradient":""}},"footnotes":""},"categories":[8],"tags":[21009,3828,8941],"class_list":["post-64853","post","type-post","status-publish","format-standard","has-post-thumbnail","hentry","category-noticias","tag-crisis-fiscal","tag-migrantes","tag-nueva-york"],"_links":{"self":[{"href":"https:\/\/losperiodistas.com.mx\/portal\/wp-json\/wp\/v2\/posts\/64853","targetHints":{"allow":["GET"]}}],"collection":[{"href":"https:\/\/losperiodistas.com.mx\/portal\/wp-json\/wp\/v2\/posts"}],"about":[{"href":"https:\/\/losperiodistas.com.mx\/portal\/wp-json\/wp\/v2\/types\/post"}],"author":[{"embeddable":true,"href":"https:\/\/losperiodistas.com.mx\/portal\/wp-json\/wp\/v2\/users\/1"}],"replies":[{"embeddable":true,"href":"https:\/\/losperiodistas.com.mx\/portal\/wp-json\/wp\/v2\/comments?post=64853"}],"version-history":[{"count":1,"href":"https:\/\/losperiodistas.com.mx\/portal\/wp-json\/wp\/v2\/posts\/64853\/revisions"}],"predecessor-version":[{"id":64855,"href":"https:\/\/losperiodistas.com.mx\/portal\/wp-json\/wp\/v2\/posts\/64853\/revisions\/64855"}],"wp:featuredmedia":[{"embeddable":true,"href":"https:\/\/losperiodistas.com.mx\/portal\/wp-json\/wp\/v2\/media\/64854"}],"wp:attachment":[{"href":"https:\/\/losperiodistas.com.mx\/portal\/wp-json\/wp\/v2\/media?parent=64853"}],"wp:term":[{"taxonomy":"category","embeddable":true,"href":"https:\/\/losperiodistas.com.mx\/portal\/wp-json\/wp\/v2\/categories?post=64853"},{"taxonomy":"post_tag","embeddable":true,"href":"https:\/\/losperiodistas.com.mx\/portal\/wp-json\/wp\/v2\/tags?post=64853"}],"curies":[{"name":"wp","href":"https:\/\/api.w.org\/{rel}","templated":true}]}}