{"id":64850,"date":"2023-12-16T11:03:14","date_gmt":"2023-12-16T17:03:14","guid":{"rendered":"http:\/\/losperiodistas.com.mx\/portal\/?p=64850"},"modified":"2023-12-16T11:03:15","modified_gmt":"2023-12-16T17:03:15","slug":"juicio-del-vaticano-condenas-para-casi-todos-los-acusados-vatican-news","status":"publish","type":"post","link":"https:\/\/losperiodistas.com.mx\/portal\/juicio-del-vaticano-condenas-para-casi-todos-los-acusados-vatican-news\/","title":{"rendered":"Juicio del Vaticano, condenas para casi todos los acusados | Vatican News"},"content":{"rendered":"\n<p class=\"has-luminous-vivid-amber-background-color has-background has-medium-font-size\">El Tribunal Vaticano conden\u00f3 al cardenal Becciu a cinco a\u00f1os y seis meses de prisi\u00f3n, m\u00e1s inhabilitaci\u00f3n perpetua para cargo p\u00fablico y multa de 8.000 euros. Multas a Di Ruzza y Br\u00fclhart, Monse\u00f1or Carlino absuelto. Penas para Tirabassi, Torzi, Crassus y Marogna.<\/p>\n\n\n\n<p><\/p>\n\n\n\n<figure class=\"wp-block-image size-large is-style-default\"><img fetchpriority=\"high\" decoding=\"async\" width=\"1024\" height=\"576\" src=\"https:\/\/losperiodistas.com.mx\/portal\/wp-content\/uploads\/2023\/12\/cq5dam.thumbnail.cropped.1500.844-2-1024x576.jpeg\" alt=\"\" class=\"wp-image-64851\" srcset=\"https:\/\/losperiodistas.com.mx\/portal\/wp-content\/uploads\/2023\/12\/cq5dam.thumbnail.cropped.1500.844-2-1024x576.jpeg 1024w, https:\/\/losperiodistas.com.mx\/portal\/wp-content\/uploads\/2023\/12\/cq5dam.thumbnail.cropped.1500.844-2-300x169.jpeg 300w, https:\/\/losperiodistas.com.mx\/portal\/wp-content\/uploads\/2023\/12\/cq5dam.thumbnail.cropped.1500.844-2-768x432.jpeg 768w, https:\/\/losperiodistas.com.mx\/portal\/wp-content\/uploads\/2023\/12\/cq5dam.thumbnail.cropped.1500.844-2.jpeg 1500w\" sizes=\"(max-width: 1024px) 100vw, 1024px\" \/><\/figure>\n\n\n\n<p><\/p>\n\n\n\n<p class=\"has-vivid-red-color has-white-background-color has-text-color has-background has-medium-font-size\"><strong>SALVATORE CERNUZIO \/ VATICAN  NEWS<\/strong><\/p>\n\n\n\n<p class=\"has-black-color has-white-background-color has-text-color has-background\">Cinco a\u00f1os y seis meses de prisi\u00f3n, m\u00e1s inhabilitaci\u00f3n perpetua para cargo p\u00fablico y 8.000 de multa. Esta es la condena impuesta al cardenal Giovanni Angelo Becciu por el&nbsp;<a href=\"https:\/\/www.vaticannews.va\/es\/taglist.chiesa-e-religioni.Vaticano.processo-Vaticano.html\" target=\"_blank\" rel=\"noreferrer noopener\">Tribunal vaticano<\/a>, al t\u00e9rmino del juicio sobre la gesti\u00f3n de fondos de la Secretar\u00eda de Estado, que gira en torno a la venta de un edifico en Londres. Becciu fue declarado culpable de tres cargos de malversaci\u00f3n de fondos, seg\u00fan la sentencia pronunciada esta tarde a las 16.07 por el Presidente del Tribunal, Giuseppe Pignatone, en la Sala Polivalente de los Museos Vaticanos.&nbsp;<\/p>\n\n\n\n<p>A Ren\u00e9 Br\u00fclhart y Tommaso Di Ruzza, ex presidente y director de la AIF respectivamente, se les impuso una multa de 1.750. Para Enrico Craso, antiguo asesor financiero de la Secretar\u00eda de Estado, el Tribunal impuso una pena de 7 a\u00f1os de prisi\u00f3n y 10.000 de multa, inhabilitaci\u00f3n para ejercer cargos p\u00fablicos. Para el financiero Raffaele Mincione 5 a\u00f1os y 6 meses, m\u00e1s 8 mil euros, inhabilitaci\u00f3n para cargo p\u00fablico. Para el antiguo empleado de la oficina administrativa de la Secretar\u00eda de Estado, Fabrizio Tirabassi 7 a\u00f1os de prisi\u00f3n y 10 mil euros de multa, inhabilitaci\u00f3n para cargo p\u00fablico.<\/p>\n\n\n\n<p>Para el abogado Nicola Squillace, con circunstancias atenuantes, un a\u00f1o y 10 meses de prisi\u00f3n, pena suspendida durante cinco a\u00f1os. Para el corredor Gianluigi Torzi, 6 a\u00f1os y 6.000 euros de inhabilitaci\u00f3n, m\u00e1s sujeci\u00f3n, en virtud del art\u00edculo 412 del C\u00f3digo Penal, a vigilancia especial durante un a\u00f1o.<\/p>\n\n\n\n<p>Tres a\u00f1os y nueve meses para la gerente Cecilia Marogna, e inhabilitaci\u00f3n temporal por el mismo periodo. Multa de 40.000 euros para su empresa Logsic Humanitarne Dejavnosti. Muchos de los delitos de la acusaci\u00f3n fueron \u00abrecalificados\u00bb.<a href=\"https:\/\/www.vaticannews.va\/es\/vaticano\/news\/2023-12\/juicio-vaticano-pignatone-contrainterrogatorio-permite-verdad.html\"><\/a>16\/12\/2023<\/p>\n\n\n\n<h2 class=\"wp-block-heading\"><a href=\"https:\/\/www.vaticannews.va\/es\/vaticano\/news\/2023-12\/juicio-vaticano-pignatone-contrainterrogatorio-permite-verdad.html\">Juicio Vaticano, Pignatone: el contrainterrogatorio permiti\u00f3 llegar a la verdad<\/a><\/h2>\n\n\n\n<p>El Tribunal vaticano se reuni\u00f3 esta ma\u00f1ana en la sala de consejo, por la tarde el veredicto. El presidente<\/p>\n\n\n\n<p>Fuente: <a href=\"https:\/\/www.vaticannews.va\/es\/vaticano\/news\/2023-12\/juicio-del-vaticano-condenas-para-casi-todos-los-acusados.html\">https:\/\/www.vaticannews.va\/es\/vaticano\/news\/2023-12\/juicio-del-vaticano-condenas-para-casi-todos-los-acusados.html<\/a><\/p>\n","protected":false},"excerpt":{"rendered":"<p>El Tribunal Vaticano conden\u00f3 al cardenal Becciu a cinco a\u00f1os y seis meses de prisi\u00f3n, m\u00e1s inhabilitaci\u00f3n perpetua para cargo [&hellip;]<\/p>\n","protected":false},"author":1,"featured_media":64851,"comment_status":"open","ping_status":"open","sticky":false,"template":"","format":"standard","meta":{"site-sidebar-layout":"default","site-content-layout":"","ast-site-content-layout":"default","site-content-style":"default","site-sidebar-style":"default","ast-global-header-display":"","ast-banner-title-visibility":"","ast-main-header-display":"","ast-hfb-above-header-display":"","ast-hfb-below-header-display":"","ast-hfb-mobile-header-display":"","site-post-title":"","ast-breadcrumbs-content":"","ast-featured-img":"","footer-sml-layout":"","theme-transparent-header-meta":"","adv-header-id-meta":"","stick-header-meta":"","header-above-stick-meta":"","header-main-stick-meta":"","header-below-stick-meta":"","astra-migrate-meta-layouts":"default","ast-page-background-enabled":"default","ast-page-background-meta":{"desktop":{"background-color":"var(--ast-global-color-4)","background-image":"","background-repeat":"repeat","background-position":"center center","background-size":"auto","background-attachment":"scroll","background-type":"","background-media":"","overlay-type":"","overlay-color":"","overlay-opacity":"","overlay-gradient":""},"tablet":{"background-color":"","background-image":"","background-repeat":"repeat","background-position":"center center","background-size":"auto","background-attachment":"scroll","background-type":"","background-media":"","overlay-type":"","overlay-color":"","overlay-opacity":"","overlay-gradient":""},"mobile":{"background-color":"","background-image":"","background-repeat":"repeat","background-position":"center center","background-size":"auto","background-attachment":"scroll","background-type":"","background-media":"","overlay-type":"","overlay-color":"","overlay-opacity":"","overlay-gradient":""}},"ast-content-background-meta":{"desktop":{"background-color":"var(--ast-global-color-5)","background-image":"","background-repeat":"repeat","background-position":"center center","background-size":"auto","background-attachment":"scroll","background-type":"","background-media":"","overlay-type":"","overlay-color":"","overlay-opacity":"","overlay-gradient":""},"tablet":{"background-color":"var(--ast-global-color-5)","background-image":"","background-repeat":"repeat","background-position":"center center","background-size":"auto","background-attachment":"scroll","background-type":"","background-media":"","overlay-type":"","overlay-color":"","overlay-opacity":"","overlay-gradient":""},"mobile":{"background-color":"var(--ast-global-color-5)","background-image":"","background-repeat":"repeat","background-position":"center center","background-size":"auto","background-attachment":"scroll","background-type":"","background-media":"","overlay-type":"","overlay-color":"","overlay-opacity":"","overlay-gradient":""}},"footnotes":""},"categories":[8],"tags":[21007,21008,15312],"class_list":["post-64850","post","type-post","status-publish","format-standard","has-post-thumbnail","hentry","category-noticias","tag-cardenal-becciu","tag-prision-y-multa-a-cardenal","tag-tribunal-vaticano"],"_links":{"self":[{"href":"https:\/\/losperiodistas.com.mx\/portal\/wp-json\/wp\/v2\/posts\/64850","targetHints":{"allow":["GET"]}}],"collection":[{"href":"https:\/\/losperiodistas.com.mx\/portal\/wp-json\/wp\/v2\/posts"}],"about":[{"href":"https:\/\/losperiodistas.com.mx\/portal\/wp-json\/wp\/v2\/types\/post"}],"author":[{"embeddable":true,"href":"https:\/\/losperiodistas.com.mx\/portal\/wp-json\/wp\/v2\/users\/1"}],"replies":[{"embeddable":true,"href":"https:\/\/losperiodistas.com.mx\/portal\/wp-json\/wp\/v2\/comments?post=64850"}],"version-history":[{"count":1,"href":"https:\/\/losperiodistas.com.mx\/portal\/wp-json\/wp\/v2\/posts\/64850\/revisions"}],"predecessor-version":[{"id":64852,"href":"https:\/\/losperiodistas.com.mx\/portal\/wp-json\/wp\/v2\/posts\/64850\/revisions\/64852"}],"wp:featuredmedia":[{"embeddable":true,"href":"https:\/\/losperiodistas.com.mx\/portal\/wp-json\/wp\/v2\/media\/64851"}],"wp:attachment":[{"href":"https:\/\/losperiodistas.com.mx\/portal\/wp-json\/wp\/v2\/media?parent=64850"}],"wp:term":[{"taxonomy":"category","embeddable":true,"href":"https:\/\/losperiodistas.com.mx\/portal\/wp-json\/wp\/v2\/categories?post=64850"},{"taxonomy":"post_tag","embeddable":true,"href":"https:\/\/losperiodistas.com.mx\/portal\/wp-json\/wp\/v2\/tags?post=64850"}],"curies":[{"name":"wp","href":"https:\/\/api.w.org\/{rel}","templated":true}]}}