{"id":64834,"date":"2023-12-16T08:31:30","date_gmt":"2023-12-16T14:31:30","guid":{"rendered":"http:\/\/losperiodistas.com.mx\/portal\/?p=64834"},"modified":"2023-12-16T08:31:32","modified_gmt":"2023-12-16T14:31:32","slug":"opinion-la-paz-estatal-depende-de-alcaldes-en-70-ssc","status":"publish","type":"post","link":"https:\/\/losperiodistas.com.mx\/portal\/opinion-la-paz-estatal-depende-de-alcaldes-en-70-ssc\/","title":{"rendered":"Opini\u00f3n | La paz estatal depende de alcaldes en 70 %: SSC"},"content":{"rendered":"\n<p class=\"has-medium-font-size\">*El caso de Atexcal; apoyar\u00e1 el IPN a Teziutl\u00e1n<\/p>\n\n\n\n<p><\/p>\n\n\n\n<figure class=\"wp-block-image size-full is-style-default\"><img fetchpriority=\"high\" decoding=\"async\" width=\"1000\" height=\"666\" src=\"https:\/\/losperiodistas.com.mx\/portal\/wp-content\/uploads\/2023\/12\/Reconoce-Pa\u0301rroco-a-Alcalde-de-Atexcal.jpeg\" alt=\"\" class=\"wp-image-64835\" srcset=\"https:\/\/losperiodistas.com.mx\/portal\/wp-content\/uploads\/2023\/12\/Reconoce-Pa\u0301rroco-a-Alcalde-de-Atexcal.jpeg 1000w, https:\/\/losperiodistas.com.mx\/portal\/wp-content\/uploads\/2023\/12\/Reconoce-Pa\u0301rroco-a-Alcalde-de-Atexcal-300x200.jpeg 300w, https:\/\/losperiodistas.com.mx\/portal\/wp-content\/uploads\/2023\/12\/Reconoce-Pa\u0301rroco-a-Alcalde-de-Atexcal-768x511.jpeg 768w\" sizes=\"(max-width: 1000px) 100vw, 1000px\" \/><\/figure>\n\n\n\n<p class=\"has-vivid-red-color has-text-color\" style=\"font-size:26px\"><strong><em>Por Ra\u00fal Torres Salmer\u00f3n<\/em><\/strong><\/p>\n\n\n\n<p>El Gobernador Sergio Salom\u00f3n C\u00e9spedes plantea que la gobernabilidad del Estado depende en un 70 por ciento de los municipios, donde deben elegirse las personas correctas y con ello se genera paz, tranquilidad y seguridad.<\/p>\n\n\n\n<p>En un desayuno de fin de a\u00f1o con medios de comunicaci\u00f3n, celebrado el mi\u00e9rcoles 13 de diciembre en Casa Puebla, con una nutrida asistencia de directores, periodistas, columnistas, reporteros, fot\u00f3grafos y comunicadores, antes del discurso oficial, el Gobernador C\u00e9spedes se sent\u00f3 en cada mesa y convivi\u00f3 con los presentes. Inevitablemente hubo preguntas y respuestas.<\/p>\n\n\n\n<p>La columna de \u00c1lvaro Ram\u00edrez Velasco denominada \u201cLo que no le Cuento ni a mi Madre\u201d, publicada en Hip\u00f3crita Lector es un resumen espl\u00e9ndido de lo sucedido en una de las mesas:<\/p>\n\n\n\n<p>\u201cSergio Salom\u00f3n conserva con los reporteros y periodistas el mismo trato que ten\u00eda desde antes de ser elegido Gobernador, hace un a\u00f1o por el Congreso local: responde todas las preguntas, no deja en aire silencios sobre ning\u00fan tema.<\/p>\n\n\n\n<p>\u201cEn un desayuno de fin de a\u00f1o con representantes de los medios de comunicaci\u00f3n, el mandatario poblano se dio espacio y tiempo para sentarse unos minutos en cada mesa.<\/p>\n\n\n\n<p>\u201cCharl\u00f3 y comparti\u00f3 su visi\u00f3n de la administraci\u00f3n p\u00fablica y lo que, desde su mirada, alcanza a otear hacia el proceso electoral de 2024.<\/p>\n\n\n\n<p>\u201cUn dato importante que como Gobernador ha podido ver con claridad, en combinaci\u00f3n con la experiencia que ha tenido como Presidente Municipal y como Legislador, es la importancia de elegir las personas correctas para los ayuntamientos, pues en \u00e9stos se concentra y se genera 70 por ciento de la gobernabilidad del Estado.<\/p>\n\n\n\n<p>\u201cEn la tranquilidad y la seguridad de las 217 municipalidades de Puebla descansa la columna vertebral que despu\u00e9s se reflejar\u00e1 en la paz de toda entidad.<\/p>\n\n\n\n<p>\u201cDe ah\u00ed, la respuesta que ofreci\u00f3 en la pl\u00e1tica, en la mesa que este reportero comparti\u00f3 con los periodistas Leticia Montagner, Irma S\u00e1nchez, Guadalupe G\u00e1lvez, Ra\u00fal Torres Salmer\u00f3n, Jes\u00fas Contreras, Erick Becerra y otros comunicadores.<\/p>\n\n\n\n<p>\u201cDijo que todos los partidos y especialmente la alianza de la Cuarta Transformaci\u00f3n (4T), deben poner mucho cuidado, s\u00ed cuidado, en la selecci\u00f3n de los 217 candidatos y candidatas que competir\u00e1n en el Proceso Electoral Concurrente 2023-2024, que ya est\u00e1 en marcha.<\/p>\n\n\n\n<p>\u201cTambi\u00e9n, el mandatario poblano se refiri\u00f3 a su relaci\u00f3n con el presidente Andr\u00e9s Manuel L\u00f3pez Obrador, quien le ha expresado su acompa\u00f1amiento y felicitaci\u00f3n por el informe del jueves 14 de diciembre en el Auditorio Metropolitano de Puebla Capital.<\/p>\n\n\n\n<p>\u201cSi esa felicitaci\u00f3n llega con recursos adicionales para obras y acciones en Puebla, agreg\u00f3 de buen humor, ser\u00e1n muy bienvenidos.<\/p>\n\n\n\n<p>\u201cSobre la reciente visita de Claudia Sheinbaum, confi\u00f3 que se reuni\u00f3 con ella, pero no abund\u00f3 sobre los temas que abordaron ni en el lugar y momento en que se efectu\u00f3 el encuentro, en los tres d\u00edas de la gira de la precandidata a la Presidencia de la Rep\u00fablica estuvo en Puebla.<\/p>\n\n\n\n<p>\u201cCon cuidado en sus palabras, en esta pl\u00e1tica informal, pronostic\u00f3 que a la exjefa de Gobierno le ir\u00e1 muy bien en la cita con las urnas y salud\u00f3 el reconocimiento que ella le hizo a su labor al frente del Gobierno del Estado.<\/p>\n\n\n\n<p>\u201cDos premisas que han guiado a Sergio Salom\u00f3n en su administraci\u00f3n han sido, dijo, aportar soluciones y no generar problemas.<\/p>\n\n\n\n<p>\u201cComo despedida, al levantarse de la mesa, la Periodista Leticia Montagner le solt\u00f3 una pregunta: \u00bfD\u00f3nde se ve en tres a\u00f1os? \u201cCon mi familia\u201d, fue respuesta que no convenci\u00f3, por el futuro que tiene por delante\u201d.<\/p>\n\n\n\n<p>Hasta aqu\u00ed la columna de \u00c1lvaro Ram\u00edrez Velasco.<\/p>\n\n\n\n<p>CURA RECONOCE A ALCALDE<\/p>\n\n\n\n<p>En ceremonia organizada por comit\u00e9s de la cabecera municipal del Municipio poblano de Atexcal, al sur del Estado, el p\u00e1rroco, autoridades civiles y el Obispo de Tehuac\u00e1n, se hizo entrega de un reconocimiento al Edil del Movimiento Antorchista Juan Luna Luna.<\/p>\n\n\n\n<p>Venancio Ram\u00edrez, P\u00e1rroco de la cabecera municipal, hizo uso de la palabra para dirigir un mensaje: \u201cEn esta ocasi\u00f3n queremos reconocer y agradecer la solidaridad y empat\u00eda que nuestra autoridad municipal ha mantenido con nosotros, pues desde el inicio de su administraci\u00f3n ha sido nuestro respaldo de trabajo y se ha sumado en las actividades, nos ha mostrado que sin duda el trabajo en equipo es invencible y que gracias a ello podemos hacer posibles muchas cosas\u00bb.<\/p>\n\n\n\n<p>\u00abTambi\u00e9n quiero mencionar que durante su administraci\u00f3n ha participado con nosotros en las diferentes actividades que hemos realizado, desde mantenimiento de nuestras instalaciones y hemos contado con su participaci\u00f3n en todo, sin duda es uno de los pocos presidentes municipales que ha trabajado por su pueblo y que este pueblo est\u00e1 muy agradecido.<\/p>\n\n\n\n<p>Hace pocos d\u00edas fue la entrega del reconocimiento por la labor humanitaria, solidaridad y b\u00fasqueda del bien com\u00fan del Alcalde.<\/p>\n\n\n\n<p>APOYO DEL IPN A TEZIUTL\u00c1N<\/p>\n\n\n\n<p>El Instituto Polit\u00e9cnico Nacional (IPN) expandi\u00f3 sus alcances con el convenio que firm\u00f3 hace unos d\u00edas con el Gobierno Municipal de Teziutl\u00e1n, en Puebla, para incursionar en la localidad mediante cinco ejes de acci\u00f3n: Educaci\u00f3n, Turismo y Cultura, Salud, Sustentabilidad y Deporte.<\/p>\n\n\n\n<figure class=\"wp-block-image size-full is-style-default\"><img decoding=\"async\" width=\"920\" height=\"554\" src=\"https:\/\/losperiodistas.com.mx\/portal\/wp-content\/uploads\/2023\/12\/ARTURO-REYES-DEL-IPN-EN-TEZIUTLA\u0301N.png\" alt=\"\" class=\"wp-image-64836\" srcset=\"https:\/\/losperiodistas.com.mx\/portal\/wp-content\/uploads\/2023\/12\/ARTURO-REYES-DEL-IPN-EN-TEZIUTLA\u0301N.png 920w, https:\/\/losperiodistas.com.mx\/portal\/wp-content\/uploads\/2023\/12\/ARTURO-REYES-DEL-IPN-EN-TEZIUTLA\u0301N-300x181.png 300w, https:\/\/losperiodistas.com.mx\/portal\/wp-content\/uploads\/2023\/12\/ARTURO-REYES-DEL-IPN-EN-TEZIUTLA\u0301N-768x462.png 768w\" sizes=\"(max-width: 920px) 100vw, 920px\" \/><\/figure>\n\n\n\n<p>Al respecto, el Director del IPN, Arturo Reyes Sandoval, explic\u00f3 que hay empresas que requieren innovaci\u00f3n, como las del ramo textil, que es pujante en Teziutl\u00e1n. Entre las acciones que contempla el convenio y con las cuales el IPN apoyar\u00e1 al Ayuntamiento, destacan potenciar las industrias mineras y textil; impartir cursos de actualizaci\u00f3n; colaborar con programas de educaci\u00f3n a distancia, as\u00ed como actualizar y digitalizar el cat\u00e1logo de la Biblioteca P\u00fablica Municipal.<\/p>\n\n\n\n<p>\u201cAc\u00e1 hay muchas empresas, necesitan un mapeo de sus empresas, necesitan la innovaci\u00f3n de nueva maquinaria que tal vez no exista, por ejemplo, la industria textil, que es pujante aqu\u00ed en Teziutl\u00e1n, se puede beneficiar de los dise\u00f1os y tambi\u00e9n del apoyo para la reparaci\u00f3n de m\u00e1quinas que ya no existen actualmente pero que requieren piezas que ya no se pueden encontrar y que nuestros tecn\u00f3logos en el Polit\u00e9cnico pueden producir\u201d, mencion\u00f3 Reyes Sandoval.<\/p>\n\n\n\n<p>En el mismo tenor, el Alcalde de Teziutl\u00e1n, Carlos Peredo Grau, consider\u00f3 que la colaboraci\u00f3n del IPN con los empresarios, puede hacer del Municipio una ciudad de bienestar.<\/p>\n\n\n\n<p>A trav\u00e9s del acuerdo, el IPN podr\u00e1 realizar mapeos de procesos para las empresas y pondr\u00e1 a disposici\u00f3n del Gobierno Municipal especialistas en las \u00e1reas de inform\u00e1tica y computaci\u00f3n, impulsar\u00e1 el turismo sustentable, la cultura mediante la capacitaci\u00f3n de gu\u00edas tur\u00edsticos, adem\u00e1s de la promoci\u00f3n de la lectura y el deporte.<\/p>\n\n\n\n<p>Durante la firma del convenio, se destac\u00f3 el orgullo de los teziutecos porque el doctor Reyes Sandoval dirija el IPN, pues \u00e9l pas\u00f3 su infancia en esta tierra.<\/p>\n\n\n\n<p>En fin, en lugar del tradicional poema, algunos refranes espa\u00f1oles sobre los alcaldes:<\/p>\n\n\n\n<p>Alcalde tonto, sentencia pronto. Alcalde de aldea, yo no lo sea. Si el Alcalde corta pinos, \u00bfqu\u00e9 no har\u00e1n los dem\u00e1s vecinos? Alcaldes y zapatos nuevos, a los tres d\u00edas, aprietan menos. La democracia natural, en la Espa\u00f1a profunda, consiste en linchar al Alcalde. Ser Alcalde, ni pagado, ni de balde. Si el Alcalde no es ejemplar \u00bfqui\u00e9n lo ha de respetar? A las cosas menudas, el Alguacil acuda y a las grandes, el se\u00f1or Alcalde.<\/p>\n\n\n\n<p>raultorress@hotmail.com<\/p>\n","protected":false},"excerpt":{"rendered":"<p>*El caso de Atexcal; apoyar\u00e1 el IPN a Teziutl\u00e1n Por Ra\u00fal Torres Salmer\u00f3n El Gobernador Sergio Salom\u00f3n C\u00e9spedes plantea que [&hellip;]<\/p>\n","protected":false},"author":1,"featured_media":64835,"comment_status":"open","ping_status":"open","sticky":false,"template":"","format":"standard","meta":{"site-sidebar-layout":"default","site-content-layout":"","ast-site-content-layout":"default","site-content-style":"default","site-sidebar-style":"default","ast-global-header-display":"","ast-banner-title-visibility":"","ast-main-header-display":"","ast-hfb-above-header-display":"","ast-hfb-below-header-display":"","ast-hfb-mobile-header-display":"","site-post-title":"","ast-breadcrumbs-content":"","ast-featured-img":"","footer-sml-layout":"","theme-transparent-header-meta":"","adv-header-id-meta":"","stick-header-meta":"","header-above-stick-meta":"","header-main-stick-meta":"","header-below-stick-meta":"","astra-migrate-meta-layouts":"default","ast-page-background-enabled":"default","ast-page-background-meta":{"desktop":{"background-color":"var(--ast-global-color-4)","background-image":"","background-repeat":"repeat","background-position":"center center","background-size":"auto","background-attachment":"scroll","background-type":"","background-media":"","overlay-type":"","overlay-color":"","overlay-opacity":"","overlay-gradient":""},"tablet":{"background-color":"","background-image":"","background-repeat":"repeat","background-position":"center center","background-size":"auto","background-attachment":"scroll","background-type":"","background-media":"","overlay-type":"","overlay-color":"","overlay-opacity":"","overlay-gradient":""},"mobile":{"background-color":"","background-image":"","background-repeat":"repeat","background-position":"center center","background-size":"auto","background-attachment":"scroll","background-type":"","background-media":"","overlay-type":"","overlay-color":"","overlay-opacity":"","overlay-gradient":""}},"ast-content-background-meta":{"desktop":{"background-color":"var(--ast-global-color-5)","background-image":"","background-repeat":"repeat","background-position":"center center","background-size":"auto","background-attachment":"scroll","background-type":"","background-media":"","overlay-type":"","overlay-color":"","overlay-opacity":"","overlay-gradient":""},"tablet":{"background-color":"var(--ast-global-color-5)","background-image":"","background-repeat":"repeat","background-position":"center center","background-size":"auto","background-attachment":"scroll","background-type":"","background-media":"","overlay-type":"","overlay-color":"","overlay-opacity":"","overlay-gradient":""},"mobile":{"background-color":"var(--ast-global-color-5)","background-image":"","background-repeat":"repeat","background-position":"center center","background-size":"auto","background-attachment":"scroll","background-type":"","background-media":"","overlay-type":"","overlay-color":"","overlay-opacity":"","overlay-gradient":""}},"footnotes":""},"categories":[8,19],"tags":[2598,20998],"class_list":["post-64834","post","type-post","status-publish","format-standard","has-post-thumbnail","hentry","category-noticias","category-sin-limites-2","tag-ipn","tag-paz-en-puebla"],"_links":{"self":[{"href":"https:\/\/losperiodistas.com.mx\/portal\/wp-json\/wp\/v2\/posts\/64834","targetHints":{"allow":["GET"]}}],"collection":[{"href":"https:\/\/losperiodistas.com.mx\/portal\/wp-json\/wp\/v2\/posts"}],"about":[{"href":"https:\/\/losperiodistas.com.mx\/portal\/wp-json\/wp\/v2\/types\/post"}],"author":[{"embeddable":true,"href":"https:\/\/losperiodistas.com.mx\/portal\/wp-json\/wp\/v2\/users\/1"}],"replies":[{"embeddable":true,"href":"https:\/\/losperiodistas.com.mx\/portal\/wp-json\/wp\/v2\/comments?post=64834"}],"version-history":[{"count":1,"href":"https:\/\/losperiodistas.com.mx\/portal\/wp-json\/wp\/v2\/posts\/64834\/revisions"}],"predecessor-version":[{"id":64837,"href":"https:\/\/losperiodistas.com.mx\/portal\/wp-json\/wp\/v2\/posts\/64834\/revisions\/64837"}],"wp:featuredmedia":[{"embeddable":true,"href":"https:\/\/losperiodistas.com.mx\/portal\/wp-json\/wp\/v2\/media\/64835"}],"wp:attachment":[{"href":"https:\/\/losperiodistas.com.mx\/portal\/wp-json\/wp\/v2\/media?parent=64834"}],"wp:term":[{"taxonomy":"category","embeddable":true,"href":"https:\/\/losperiodistas.com.mx\/portal\/wp-json\/wp\/v2\/categories?post=64834"},{"taxonomy":"post_tag","embeddable":true,"href":"https:\/\/losperiodistas.com.mx\/portal\/wp-json\/wp\/v2\/tags?post=64834"}],"curies":[{"name":"wp","href":"https:\/\/api.w.org\/{rel}","templated":true}]}}