{"id":64822,"date":"2023-12-16T07:05:01","date_gmt":"2023-12-16T13:05:01","guid":{"rendered":"http:\/\/losperiodistas.com.mx\/portal\/?p=64822"},"modified":"2023-12-16T07:05:03","modified_gmt":"2023-12-16T13:05:03","slug":"gobierno-municipal-de-puebla-prepara-un-cierre-de-ano-con-finanzas-sanas","status":"publish","type":"post","link":"https:\/\/losperiodistas.com.mx\/portal\/gobierno-municipal-de-puebla-prepara-un-cierre-de-ano-con-finanzas-sanas\/","title":{"rendered":"Gobierno Municipal de Puebla prepara un cierre de a\u00f1o con finanzas sanas"},"content":{"rendered":"\n<p class=\"has-medium-font-size\">&#8211; El Cabido impuls\u00f3 la creaci\u00f3n de la Unidad de Vinculaci\u00f3n y Apoyo en Materia de B\u00fasqueda de Personas.<\/p>\n\n\n\n<div class=\"wp-block-image is-style-default\"><figure class=\"aligncenter size-full\"><img fetchpriority=\"high\" decoding=\"async\" width=\"600\" height=\"400\" src=\"https:\/\/losperiodistas.com.mx\/portal\/wp-content\/uploads\/2023\/12\/e196c3769ce7a444d12892581d549ddf_XL.jpeg\" alt=\"\" class=\"wp-image-64823\" srcset=\"https:\/\/losperiodistas.com.mx\/portal\/wp-content\/uploads\/2023\/12\/e196c3769ce7a444d12892581d549ddf_XL.jpeg 600w, https:\/\/losperiodistas.com.mx\/portal\/wp-content\/uploads\/2023\/12\/e196c3769ce7a444d12892581d549ddf_XL-300x200.jpeg 300w\" sizes=\"(max-width: 600px) 100vw, 600px\" \/><figcaption>Ayuntamiento Puebla<\/figcaption><\/figure><\/div>\n\n\n\n<p class=\"has-vivid-red-color has-text-color has-medium-font-size\"><strong>COMUNICADO<\/strong><\/p>\n\n\n\n<p>Como ejemplo del ejercicio responsable del gasto p\u00fablico y en retribuci\u00f3n a las aportaciones ciudadanas, el Gobierno Municipal prepara un cierre de a\u00f1o con finanzas sanas y acciones en materia de servicios p\u00fablicos, infraestructura, salud, desarrollo econ\u00f3mica, turismo, cultura, entre otras, que conllevan a una mejor calidad de vida. <\/p>\n\n\n\n<p>En Sesi\u00f3n Ordinaria de Cabildo se aprob\u00f3 el reporte financiero del mes de noviembre donde se transparent\u00f3 el uso de los recursos para la ejecuci\u00f3n de acciones, entre ellas la intervenci\u00f3n de tres mil 118 puntos de luz lo que representa el 96.7 por ciento de luminarias encendidas, cuatro mil 16 acciones de mantenimiento a red semaf\u00f3rica, 184 mil 427 kil\u00f3metros recorridos con barredoras y eliminaci\u00f3n de pendones, la atenci\u00f3n m\u00e9dica con 23 mil 333 consultas y siete mil 667 afiliaciones al Programa M\u00e9dico Contigo, en materia cultural y tur\u00edstica se alcanzaron 265 eventos culturales que deriv\u00f3 en 2.9 millones de visitantes a la ciudad, lo anterior de manera acumulada al mes de noviembre. <\/p>\n\n\n\n<p>As\u00ed, el Gobierno Municipal encabezado por Eduardo Rivera P\u00e9rez, sigue entregando resultados, privilegiando el di\u00e1logo y escuchando a la ciudadan\u00eda. Por otro lado, para agilizar la b\u00fasqueda inmediata de personas desaparecidas, no localizadas y extraviadas en funci\u00f3n a las atribuciones del Ayuntamiento, se institucionaliz\u00f3 la Unidad de Vinculaci\u00f3n y Apoyo en Materia de B\u00fasqueda de Personas, con esto se garantiza la disponibilidad inmediata de personal capacitado con la creaci\u00f3n del \u00abGrupo Operativo de B\u00fasqueda\u00bb, sin que esto represente afectaciones al presupuesto. <\/p>\n\n\n\n<p>Para prevenir que las personas que habitan en la zona aleda\u00f1a donde se construir\u00e1 la Nueva Central Camionera Sur tengan un impacto negativo por la proliferaci\u00f3n del comercio informal, las y los Regidores acordaron no otorgar permisos para su instalaci\u00f3n en los tramos: 119 Poniente entre 11 Sur y 9A Sur; 9B Sur entre 119 Poniente y calle de los Pinos; Calle de los Pinos entre 11 Sur y 9B Sur y 9F Sur entre 19 Poniente y 17 Poniente. <\/p>\n\n\n\n<p>A su vez para dar certeza jur\u00eddica a su propiedad, se validaron y ratificaron 16 expedientes t\u00e9cnico-jur\u00eddicos de personas beneficiarias de predios en diversas colonias del municipio, se avalaron los expedientes t\u00e9cnicos &#8211; jur\u00eddicos de los inmuebles denominados \u201cMercado la Libertad (Cuexcomate)\u201d, \u201cJard\u00edn Alfabetizaci\u00f3n 2\u201d y \u201cJard\u00edn Alfabetizaci\u00f3n 3\u201d, a la par se facult\u00f3 al Instituto Municipal del Deporte para tener la administraci\u00f3n, guardia y custodia de la \u201cCancha de Pasto Sint\u00e9tico Parque Benito Ju\u00e1rez\u201d. <\/p>\n\n\n\n<p>En esta Sesi\u00f3n tambi\u00e9n se aprobaron los espacios p\u00fablicos para la celebraci\u00f3n de fiestas tradicionales y patronales en 2024 que se realizar\u00e1n en el Centro Hist\u00f3rico y la Zona de Monumentos, as\u00ed como el calendario de Sesiones Ordinarias para el pr\u00f3ximo a\u00f1o.<\/p>\n","protected":false},"excerpt":{"rendered":"<p>&#8211; El Cabido impuls\u00f3 la creaci\u00f3n de la Unidad de Vinculaci\u00f3n y Apoyo en Materia de B\u00fasqueda de Personas. COMUNICADO [&hellip;]<\/p>\n","protected":false},"author":1,"featured_media":64823,"comment_status":"open","ping_status":"open","sticky":false,"template":"","format":"standard","meta":{"site-sidebar-layout":"default","site-content-layout":"","ast-site-content-layout":"default","site-content-style":"default","site-sidebar-style":"default","ast-global-header-display":"","ast-banner-title-visibility":"","ast-main-header-display":"","ast-hfb-above-header-display":"","ast-hfb-below-header-display":"","ast-hfb-mobile-header-display":"","site-post-title":"","ast-breadcrumbs-content":"","ast-featured-img":"","footer-sml-layout":"","theme-transparent-header-meta":"","adv-header-id-meta":"","stick-header-meta":"","header-above-stick-meta":"","header-main-stick-meta":"","header-below-stick-meta":"","astra-migrate-meta-layouts":"default","ast-page-background-enabled":"default","ast-page-background-meta":{"desktop":{"background-color":"var(--ast-global-color-4)","background-image":"","background-repeat":"repeat","background-position":"center center","background-size":"auto","background-attachment":"scroll","background-type":"","background-media":"","overlay-type":"","overlay-color":"","overlay-opacity":"","overlay-gradient":""},"tablet":{"background-color":"","background-image":"","background-repeat":"repeat","background-position":"center center","background-size":"auto","background-attachment":"scroll","background-type":"","background-media":"","overlay-type":"","overlay-color":"","overlay-opacity":"","overlay-gradient":""},"mobile":{"background-color":"","background-image":"","background-repeat":"repeat","background-position":"center center","background-size":"auto","background-attachment":"scroll","background-type":"","background-media":"","overlay-type":"","overlay-color":"","overlay-opacity":"","overlay-gradient":""}},"ast-content-background-meta":{"desktop":{"background-color":"var(--ast-global-color-5)","background-image":"","background-repeat":"repeat","background-position":"center center","background-size":"auto","background-attachment":"scroll","background-type":"","background-media":"","overlay-type":"","overlay-color":"","overlay-opacity":"","overlay-gradient":""},"tablet":{"background-color":"var(--ast-global-color-5)","background-image":"","background-repeat":"repeat","background-position":"center center","background-size":"auto","background-attachment":"scroll","background-type":"","background-media":"","overlay-type":"","overlay-color":"","overlay-opacity":"","overlay-gradient":""},"mobile":{"background-color":"var(--ast-global-color-5)","background-image":"","background-repeat":"repeat","background-position":"center center","background-size":"auto","background-attachment":"scroll","background-type":"","background-media":"","overlay-type":"","overlay-color":"","overlay-opacity":"","overlay-gradient":""}},"footnotes":""},"categories":[8],"tags":[7279,20994],"class_list":["post-64822","post","type-post","status-publish","format-standard","has-post-thumbnail","hentry","category-noticias","tag-contigoyconrumbo","tag-finanzas-sanas"],"_links":{"self":[{"href":"https:\/\/losperiodistas.com.mx\/portal\/wp-json\/wp\/v2\/posts\/64822","targetHints":{"allow":["GET"]}}],"collection":[{"href":"https:\/\/losperiodistas.com.mx\/portal\/wp-json\/wp\/v2\/posts"}],"about":[{"href":"https:\/\/losperiodistas.com.mx\/portal\/wp-json\/wp\/v2\/types\/post"}],"author":[{"embeddable":true,"href":"https:\/\/losperiodistas.com.mx\/portal\/wp-json\/wp\/v2\/users\/1"}],"replies":[{"embeddable":true,"href":"https:\/\/losperiodistas.com.mx\/portal\/wp-json\/wp\/v2\/comments?post=64822"}],"version-history":[{"count":1,"href":"https:\/\/losperiodistas.com.mx\/portal\/wp-json\/wp\/v2\/posts\/64822\/revisions"}],"predecessor-version":[{"id":64824,"href":"https:\/\/losperiodistas.com.mx\/portal\/wp-json\/wp\/v2\/posts\/64822\/revisions\/64824"}],"wp:featuredmedia":[{"embeddable":true,"href":"https:\/\/losperiodistas.com.mx\/portal\/wp-json\/wp\/v2\/media\/64823"}],"wp:attachment":[{"href":"https:\/\/losperiodistas.com.mx\/portal\/wp-json\/wp\/v2\/media?parent=64822"}],"wp:term":[{"taxonomy":"category","embeddable":true,"href":"https:\/\/losperiodistas.com.mx\/portal\/wp-json\/wp\/v2\/categories?post=64822"},{"taxonomy":"post_tag","embeddable":true,"href":"https:\/\/losperiodistas.com.mx\/portal\/wp-json\/wp\/v2\/tags?post=64822"}],"curies":[{"name":"wp","href":"https:\/\/api.w.org\/{rel}","templated":true}]}}