{"id":64818,"date":"2023-12-16T06:47:06","date_gmt":"2023-12-16T12:47:06","guid":{"rendered":"http:\/\/losperiodistas.com.mx\/portal\/?p=64818"},"modified":"2023-12-16T06:47:08","modified_gmt":"2023-12-16T12:47:08","slug":"larisa-ortiz-primera-mujer-indigena-poblana-en-presidir-tribunal-agrario-angulo-7","status":"publish","type":"post","link":"https:\/\/losperiodistas.com.mx\/portal\/larisa-ortiz-primera-mujer-indigena-poblana-en-presidir-tribunal-agrario-angulo-7\/","title":{"rendered":"Larisa Ortiz, primera mujer ind\u00edgena poblana en presidir Tribunal Agrario | \u00c1ngulo 7"},"content":{"rendered":"\n<figure class=\"wp-block-image size-full is-style-default\"><img fetchpriority=\"high\" decoding=\"async\" width=\"620\" height=\"330\" src=\"https:\/\/losperiodistas.com.mx\/portal\/wp-content\/uploads\/2023\/12\/Larisa-Ortiz-2.jpeg\" alt=\"\" class=\"wp-image-64819\" srcset=\"https:\/\/losperiodistas.com.mx\/portal\/wp-content\/uploads\/2023\/12\/Larisa-Ortiz-2.jpeg 620w, https:\/\/losperiodistas.com.mx\/portal\/wp-content\/uploads\/2023\/12\/Larisa-Ortiz-2-300x160.jpeg 300w\" sizes=\"(max-width: 620px) 100vw, 620px\" \/><figcaption><em>Foto: X\/ @TAgrarios<\/em><\/figcaption><\/figure>\n\n\n\n<p class=\"has-vivid-red-color has-text-color has-medium-font-size\"><strong>MARISA HIGUERA CORT\u00c9S \/ \u00c1NGULO 7<\/strong><\/p>\n\n\n\n<p><strong>Larisa Ortiz Quintero<\/strong>, ind\u00edgena nahua de la<strong>\u00a0mixteca poblana<\/strong>\u00a0y jurista comprometida con los\u00a0<strong>derechos ind\u00edgenas y la equidad de g\u00e9nero,<\/strong>\u00a0fue electa como magistrada presidenta por el Pleno del\u00a0<strong>Tribunal Superior Agrario<\/strong>\u00a0para el periodo 2023-2026.<\/p>\n\n\n\n<p><br>Tras culminar el periodo de la magistrada\u00a0<strong>Maribel Concepci\u00f3n M\u00e9ndez de Lara<\/strong>, y con base en el reglamento interno de los\u00a0<strong>Tribunales Agrarios<\/strong>, se convoc\u00f3 a la sesi\u00f3n donde por\u00a0<strong>mayor\u00eda de votos<\/strong>\u00a0se determin\u00f3 que Larisa Ortiz Quintero sea la\u00a0<strong>primera persona de origen ind\u00edgena<\/strong>\u00a0que\u00a0<strong>encabece<\/strong>\u00a0esta\u00a0<strong>instituci\u00f3n<\/strong>.<\/p>\n\n\n\n<p>El Tribunal Agrario reconoci\u00f3 a Ortiz Quintero, quien es&nbsp;<strong>licenciada en Derecho<\/strong>&nbsp;por la&nbsp;<strong>Universidad Nacional Aut\u00f3noma de M\u00e9xico<\/strong>&nbsp;(UNAM) y defensora de los derechos de los pueblos y mujeres ind\u00edgenas, por ser una persona comprometida con la&nbsp;<strong>justicia con perspectiva intercultural.<\/strong><\/p>\n\n\n\n<p>La magistrada presidenta, originaria de&nbsp;<strong>Santa Cruz Huitziltepec<\/strong>, municipio Molcaxac, tiene una&nbsp;<strong>maestr\u00eda en Derecho Procesal Pena<\/strong>l orientada al procedimiento acusatorio y juicios orales,&nbsp;<strong>especializada en Derecho Agrario y Derecho Ind\u00edgena<\/strong>, cuenta tambi\u00e9n con una maestr\u00eda y doctorado en&nbsp;<strong>ciencias antropol\u00f3gicas.<\/strong><\/p>\n\n\n\n<p>Anteriormente fue magistrada en el&nbsp;<strong>Tribunal de Justicia Administrativa de la Ciudad de M\u00e9xico<\/strong>&nbsp;y titular de la&nbsp;<strong>Secretar\u00eda de Pueblos y Barrios Originarios y Comunidades Ind\u00edgenas Residentes de la Ciudad de M\u00e9xico<\/strong>, as\u00ed como secretaria de&nbsp;<strong>Desarrollo Rural y Equidad para las Comunidades<\/strong>&nbsp;del Gobierno de la Ciudad de M\u00e9xico durante la jefatura de&nbsp;<strong>Claudia Sheinbaum Pardo.<\/strong><\/p>\n\n\n\n<p>Adem\u00e1s de haber sido integrante de diferentes\u00a0<strong>organizaciones sociales e ind\u00edgenas<\/strong>\u00a0como el C<strong>ongreso Nacional Ind\u00edgena<\/strong>,\u00a0<strong>Tequio Jur\u00eddico<\/strong>\u00a0A. C. y redes de abogadas y mujeres ind\u00edgenas, tambi\u00e9n es\u00a0<strong>docente<\/strong>\u00a0de licenciatura y posgrado en<strong>\u00a0derecho ind\u00edgena<\/strong>\u00a0en diversas universidades como la\u00a0<strong>UNAM<\/strong>\u00a0y la\u00a0<strong>Universidad Rosario Castellanos<\/strong>.<\/p>\n\n\n\n<p>Fuente: <a href=\"https:\/\/www.angulo7.com.mx\/2023\/12\/15\/larisa-ortiz-primera-mujer-indigena-poblana-en-presidir-tribunal-agrario\/\">https:\/\/www.angulo7.com.mx\/2023\/12\/15\/larisa-ortiz-primera-mujer-indigena-poblana-en-presidir-tribunal-agrario\/<\/a><\/p>\n","protected":false},"excerpt":{"rendered":"<p>MARISA HIGUERA CORT\u00c9S \/ \u00c1NGULO 7 Larisa Ortiz Quintero, ind\u00edgena nahua de la\u00a0mixteca poblana\u00a0y jurista comprometida con los\u00a0derechos ind\u00edgenas y [&hellip;]<\/p>\n","protected":false},"author":1,"featured_media":64819,"comment_status":"open","ping_status":"open","sticky":false,"template":"","format":"standard","meta":{"site-sidebar-layout":"default","site-content-layout":"","ast-site-content-layout":"default","site-content-style":"default","site-sidebar-style":"default","ast-global-header-display":"","ast-banner-title-visibility":"","ast-main-header-display":"","ast-hfb-above-header-display":"","ast-hfb-below-header-display":"","ast-hfb-mobile-header-display":"","site-post-title":"","ast-breadcrumbs-content":"","ast-featured-img":"","footer-sml-layout":"","theme-transparent-header-meta":"","adv-header-id-meta":"","stick-header-meta":"","header-above-stick-meta":"","header-main-stick-meta":"","header-below-stick-meta":"","astra-migrate-meta-layouts":"default","ast-page-background-enabled":"default","ast-page-background-meta":{"desktop":{"background-color":"var(--ast-global-color-4)","background-image":"","background-repeat":"repeat","background-position":"center center","background-size":"auto","background-attachment":"scroll","background-type":"","background-media":"","overlay-type":"","overlay-color":"","overlay-opacity":"","overlay-gradient":""},"tablet":{"background-color":"","background-image":"","background-repeat":"repeat","background-position":"center center","background-size":"auto","background-attachment":"scroll","background-type":"","background-media":"","overlay-type":"","overlay-color":"","overlay-opacity":"","overlay-gradient":""},"mobile":{"background-color":"","background-image":"","background-repeat":"repeat","background-position":"center center","background-size":"auto","background-attachment":"scroll","background-type":"","background-media":"","overlay-type":"","overlay-color":"","overlay-opacity":"","overlay-gradient":""}},"ast-content-background-meta":{"desktop":{"background-color":"var(--ast-global-color-5)","background-image":"","background-repeat":"repeat","background-position":"center center","background-size":"auto","background-attachment":"scroll","background-type":"","background-media":"","overlay-type":"","overlay-color":"","overlay-opacity":"","overlay-gradient":""},"tablet":{"background-color":"var(--ast-global-color-5)","background-image":"","background-repeat":"repeat","background-position":"center center","background-size":"auto","background-attachment":"scroll","background-type":"","background-media":"","overlay-type":"","overlay-color":"","overlay-opacity":"","overlay-gradient":""},"mobile":{"background-color":"var(--ast-global-color-5)","background-image":"","background-repeat":"repeat","background-position":"center center","background-size":"auto","background-attachment":"scroll","background-type":"","background-media":"","overlay-type":"","overlay-color":"","overlay-opacity":"","overlay-gradient":""}},"footnotes":""},"categories":[8],"tags":[20992,20993,6615,20991],"class_list":["post-64818","post","type-post","status-publish","format-standard","has-post-thumbnail","hentry","category-noticias","tag-indigena-nahua","tag-larisa-ortiz-quintero","tag-mixteca-poblana","tag-tribunal-superior-agrario"],"_links":{"self":[{"href":"https:\/\/losperiodistas.com.mx\/portal\/wp-json\/wp\/v2\/posts\/64818","targetHints":{"allow":["GET"]}}],"collection":[{"href":"https:\/\/losperiodistas.com.mx\/portal\/wp-json\/wp\/v2\/posts"}],"about":[{"href":"https:\/\/losperiodistas.com.mx\/portal\/wp-json\/wp\/v2\/types\/post"}],"author":[{"embeddable":true,"href":"https:\/\/losperiodistas.com.mx\/portal\/wp-json\/wp\/v2\/users\/1"}],"replies":[{"embeddable":true,"href":"https:\/\/losperiodistas.com.mx\/portal\/wp-json\/wp\/v2\/comments?post=64818"}],"version-history":[{"count":1,"href":"https:\/\/losperiodistas.com.mx\/portal\/wp-json\/wp\/v2\/posts\/64818\/revisions"}],"predecessor-version":[{"id":64820,"href":"https:\/\/losperiodistas.com.mx\/portal\/wp-json\/wp\/v2\/posts\/64818\/revisions\/64820"}],"wp:featuredmedia":[{"embeddable":true,"href":"https:\/\/losperiodistas.com.mx\/portal\/wp-json\/wp\/v2\/media\/64819"}],"wp:attachment":[{"href":"https:\/\/losperiodistas.com.mx\/portal\/wp-json\/wp\/v2\/media?parent=64818"}],"wp:term":[{"taxonomy":"category","embeddable":true,"href":"https:\/\/losperiodistas.com.mx\/portal\/wp-json\/wp\/v2\/categories?post=64818"},{"taxonomy":"post_tag","embeddable":true,"href":"https:\/\/losperiodistas.com.mx\/portal\/wp-json\/wp\/v2\/tags?post=64818"}],"curies":[{"name":"wp","href":"https:\/\/api.w.org\/{rel}","templated":true}]}}