{"id":64731,"date":"2023-12-14T10:25:07","date_gmt":"2023-12-14T16:25:07","guid":{"rendered":"http:\/\/losperiodistas.com.mx\/portal\/?p=64731"},"modified":"2023-12-14T10:25:09","modified_gmt":"2023-12-14T16:25:09","slug":"vacuna-contra-cancer-de-piel-podria-estar-disponible-en-2025-dice-director-ejecutivo-de-moderna-france-24","status":"publish","type":"post","link":"https:\/\/losperiodistas.com.mx\/portal\/vacuna-contra-cancer-de-piel-podria-estar-disponible-en-2025-dice-director-ejecutivo-de-moderna-france-24\/","title":{"rendered":"Vacuna contra c\u00e1ncer de piel podr\u00eda estar disponible en 2025, dice director ejecutivo de Moderna | France 24"},"content":{"rendered":"\n<figure class=\"wp-block-image size-full is-style-default\"><img fetchpriority=\"high\" decoding=\"async\" width=\"980\" height=\"551\" src=\"https:\/\/losperiodistas.com.mx\/portal\/wp-content\/uploads\/2023\/12\/2f424c1c3d64ab16f388505ce37eb1aa82c1b987.jpg\" alt=\"\" class=\"wp-image-64732\" srcset=\"https:\/\/losperiodistas.com.mx\/portal\/wp-content\/uploads\/2023\/12\/2f424c1c3d64ab16f388505ce37eb1aa82c1b987.jpg 980w, https:\/\/losperiodistas.com.mx\/portal\/wp-content\/uploads\/2023\/12\/2f424c1c3d64ab16f388505ce37eb1aa82c1b987-300x169.jpg 300w, https:\/\/losperiodistas.com.mx\/portal\/wp-content\/uploads\/2023\/12\/2f424c1c3d64ab16f388505ce37eb1aa82c1b987-768x432.jpg 768w\" sizes=\"(max-width: 980px) 100vw, 980px\" \/><figcaption>Stephane Bancel, director ejecutivo de Moderna\u00a0\u00a9 Stefani Reynolds \/ AFP\/Archivos<\/figcaption><\/figure>\n\n\n\n<p class=\"has-vivid-red-color has-text-color has-medium-font-size\"><strong>FRANCE 24<\/strong><\/p>\n\n\n\n<p><em>Washington (AFP) \u2013\u00a0<\/em>El director general de Moderna, St\u00e9phane Bancel, dijo a la AFP que la vacuna experimental contra el melanoma que elabor\u00f3 su compa\u00f1\u00eda podr\u00eda estar disponible en tan solo dos a\u00f1os, lo que supondr\u00eda un paso hist\u00f3rico contra la forma m\u00e1s grave de c\u00e1ncer de piel.<\/p>\n\n\n\n<p>Se estima que en 2020 se produjeron a nivel mundial 325.000 nuevos casos y 57.000 muertes por la enfermedad.<\/p>\n\n\n\n<p>\u00abCreemos que en algunos pa\u00edses el producto podr\u00eda lanzarse con aprobaci\u00f3n acelerada hacia 2025\u00bb, afirm\u00f3 en una entrevista.<\/p>\n\n\n\n<p>A diferencia de las convencionales, las llamadas vacunas terap\u00e9uticas tratan una enfermedad en lugar de prevenirla. Pero tambi\u00e9n act\u00faan entrenando al sistema inmunol\u00f3gico del cuerpo humano contra el agente invasor.<\/p>\n\n\n\n<p>Las vacunas terap\u00e9uticas representan hoy una verdadera esperanza en oncolog\u00eda, una \u00abinmunoterapia 2.0\u00bb, seg\u00fan Bancel.<\/p>\n\n\n\n<p>Los proyectos de Moderna recibieron un impulso el jueves con los \u00faltimos resultados de los ensayos cl\u00ednicos, que muestran una mejora en las posibilidades de supervivencia gracias a la vacuna.<\/p>\n\n\n\n<p>La tecnolog\u00eda utilizada es el ARN mensajero (ARNm), que demostr\u00f3 ser muy eficaz contra las formas graves de covid-19.<\/p>\n\n\n\n<p>En un estudio en el que participaron 157 personas con melanoma avanzado, la vacuna de Moderna, en combinaci\u00f3n con el f\u00e1rmaco de inmunoterapia Keytruda de Merck, redujo el riesgo de recurrencia o muerte en un 49% durante un per\u00edodo de tres a\u00f1os, en comparaci\u00f3n con la administraci\u00f3n \u00fanicamente de Keytruda.<\/p>\n\n\n\n<p>En 2022 Moderna ya hab\u00eda anunciado resultados de seguimiento de dos a\u00f1os que mostraron una reducci\u00f3n del riesgo del 44%.<\/p>\n\n\n\n<p>\u00abLa diferencia en la supervivencia est\u00e1 creciendo. Cuanto m\u00e1s pasa el tiempo, m\u00e1s se ve esa ventaja\u00bb, dijo Bancel, se\u00f1alando que la tasa de efectos secundarios no hab\u00eda aumentado.<\/p>\n\n\n\n<p>\u00abTenemos una de cada dos personas, en comparaci\u00f3n con el mejor producto del mercado, que sobrevive\u00bb, afirm\u00f3, \u00ablo cual en oncolog\u00eda es enorme\u00bb.<\/p>\n\n\n\n<h2 class=\"wp-block-heading\">En busca de una aprobaci\u00f3n temprana<\/h2>\n\n\n\n<p>Los ensayos cl\u00ednicos existentes podr\u00edan constituir as\u00ed la base para la aprobaci\u00f3n condicional de la vacuna, conocida por ahora como ARNm-4157, afirm\u00f3 Bancel.<\/p>\n\n\n\n<p>En este escenario, un estudio m\u00e1s amplio, de \u00abfase 3\u00bb, en el que participar\u00e1n mil personas y que Moderna estar\u00e1 llevando a cabo en 2024, podr\u00eda confirmar la autorizaci\u00f3n condicional anterior.<\/p>\n\n\n\n<p>Tanto la Administraci\u00f3n de Alimentos y Medicamentos de Estados Unidos (FDA, por su sigla en ingl\u00e9s) como la Agencia Europea de Medicamentos han colocado la terapia en una v\u00eda de revisi\u00f3n acelerada.<\/p>\n\n\n\n<p>El desarrollo de la vacuna comienza con la secuenciaci\u00f3n del genoma del tumor de cada paciente y la identificaci\u00f3n de mutaciones espec\u00edficas para codificar.<\/p>\n\n\n\n<p>Se trata, en consecuencia, de un ejemplo de medicina \u00abindividualizada\u00bb adaptada \u00abs\u00f3lo a la persona tratada\u00bb, afirm\u00f3 Bancel.<\/p>\n\n\n\n<p>Para prepararse para el lanzamiento de la vacuna al mercado, Moderna est\u00e1 construyendo una nueva f\u00e1brica en Massachusetts para tener un suministro abundante, un requisito de la FDA.<\/p>\n\n\n\n<p>La compa\u00f1\u00eda tambi\u00e9n anunci\u00f3 el lunes el comienzo de un ensayo de \u00abfase 3\u00bb para una vacuna de ARNm contra el c\u00e1ncer de pulm\u00f3n y est\u00e1 estudiando otros tipos de tumores.<\/p>\n\n\n\n<p>La esperanza de Bancel es combinar estas vacunas contra el c\u00e1ncer con \u00abbiopsias l\u00edquidas\u00bb, pruebas innovadoras que detectan signos de tumores a trav\u00e9s de an\u00e1lisis de sangre, y que han comenzado a estar disponibles en Estados Unidos.<\/p>\n\n\n\n<p>Cuanto m\u00e1s r\u00e1pido se pueda detectar el c\u00e1ncer, mejor funcionar\u00e1n los nuevos medicamentos de Moderna, piensa Bancel.<\/p>\n\n\n\n<p>Otras empresas, como BioNTech, tambi\u00e9n est\u00e1n trabajando en vacunas terap\u00e9uticas individualizadas contra el c\u00e1ncer.<\/p>\n\n\n\n<p>\u00a9 2023 AFP<\/p>\n\n\n\n<p>Fuente: <a href=\"https:\/\/www.france24.com\/es\/minuto-a-minuto\/20231214-vacuna-contra-c%C3%A1ncer-de-piel-podr%C3%ADa-estar-disponible-en-2025-dice-director-ejecutivo-de-moderna\">https:\/\/www.france24.com\/es\/minuto-a-minuto\/20231214-vacuna-contra-c%C3%A1ncer-de-piel-podr%C3%ADa-estar-disponible-en-2025-dice-director-ejecutivo-de-moderna<\/a><\/p>\n","protected":false},"excerpt":{"rendered":"<p>FRANCE 24 Washington (AFP) \u2013\u00a0El director general de Moderna, St\u00e9phane Bancel, dijo a la AFP que la vacuna experimental contra [&hellip;]<\/p>\n","protected":false},"author":1,"featured_media":64732,"comment_status":"open","ping_status":"open","sticky":false,"template":"","format":"standard","meta":{"site-sidebar-layout":"default","site-content-layout":"","ast-site-content-layout":"default","site-content-style":"default","site-sidebar-style":"default","ast-global-header-display":"","ast-banner-title-visibility":"","ast-main-header-display":"","ast-hfb-above-header-display":"","ast-hfb-below-header-display":"","ast-hfb-mobile-header-display":"","site-post-title":"","ast-breadcrumbs-content":"","ast-featured-img":"","footer-sml-layout":"","theme-transparent-header-meta":"","adv-header-id-meta":"","stick-header-meta":"","header-above-stick-meta":"","header-main-stick-meta":"","header-below-stick-meta":"","astra-migrate-meta-layouts":"default","ast-page-background-enabled":"default","ast-page-background-meta":{"desktop":{"background-color":"var(--ast-global-color-4)","background-image":"","background-repeat":"repeat","background-position":"center center","background-size":"auto","background-attachment":"scroll","background-type":"","background-media":"","overlay-type":"","overlay-color":"","overlay-opacity":"","overlay-gradient":""},"tablet":{"background-color":"","background-image":"","background-repeat":"repeat","background-position":"center center","background-size":"auto","background-attachment":"scroll","background-type":"","background-media":"","overlay-type":"","overlay-color":"","overlay-opacity":"","overlay-gradient":""},"mobile":{"background-color":"","background-image":"","background-repeat":"repeat","background-position":"center center","background-size":"auto","background-attachment":"scroll","background-type":"","background-media":"","overlay-type":"","overlay-color":"","overlay-opacity":"","overlay-gradient":""}},"ast-content-background-meta":{"desktop":{"background-color":"var(--ast-global-color-5)","background-image":"","background-repeat":"repeat","background-position":"center center","background-size":"auto","background-attachment":"scroll","background-type":"","background-media":"","overlay-type":"","overlay-color":"","overlay-opacity":"","overlay-gradient":""},"tablet":{"background-color":"var(--ast-global-color-5)","background-image":"","background-repeat":"repeat","background-position":"center center","background-size":"auto","background-attachment":"scroll","background-type":"","background-media":"","overlay-type":"","overlay-color":"","overlay-opacity":"","overlay-gradient":""},"mobile":{"background-color":"var(--ast-global-color-5)","background-image":"","background-repeat":"repeat","background-position":"center center","background-size":"auto","background-attachment":"scroll","background-type":"","background-media":"","overlay-type":"","overlay-color":"","overlay-opacity":"","overlay-gradient":""}},"footnotes":""},"categories":[8],"tags":[20961,20960,20962],"class_list":["post-64731","post","type-post","status-publish","format-standard","has-post-thumbnail","hentry","category-noticias","tag-cancer-de-piel","tag-moderna-laboratorios","tag-vacunas-arnm"],"_links":{"self":[{"href":"https:\/\/losperiodistas.com.mx\/portal\/wp-json\/wp\/v2\/posts\/64731","targetHints":{"allow":["GET"]}}],"collection":[{"href":"https:\/\/losperiodistas.com.mx\/portal\/wp-json\/wp\/v2\/posts"}],"about":[{"href":"https:\/\/losperiodistas.com.mx\/portal\/wp-json\/wp\/v2\/types\/post"}],"author":[{"embeddable":true,"href":"https:\/\/losperiodistas.com.mx\/portal\/wp-json\/wp\/v2\/users\/1"}],"replies":[{"embeddable":true,"href":"https:\/\/losperiodistas.com.mx\/portal\/wp-json\/wp\/v2\/comments?post=64731"}],"version-history":[{"count":1,"href":"https:\/\/losperiodistas.com.mx\/portal\/wp-json\/wp\/v2\/posts\/64731\/revisions"}],"predecessor-version":[{"id":64733,"href":"https:\/\/losperiodistas.com.mx\/portal\/wp-json\/wp\/v2\/posts\/64731\/revisions\/64733"}],"wp:featuredmedia":[{"embeddable":true,"href":"https:\/\/losperiodistas.com.mx\/portal\/wp-json\/wp\/v2\/media\/64732"}],"wp:attachment":[{"href":"https:\/\/losperiodistas.com.mx\/portal\/wp-json\/wp\/v2\/media?parent=64731"}],"wp:term":[{"taxonomy":"category","embeddable":true,"href":"https:\/\/losperiodistas.com.mx\/portal\/wp-json\/wp\/v2\/categories?post=64731"},{"taxonomy":"post_tag","embeddable":true,"href":"https:\/\/losperiodistas.com.mx\/portal\/wp-json\/wp\/v2\/tags?post=64731"}],"curies":[{"name":"wp","href":"https:\/\/api.w.org\/{rel}","templated":true}]}}