{"id":64250,"date":"2023-12-06T09:31:00","date_gmt":"2023-12-06T15:31:00","guid":{"rendered":"http:\/\/losperiodistas.com.mx\/portal\/?p=64250"},"modified":"2023-12-06T12:31:27","modified_gmt":"2023-12-06T18:31:27","slug":"opinion-diciembre-para-impulsar-el-turismo-local","status":"publish","type":"post","link":"https:\/\/losperiodistas.com.mx\/portal\/opinion-diciembre-para-impulsar-el-turismo-local\/","title":{"rendered":"Opini\u00f3n | Diciembre para impulsar el turismo local"},"content":{"rendered":"\n<p><\/p>\n\n\n\n<p><\/p>\n\n\n\n<p class=\"has-vivid-red-color has-text-color\" style=\"font-size:26px\"><strong><em>Por Fernando Manzanilla Prieto<\/em><\/strong><\/p>\n\n\n\n<p>Las fiestas decembrinas son un momento especial del a\u00f1o, lleno de tradiciones, alegr\u00eda y la oportunidad de crear recuerdos duraderos con nuestros seres queridos. En este sentido, es que muchas familias optan por aprovechar los d\u00edas de asueto para salir de la ciudad y visitar alg\u00fan nuevo sitio.<\/p>\n\n\n\n<p>En lugar de buscar destinos lejanos, este periodo festivo puede ser la ocasi\u00f3n perfecta para redescubrir y apreciar las maravillas que ofrece nuestro propio entorno local, como puede ser el \u201cturistear\u201d en alguno de los Pueblos M\u00e1gicos con los que cuenta el estado.<\/p>\n\n\n\n<p>Afortunadamente vivimos en un lugar privilegiado por la naturaleza, la cultura, el arte y muchos m\u00e1s atributos, lo cual nos permite tener una amplia variedad de opciones de sitios a visitar, adem\u00e1s de los 12 Pueblos M\u00e1gicos de la entidad: Atlixco, Chignahuapan, Cholula, Cuetzalan, Huauchinango, Huejotzingo, Pahuatl\u00e1n, Tetela de Ocampo, Teziutl\u00e1n, Tlatlauquitepec, Xicotepec y Zacatl\u00e1n de las Manzanas.<\/p>\n\n\n\n<p>Y es que debemos tener presente que optar por destinos locales durante estas celebraciones no solo enriquece las experiencias individuales y contribuye al fortalecimiento de la comunidad, sino que tambi\u00e9n impulsa la econom\u00eda regional.<\/p>\n\n\n\n<p>A menudo, no conocemos muchas de las \u201cjoyas\u201d que cotidianamente se encuentran cerca de nuestro entorno, por ello estos momentos de esparcimiento se convierten en la ocasi\u00f3n perfecta para descubrir lugares locales menos conocidos, como parques, senderos naturales, galer\u00edas de arte y peque\u00f1os museos.<\/p>\n\n\n\n<p>Aunado a ello el vacacionar localmente permite a las personas conectarse m\u00e1s profundamente con su propia comunidad y ra\u00edces, lo cual adem\u00e1s promueve un sentido de pertenencia, ya que puede enriquecerse e involucrarse de manera directa en eventos locales, festivales y tradiciones culturales.<\/p>\n\n\n\n<p>No podemos olvidar que el ir a alguno de los pueblos del estado, tambi\u00e9n es una fant\u00e1stica oportunidad para disfrutar de la vasta gastronom\u00eda de la cocina poblana, que nos ofrece un sinf\u00edn de manjares para todos los paladares y presupuestos.<\/p>\n\n\n\n<p>Tambi\u00e9n debemos de considerar que muchos peque\u00f1os negocios locales dependen en gran medida de las ventas durante esta temporada, por lo que, al elegir comprar o consumir productos locales, se est\u00e1 contribuyendo directamente al crecimiento de la econom\u00eda regional. Esto no solo beneficia a los empresarios locales, sino que tambi\u00e9n crea un impacto positivo en la comunidad en su conjunto.<\/p>\n\n\n\n<p>Tampoco puede escapar de nuestro radar el que al evitar viajar largas distancias reducimos la huella de carbono y con ello contribuimos a la sostenibilidad ambiental. Esto tambi\u00e9n ayuda a preservar los recursos naturales locales y a mantener la belleza de la regi\u00f3n para las generaciones futuras.<\/p>\n\n\n\n<p>Es por ello que mi llamado a las familias poblanas es que, si estos d\u00edas tienen pensado salir de vacaciones o est\u00e1n planeando una escapada, consideren como una buena opci\u00f3n las comunidades del estado o incluso nuestros Pueblos M\u00e1gicos.<\/p>\n\n\n\n<p>Vemos que promover el turismo local durante estas fiestas decembrinas va m\u00e1s all\u00e1 de la simple elecci\u00f3n de destino. Es una declaraci\u00f3n de apoyo a la comunidad, una inversi\u00f3n en el bienestar econ\u00f3mico y cultural, y una oportunidad para fortalecer los lazos que nos unen como sociedad.<\/p>\n","protected":false},"excerpt":{"rendered":"<p>Por Fernando Manzanilla Prieto Las fiestas decembrinas son un momento especial del a\u00f1o, lleno de tradiciones, alegr\u00eda y la oportunidad [&hellip;]<\/p>\n","protected":false},"author":1,"featured_media":64251,"comment_status":"open","ping_status":"open","sticky":false,"template":"","format":"standard","meta":{"site-sidebar-layout":"default","site-content-layout":"","ast-site-content-layout":"default","site-content-style":"default","site-sidebar-style":"default","ast-global-header-display":"","ast-banner-title-visibility":"","ast-main-header-display":"","ast-hfb-above-header-display":"","ast-hfb-below-header-display":"","ast-hfb-mobile-header-display":"","site-post-title":"","ast-breadcrumbs-content":"","ast-featured-img":"","footer-sml-layout":"","theme-transparent-header-meta":"","adv-header-id-meta":"","stick-header-meta":"","header-above-stick-meta":"","header-main-stick-meta":"","header-below-stick-meta":"","astra-migrate-meta-layouts":"default","ast-page-background-enabled":"default","ast-page-background-meta":{"desktop":{"background-color":"var(--ast-global-color-4)","background-image":"","background-repeat":"repeat","background-position":"center center","background-size":"auto","background-attachment":"scroll","background-type":"","background-media":"","overlay-type":"","overlay-color":"","overlay-opacity":"","overlay-gradient":""},"tablet":{"background-color":"","background-image":"","background-repeat":"repeat","background-position":"center center","background-size":"auto","background-attachment":"scroll","background-type":"","background-media":"","overlay-type":"","overlay-color":"","overlay-opacity":"","overlay-gradient":""},"mobile":{"background-color":"","background-image":"","background-repeat":"repeat","background-position":"center center","background-size":"auto","background-attachment":"scroll","background-type":"","background-media":"","overlay-type":"","overlay-color":"","overlay-opacity":"","overlay-gradient":""}},"ast-content-background-meta":{"desktop":{"background-color":"var(--ast-global-color-5)","background-image":"","background-repeat":"repeat","background-position":"center center","background-size":"auto","background-attachment":"scroll","background-type":"","background-media":"","overlay-type":"","overlay-color":"","overlay-opacity":"","overlay-gradient":""},"tablet":{"background-color":"var(--ast-global-color-5)","background-image":"","background-repeat":"repeat","background-position":"center center","background-size":"auto","background-attachment":"scroll","background-type":"","background-media":"","overlay-type":"","overlay-color":"","overlay-opacity":"","overlay-gradient":""},"mobile":{"background-color":"var(--ast-global-color-5)","background-image":"","background-repeat":"repeat","background-position":"center center","background-size":"auto","background-attachment":"scroll","background-type":"","background-media":"","overlay-type":"","overlay-color":"","overlay-opacity":"","overlay-gradient":""}},"footnotes":""},"categories":[24,8],"tags":[5075,20802],"class_list":["post-64250","post","type-post","status-publish","format-standard","has-post-thumbnail","hentry","category-fernando-manzanilla","category-noticias","tag-pueblos-magicos","tag-turismo-pueba"],"_links":{"self":[{"href":"https:\/\/losperiodistas.com.mx\/portal\/wp-json\/wp\/v2\/posts\/64250","targetHints":{"allow":["GET"]}}],"collection":[{"href":"https:\/\/losperiodistas.com.mx\/portal\/wp-json\/wp\/v2\/posts"}],"about":[{"href":"https:\/\/losperiodistas.com.mx\/portal\/wp-json\/wp\/v2\/types\/post"}],"author":[{"embeddable":true,"href":"https:\/\/losperiodistas.com.mx\/portal\/wp-json\/wp\/v2\/users\/1"}],"replies":[{"embeddable":true,"href":"https:\/\/losperiodistas.com.mx\/portal\/wp-json\/wp\/v2\/comments?post=64250"}],"version-history":[{"count":1,"href":"https:\/\/losperiodistas.com.mx\/portal\/wp-json\/wp\/v2\/posts\/64250\/revisions"}],"predecessor-version":[{"id":64252,"href":"https:\/\/losperiodistas.com.mx\/portal\/wp-json\/wp\/v2\/posts\/64250\/revisions\/64252"}],"wp:featuredmedia":[{"embeddable":true,"href":"https:\/\/losperiodistas.com.mx\/portal\/wp-json\/wp\/v2\/media\/64251"}],"wp:attachment":[{"href":"https:\/\/losperiodistas.com.mx\/portal\/wp-json\/wp\/v2\/media?parent=64250"}],"wp:term":[{"taxonomy":"category","embeddable":true,"href":"https:\/\/losperiodistas.com.mx\/portal\/wp-json\/wp\/v2\/categories?post=64250"},{"taxonomy":"post_tag","embeddable":true,"href":"https:\/\/losperiodistas.com.mx\/portal\/wp-json\/wp\/v2\/tags?post=64250"}],"curies":[{"name":"wp","href":"https:\/\/api.w.org\/{rel}","templated":true}]}}