{"id":64039,"date":"2023-12-02T10:15:32","date_gmt":"2023-12-02T16:15:32","guid":{"rendered":"http:\/\/losperiodistas.com.mx\/portal\/?p=64039"},"modified":"2023-12-02T10:16:30","modified_gmt":"2023-12-02T16:16:30","slug":"amlo-llega-al-quinto-ano-de-gobierno-alejado-de-la-gente-y-con-tareas-pendientes-expansion-politica","status":"publish","type":"post","link":"https:\/\/losperiodistas.com.mx\/portal\/amlo-llega-al-quinto-ano-de-gobierno-alejado-de-la-gente-y-con-tareas-pendientes-expansion-politica\/","title":{"rendered":"AMLO llega al quinto a\u00f1o de gobierno alejado de la gente y con tareas pendientes | Expansi\u00f3n Pol\u00edtica"},"content":{"rendered":"\n<p class=\"has-white-color has-vivid-red-background-color has-text-color has-background has-medium-font-size\">En la recta final de su gobierno, el presidente Andr\u00e9s Manuel L\u00f3pez Obrador ha optado por m\u00e1s eventos controlados para evitar la confrontaci\u00f3n social, sobre todo en momentos de crisis.<\/p>\n\n\n\n<figure class=\"wp-block-image size-large is-style-default\"><img fetchpriority=\"high\" decoding=\"async\" width=\"1024\" height=\"536\" src=\"https:\/\/losperiodistas.com.mx\/portal\/wp-content\/uploads\/2023\/12\/descarga-1024x536.jpg\" alt=\"\" class=\"wp-image-64040\" srcset=\"https:\/\/losperiodistas.com.mx\/portal\/wp-content\/uploads\/2023\/12\/descarga-1024x536.jpg 1024w, https:\/\/losperiodistas.com.mx\/portal\/wp-content\/uploads\/2023\/12\/descarga-300x157.jpg 300w, https:\/\/losperiodistas.com.mx\/portal\/wp-content\/uploads\/2023\/12\/descarga-768x402.jpg 768w, https:\/\/losperiodistas.com.mx\/portal\/wp-content\/uploads\/2023\/12\/descarga.jpg 1200w\" sizes=\"(max-width: 1024px) 100vw, 1024px\" \/><figcaption>Este 1 de diciembre, Andr\u00e9s Manuel L\u00f3pez Obrador cumpli\u00f3 cinco a\u00f1os del inicio de su gobierno y deber\u00e1 entregar el cargo el 1 de de octubre del 2024.\u00a0(Fotos: Cuartoscuro)<\/figcaption><\/figure>\n\n\n\n<p>LIDIA ARISTA \/ EXPANSI\u00d3N POL\u00cdTICA<\/p>\n\n\n\n<p>A unas horas de asumir como presidente de la Rep\u00fablica,&nbsp;<strong>Andr\u00e9s Manuel L\u00f3pez Obrador<\/strong>&nbsp;realiz\u00f3 su primer viaje en un vuelo comercial. Minutos despu\u00e9s de las 14:00 horas del 2 de diciembre de 2018 lleg\u00f3 a las instalaciones del Aeropuerto Internacional de la Ciudad de M\u00e9xico (AICM) en donde ciudadanos se acercaron para saludarle y tomarse fotograf\u00edas. Visiblemente contento, el pol\u00edtico los atendi\u00f3 y escuch\u00f3 sus peticiones ante de dirigirse a Veracruz.<\/p>\n\n\n\n<p>La anterior es una postal lejana del presidente n\u00famero 65 de la historia y no por los 60 meses que han pasado, sino porque en<strong>&nbsp;la recta final del sexenio se ve a un presidente m\u00e1s lejano de los ciudadanos.<\/strong><\/p>\n\n\n\n<p>Para polit\u00f3logos, esto es normal en la recta final del sexenio por el desgaste natural del ejercicio de gobierno y por ello el presidente prefiere entornos seguros y controlados que le eviten el reclamo social y la confrontaci\u00f3n.<\/p>\n\n\n\n<p>A diferencia de hace cinco a\u00f1os, el presidente hoy prefiere los vuelos en aeronaves de la Fuerza A\u00e9rea Mexicana, ya no viaja en aerol\u00edneas comerciales, apuesta m\u00e1s a reuniones privadas y recorridos controlados a aquellos eventos multitudinarios donde se &#8216;placeaba&#8217; con el pueblo.<\/p>\n\n\n\n<p>\u201cEs el desgaste natural de un gobierno lo que estamos viendo cuando observamos a un presidente que poco a poco o mucho a mucho, se va aislando y generando un entorno que le garantice seguridad\u201d, explica Salvador Mora, profesor del Centro de Estudios Pol\u00edticos de la Universidad Nacional Aut\u00f3noma de M\u00e9xico (UNAM).<\/p>\n\n\n\n<h3 class=\"wp-block-heading\">Te recomendamos:<\/h3>\n\n\n\n<figure class=\"wp-block-image is-style-default\"><a href=\"https:\/\/politica.expansion.mx\/mexico\/2019\/06\/11\/baja-popularidad-de-amlo-pero-mantiene-amplio-apoyo-encuesta?utm_source=internal&amp;utm_medium=branded\" target=\"_blank\" rel=\"noreferrer noopener\"><img decoding=\"async\" src=\"https:\/\/cdn-3.expansion.mx\/dims4\/default\/e82c9fb\/2147483647\/strip\/true\/crop\/1192x672+4+71\/resize\/172x97!\/format\/webp\/quality\/60\/?url=https%3A%2F%2Fcdn-3.expansion.mx%2F68%2F4a%2F714418e8447ebdbbc31b296611c6%2F2019-06-10t171951z-181226677-rc15fd6ea0e0-rtrmadp-3-usa-trade-mexico-lopezobrador.jpg\" alt=\"La popularidad de AMLO \"\/><\/a><\/figure>\n\n\n\n<p><a href=\"https:\/\/politica.expansion.mx\/mexico\/2019\/06\/11\/baja-popularidad-de-amlo-pero-mantiene-amplio-apoyo-encuesta?utm_source=internal&amp;utm_medium=branded\" target=\"_blank\" rel=\"noreferrer noopener\">M\u00c9XICO<\/a><\/p>\n\n\n\n<h3 class=\"wp-block-heading\"><a href=\"https:\/\/politica.expansion.mx\/mexico\/2019\/06\/11\/baja-popularidad-de-amlo-pero-mantiene-amplio-apoyo-encuesta?utm_source=internal&amp;utm_medium=branded\" target=\"_blank\" rel=\"noreferrer noopener\">Baja popularidad de AMLO, pero mantiene amplio apoyo: encuesta<\/a><\/h3>\n\n\n\n<p>De manera particular, el presidente ha optado por evitar el contacto ciudadano en momentos de tragedias: la explosi\u00f3n de Tlahuelilpan, Hidalgo a principio de la administraci\u00f3n; la inundaci\u00f3n en Tabasco con el desfogue de una presa; el desborde del R\u00edo Tula, Hidalgo en el que murieron pacientes del IMSS y m\u00e1s recientemente, el paso del hurac\u00e1n Otis en Acapulco Guerrero. Aunque el presidente, tambi\u00e9n ha evadido reuniones con v\u00edctimas de la violencia como la familia LeBar\u00f3n o las madres de desaparecidos.<\/p>\n\n\n\n<p>\u201cCuando hay poblaci\u00f3n que est\u00e1 expuesta, el presidente no asoma la cara para acercarse al conflicto y ofrecer una salida.&nbsp;<strong>Es un presidente que reh\u00faye a la confrontaci\u00f3n con el pueblo<\/strong>, porque sabe que ah\u00ed hay un alto costo\u201d, agrega Mora.<\/p>\n\n\n\n<p>El presidente ha rehuido ya a la confrontaci\u00f3n y al malestar social que algunas veces enfrent\u00f3 cuando tom\u00f3 vuelos comerciales. \u201c\u00bfPor qu\u00e9 est\u00e1 usted destruyendo el pa\u00eds?\u201d, le dijo una mujer durante un vuelo de Ciudad de M\u00e9xico a Yucat\u00e1n en noviembre de 2022.<\/p>\n\n\n\n<p>Tambi\u00e9n su esposa Beatriz Guti\u00e9rrez M\u00fceller recibi\u00f3 cr\u00edticas mientras viajaba en vuelo comercial.<\/p>\n\n\n\n<figure class=\"wp-block-embed is-type-rich is-provider-twitter wp-block-embed-twitter\"><div class=\"wp-block-embed__wrapper\">\n<blockquote class=\"twitter-tweet\" data-width=\"500\" data-dnt=\"true\"><p lang=\"es\" dir=\"ltr\">El Presidente <a href=\"https:\/\/twitter.com\/lopezobrador_?ref_src=twsrc%5Etfw\">@lopezobrador_<\/a> dec\u00eda que se pone en riesgo si viaja en avion, pero hoy <a href=\"https:\/\/twitter.com\/BeatrizGMuller?ref_src=twsrc%5Etfw\">@BeatrizGMuller<\/a> viajo en primera clase a Canc\u00fan y a nombre de millones de mexicanos le expres\u00e9 la inconformidad a su intolerancia y el riesgo que representa a la democracia. <a href=\"https:\/\/twitter.com\/hashtag\/AMLOseVA?src=hash&amp;ref_src=twsrc%5Etfw\">#AMLOseVA<\/a> <a href=\"https:\/\/t.co\/QoySbtBDg7\">pic.twitter.com\/QoySbtBDg7<\/a><\/p>&mdash; Jos\u00e9 Eduardo Garc\u00eda (@joseeduardomx) <a href=\"https:\/\/twitter.com\/joseeduardomx\/status\/1275185564279623682?ref_src=twsrc%5Etfw\">June 22, 2020<\/a><\/blockquote><script async src=\"https:\/\/platform.twitter.com\/widgets.js\" charset=\"utf-8\"><\/script>\n<\/div><figcaption>Aunque no lo ha querido hablar de ello, el presidente cambi\u00f3 su traslado por el pa\u00eds de vuelos comerciales a aviones de la Fuerza A\u00e9rea y helic\u00f3pteros.<br>En los primeros a\u00f1os de su gobierno, \u00e9l sol\u00eda viajar de norte a sur en aerol\u00edneas comerciales junto a miembros de su Ayudant\u00eda y secretarios de Estado, incluso as\u00ed realiz\u00f3 su primer viaje a Estados Unidos para reunirse con Donald Trump.<br><br>LO \u00daLTIMO<br><a href=\"https:\/\/politica.expansion.mx\/presidencia\/2023\/12\/01\/amlo-inaugura-aeropuerto-de-tulum-desea-continuidad-con-cambio\">AMLO inaugura Aeropuerto de Tulum; desea continuidad con cambio<\/a><br><a href=\"https:\/\/politica.expansion.mx\/presidencia\/2023\/12\/01\/si-lo-piden-gobierno-puede-mediar-en-conflicto-de-nl-dice-amlo\">Si lo piden, Gobierno puede mediar en conflicto de NL, dice AMLO<\/a><br><a href=\"https:\/\/politica.expansion.mx\/presidencia\/2023\/12\/01\/amlo-segunda-terna-scjn\">Alcalde, Batres y Cruzvillegas, la segunda terna de AMLO para la Suprema Corte<\/a><br><br><br><strong>\u00abTomarse la fotograf\u00eda\u00bb<\/strong><br><br>El presidente sol\u00eda exaltar que pod\u00eda caminar entre la gente, sin embargo, cada vez menos se le ve acompa\u00f1ado de los ciudadanos. De acuerdo con el mandatario ha evitado ciertos recorridos para no caer en lo que hicieron otros gobiernos: ir solo a tomarse la fotograf\u00eda.<br>\u00ab\u00bfC\u00f3mo voy a venir aqu\u00ed para tomarme la foto?, ir a una colonia con unas botas que s\u00e9 que no me van a cubrir y que me voy a mojar para ir a entregar una despensa y que me tomen una foto. A lo mejor los que nunca han hecho eso, pues tienen que mostrarlo\u00bb, dijo respecto a la inundaci\u00f3n de Tabasco en el 2020, cuando su gobierno decidi\u00f3 inundar localidades pobres para evitar que se perjudicara a Villahermosa.<br>Conoce m\u00e1s:<br><a href=\"https:\/\/politica.expansion.mx\/presidencia\/2020\/11\/15\/amlo-reconoce-inundaron-zonas-pobres-para-proteger-villahermosa?utm_source=internal&amp;utm_medium=branded\"><\/a><br><a href=\"https:\/\/politica.expansion.mx\/presidencia\/2020\/11\/15\/amlo-reconoce-inundaron-zonas-pobres-para-proteger-villahermosa?utm_source=internal&amp;utm_medium=branded\">PRESIDENCIA<\/a><br><a href=\"https:\/\/politica.expansion.mx\/presidencia\/2020\/11\/15\/amlo-reconoce-inundaron-zonas-pobres-para-proteger-villahermosa?utm_source=internal&amp;utm_medium=branded\">AMLO reconoce que inundaron \u00abzonas m\u00e1s pobres\u00bb para proteger a Villahermosa<\/a><br>Para Azucena Rojas, profesora del Tecnol\u00f3gico de Monterrey, el presidente ha ca\u00eddo en algunos momentos de protagonismo, m\u00e1s que de ayuda a la gente que lo necesita.<br>\u00abA horas del pas\u00f3 Otis, m\u00e1s que llevar la ayuda, vimos un show del presidente. Es cierto que en el primer d\u00eda de la cat\u00e1strofe el presidente intento llegar por tierra a Acapulco, pero el difundir una fotograf\u00eda de un Jeep atascado en el lodo, fue un show. Un show para desviar la atenci\u00f3n de lo que realmente estaba pasando\u00bb, expone Rojas.<br><img decoding=\"async\" width=\"1200\" height=\"800\" srcset=\"https:\/\/cdn-3.expansion.mx\/dims4\/default\/9da4a63\/2147483647\/strip\/true\/crop\/360x240+0+0\/resize\/1200x800!\/format\/webp\/quality\/60\/?url=https%3A%2F%2Fcdn-3.expansion.mx%2F75%2F58%2F0e332115488b942dcd60041f8e77%2Famlo-otis.jpg 1x\" src=\"https:\/\/cdn-3.expansion.mx\/dims4\/default\/9da4a63\/2147483647\/strip\/true\/crop\/360x240+0+0\/resize\/1200x800!\/format\/webp\/quality\/60\/?url=https%3A%2F%2Fcdn-3.expansion.mx%2F75%2F58%2F0e332115488b942dcd60041f8e77%2Famlo-otis.jpg\" alt=\"AMLO Jeep Atascado\">El presidente Andr\u00e9s Manuel L\u00f3pez Obrador ha acusado que la oposici\u00f3n quisiera que la tragedia en Guerrero fuera mayor para culpar a su gobierno y sacar provecho.\u00a0(Foto: Cuartoscuro.)<br>Hace unos d\u00edas el presidente Andr\u00e9s Manuel L\u00f3pez Obrador explic\u00f3 por qu\u00e9 no hab\u00eda realizado actos para reunirse con los damnificados del hurac\u00e1n Otis: \u201cle mandan provocadores\u201d.<br>\u201cNo puedo exponerme, no es Andr\u00e9s Manuel; si se tratara de Andr\u00e9s Manuel, responder\u00eda yo como cuando est\u00e1bamos en la escuela, como cuando estaba yo estudiando en Tepetit\u00e1n, que hab\u00eda algo y dec\u00edamos: \u2018A la salida nos vemos\u2019. Pero, no,\u00a0<strong>soy el presidente de M\u00e9xico, tengo que cuidar la investidura presidencial<\/strong>. No soy Andr\u00e9s Manuel, soy el presidente y no puedo permitir que nadie me ningunee. O sea, prestarme, caer en una provocaci\u00f3n, que eso es lo que quieren\u201d, dijo el pasado 14 de noviembre.<br>Conoce m\u00e1s:<br><a href=\"https:\/\/politica.expansion.mx\/presidencia\/2023\/11\/15\/a-tres-semanas-del-huracan-otis-amlo-visita-acapulco-por-quinta-ocasion?utm_source=internal&amp;utm_medium=branded\" target=\"_blank\" rel=\"noreferrer noopener\"><\/a><br><a href=\"https:\/\/politica.expansion.mx\/presidencia\/2023\/11\/15\/a-tres-semanas-del-huracan-otis-amlo-visita-acapulco-por-quinta-ocasion?utm_source=internal&amp;utm_medium=branded\" target=\"_blank\" rel=\"noreferrer noopener\">PRESIDENCIA<\/a><br><a href=\"https:\/\/politica.expansion.mx\/presidencia\/2023\/11\/15\/a-tres-semanas-del-huracan-otis-amlo-visita-acapulco-por-quinta-ocasion?utm_source=internal&amp;utm_medium=branded\" target=\"_blank\" rel=\"noreferrer noopener\">A tres semanas del hurac\u00e1n Otis, AMLO visita Acapulco por quinta ocasi\u00f3n<\/a><br>Otro episodio se dio hace unos d\u00edas cuando se dispon\u00eda a inaugurar el Centro de Rehabilitaci\u00f3n Infantil Telet\u00f3n (CRIT) y donde Integrantes de la Coordinadora Nacional de Trabajadores de la Educaci\u00f3n (CNTE), que quer\u00edan entregarle un pliego petitorio, impidieron que el presidente pudiera llegar a la apertura de ese espacio ubicado en la Monta\u00f1a de Guerrero. Un d\u00eda despu\u00e9s, el mandatario federal acus\u00f3 a esos profesores de provocadores y estar ligados al exgobernador priista, H\u00e9ctor Astudillo.<br>\u201cNo iban con el prop\u00f3sito de hacer un planteamiento en busca de justicia, no, iban a provocar porque est\u00e1n muy desesperados\u201d,\u00a0<a href=\"https:\/\/politica.expansion.mx\/presidencia\/2023\/11\/27\/amlo-acusa-que-maestros-de-guerrero-iban-a-provocar-y-no-a-pedir-justicia\">consider\u00f3<\/a>\u00a0el mandatario.<br>Opositores y ciudadanos han reclamado c\u00f3mo a pesar de ser presidente de la Rep\u00fablica se reuni\u00f3 con Consuelo, madre del narcotraficante Joaqu\u00edn \u201cEl Chapo\u201d Guzm\u00e1n y no con las v\u00edctimas de la violencia.<br>\u00abYo s\u00e9 que a lo mejor no somos tan importantes para usted o no est\u00e1 aqu\u00ed la mam\u00e1 de \u2018el Chapo\u2019, \u00bfno?, pero que nosotros s\u00ed es necesario que conozca nuestro sentir; o sea, por qu\u00e9 la lucha de venir a decirle que nuestros casos est\u00e1n en la impunidad\u00bb, dijo Jorge S\u00e1nchez, hijo del periodista asesinado de Veracruz, Mois\u00e9s S\u00e1nchez.<br>LO M\u00c1S VISTO<br><a href=\"https:\/\/expansion.mx\/mercadotecnia\/2023\/11\/30\/grupo-modelo-oxxo-didi-consumo-responsable-de-alcohol\">Grupo Modelo, OXXO y DiDi promueven consumo responsable de alcohol<\/a><br><a href=\"https:\/\/politica.expansion.mx\/estados\/2023\/11\/30\/quien-es-luis-enrique-orozco-suarez-gobernador-interino-en-nuevo-leon\">\u00bfQui\u00e9n es Luis Enrique Orozco Su\u00e1rez, gobernador interino en Nuevo Le\u00f3n?<\/a><br><a href=\"https:\/\/expansion.mx\/economia\/2023\/11\/30\/sat-registra-descargas-factura-sat-movil-2023\">Factura SAT M\u00f3vil registra m\u00e1s de 167,000 descargas<\/a><br><a href=\"https:\/\/expansion.mx\/mundo\/2023\/11\/30\/nayib-bukele-pedira-una-licencia-para-buscar-la-reeleccion\">Nayib Bukele pedir\u00e1 una licencia para buscar la reelecci\u00f3n<\/a><br><br><br><br><strong>Cambio de agenda<\/strong><br><br>Mientras en el arranque de su sexenio todos los fines de semana sol\u00eda recorrer el pa\u00eds y encabezar varios eventos p\u00fablicos, ahora la agenda del mandatario federal est\u00e1 pr\u00e1cticamente compuesta de asuntos privados. Ya sea recorridos por el Tren Maya, evaluaci\u00f3n de obras como el Tren Interoce\u00e1nico, o reuniones con autoridades, ya hay poca asistencia de simpatizantes del mandatario federal.<br>El presidente prefiere mantener su comunicaci\u00f3n con los ciudadanos a trav\u00e9s de \u201cLa ma\u00f1anera\u201d y en redes sociales.<br><img decoding=\"async\" width=\"1200\" height=\"800\" srcset=\"https:\/\/cdn-3.expansion.mx\/dims4\/default\/152f92a\/2147483647\/strip\/true\/crop\/3000x2000+0+0\/resize\/1200x800!\/format\/webp\/quality\/60\/?url=https%3A%2F%2Fcdn-3.expansion.mx%2F52%2Fbe%2Fe8a205584d47aebd1545c7da8873%2Famlo-sobrevuelos.jpg 1x\" src=\"https:\/\/cdn-3.expansion.mx\/dims4\/default\/152f92a\/2147483647\/strip\/true\/crop\/3000x2000+0+0\/resize\/1200x800!\/format\/webp\/quality\/60\/?url=https%3A%2F%2Fcdn-3.expansion.mx%2F52%2Fbe%2Fe8a205584d47aebd1545c7da8873%2Famlo-sobrevuelos.jpg\" alt=\"AMLO Sobrevuelo Tren Maya-1.jpg\">El presidente Andr\u00e9s Manuel L\u00f3pez Obrador ha optado por el uso de aviones y helic\u00f3pteros de la Fuerza A\u00e9rea.\u00a0(Foto: Cuartoscuro.)<br>\u201cEsto forma parte de una narrativa en la cual todas las ma\u00f1anas \u00e9l asume que su ma\u00f1anera es el mejor reflejo de un contacto directo con el pueblo&#8230; Al presidente yo lo veo m\u00e1s en una din\u00e1mica de ir cuidando el resultado de esa narrativa que \u00e9l ha ido constituyendo en el que el pueblo, concepto en el que a modo de saco, mete a un ficticio 99% de la poblaci\u00f3n del pa\u00eds , lo apoya, y 1% de la poblaci\u00f3n excluida de su narrativa\u201d, refiere Mora.<br>A decir de los expertos, el presidente no quiere poner en riesgo su liderazgo ni la aprobaci\u00f3n que casi cada semana suele presumir a trav\u00e9s de la encuesta de Morning Consult que lo ubica como el segundo jefe de Estado mejor evaluado en el mundo.<\/figcaption><\/figure>\n\n\n\n<figure class=\"wp-block-embed is-type-rich is-provider-twitter wp-block-embed-twitter\"><div class=\"wp-block-embed__wrapper\">\n<blockquote class=\"twitter-tweet\" data-width=\"500\" data-dnt=\"true\"><p lang=\"tl\" dir=\"ltr\">NEW: Global Leader Approval: *Among all adults<br><br>Modi: 77%<br>L\u00f3pez Obrador: 63%<br>Lula da Silva: 52%<br>Albanese: 47%<br>Meloni: 43%<br>Biden: 38%<br>S\u00e1nchez: 37%<br>Trudeau: 31%<br>Sunak: 27%<br>Macron: 23%<br>Scholz: 22%<br><br>*Updated 11\/30\/23<a href=\"https:\/\/t.co\/Qxc6HbMnoC\">https:\/\/t.co\/Qxc6HbMnoC<\/a> <a href=\"https:\/\/t.co\/VdphCsBFkn\">pic.twitter.com\/VdphCsBFkn<\/a><\/p>&mdash; Morning Consult (@MorningConsult) <a href=\"https:\/\/twitter.com\/MorningConsult\/status\/1730264173068874208?ref_src=twsrc%5Etfw\">November 30, 2023<\/a><\/blockquote><script async src=\"https:\/\/platform.twitter.com\/widgets.js\" charset=\"utf-8\"><\/script>\n<\/div><\/figure>\n\n\n\n<h2 class=\"wp-block-heading\"><strong>Los pendientes y sucesi\u00f3n<\/strong><\/h2>\n\n\n\n<p>L\u00f3pez Obrador inicia este 1 de diciembre la recta final de un sexenio de 70 y no de 72 meses. Debido a que la reforma electoral de 2014 adelant\u00f3 la toma de posesi\u00f3n para la siguiente persona que conducir\u00e1 el pa\u00eds, L\u00f3pez Obrador deber\u00e1 entregar la banda presidencial el 1 octubre de 2024 y no en diciembre.<\/p>\n\n\n\n<p>Para este tramo final de 305 d\u00edas, hay varios asuntos que ocupar\u00e1n a L\u00f3pez Obrador tanto de administraci\u00f3n p\u00fablica como de \u00edndole pol\u00edtico-electoral, entre ellos la reconstrucci\u00f3n de Guerrero, la sucesi\u00f3n presidencial, la conclusi\u00f3n de obras y lograr la aprobaci\u00f3n de sus \u00faltimas reformas constitucionales.<\/p>\n\n\n\n<h3 class=\"wp-block-heading\">Lee:<\/h3>\n\n\n\n<figure class=\"wp-block-image is-style-default\"><a href=\"https:\/\/politica.expansion.mx\/presidencia\/2023\/10\/02\/pendientes-gobierno-de-amlo?utm_source=internal&amp;utm_medium=branded\" target=\"_blank\" rel=\"noreferrer noopener\"><img decoding=\"async\" src=\"https:\/\/cdn-3.expansion.mx\/dims4\/default\/1321b6b\/2147483647\/strip\/true\/crop\/1114x628+43+0\/resize\/172x97!\/format\/webp\/quality\/60\/?url=https%3A%2F%2Fcdn-3.expansion.mx%2F5c%2F8d%2Fe3bec85c42898117b9b139070a2b%2Fsexenio-amlo-recta-final-pendientes.jpg\" alt=\"sexenio-amlo-recta-final-pendientes.jpg\"\/><\/a><\/figure>\n\n\n\n<p><a href=\"https:\/\/politica.expansion.mx\/presidencia\/2023\/10\/02\/pendientes-gobierno-de-amlo?utm_source=internal&amp;utm_medium=branded\" target=\"_blank\" rel=\"noreferrer noopener\">PRESIDENCIA<\/a><\/p>\n\n\n\n<h3 class=\"wp-block-heading\"><a href=\"https:\/\/politica.expansion.mx\/presidencia\/2023\/10\/02\/pendientes-gobierno-de-amlo?utm_source=internal&amp;utm_medium=branded\" target=\"_blank\" rel=\"noreferrer noopener\">AMLO a contrarreloj: 12 meses, 12 pendientes de su gobierno<\/a><\/h3>\n\n\n\n<p>A nivel gobierno, al presidente le ocupar\u00e1n asuntos como concluir sus obras, enfrentar la violencia del sexenio con m\u00e1s homicidios dolosos, la reconstrucci\u00f3n de Guerrero, as\u00ed como sentar las bases de su sistema de salud p\u00fablica.<\/p>\n\n\n\n<p>En el aspecto pol\u00edtico, hay dos asuntos que ocupar\u00e1n al mandatario federal: la presidencia de la Rep\u00fablica y el Congreso de la Uni\u00f3n.<\/p>\n\n\n\n<p>\u201cLa intenci\u00f3n es ganar de manera contundente, no es lo mismo ganar la Presidencia que ganar la Presidencia con m\u00e1rgenes de m\u00e1s de dos d\u00edgitos, o adem\u00e1s ganar el Congreso clave para sus ultimas reformas\u201d, explica Patricio Morelos, polit\u00f3logo y catedr\u00e1tico del Instituto Tecnol\u00f3gico de Estudios Superiores Monterrey (ITESM), quien tambi\u00e9n advierte que el presidente se mantendr\u00e1 activo en Morena para atraer votos.<\/p>\n\n\n\n<p>Fuente: <a href=\"https:\/\/politica.expansion.mx\/presidencia\/2023\/12\/01\/amlo-quinto-aniversario\">https:\/\/politica.expansion.mx\/presidencia\/2023\/12\/01\/amlo-quinto-aniversario<\/a><\/p>\n","protected":false},"excerpt":{"rendered":"<p>En la recta final de su gobierno, el presidente Andr\u00e9s Manuel L\u00f3pez Obrador ha optado por m\u00e1s eventos controlados para [&hellip;]<\/p>\n","protected":false},"author":1,"featured_media":64040,"comment_status":"open","ping_status":"open","sticky":false,"template":"","format":"standard","meta":{"site-sidebar-layout":"default","site-content-layout":"","ast-site-content-layout":"default","site-content-style":"default","site-sidebar-style":"default","ast-global-header-display":"","ast-banner-title-visibility":"","ast-main-header-display":"","ast-hfb-above-header-display":"","ast-hfb-below-header-display":"","ast-hfb-mobile-header-display":"","site-post-title":"","ast-breadcrumbs-content":"","ast-featured-img":"","footer-sml-layout":"","theme-transparent-header-meta":"","adv-header-id-meta":"","stick-header-meta":"","header-above-stick-meta":"","header-main-stick-meta":"","header-below-stick-meta":"","astra-migrate-meta-layouts":"default","ast-page-background-enabled":"default","ast-page-background-meta":{"desktop":{"background-color":"var(--ast-global-color-4)","background-image":"","background-repeat":"repeat","background-position":"center center","background-size":"auto","background-attachment":"scroll","background-type":"","background-media":"","overlay-type":"","overlay-color":"","overlay-opacity":"","overlay-gradient":""},"tablet":{"background-color":"","background-image":"","background-repeat":"repeat","background-position":"center center","background-size":"auto","background-attachment":"scroll","background-type":"","background-media":"","overlay-type":"","overlay-color":"","overlay-opacity":"","overlay-gradient":""},"mobile":{"background-color":"","background-image":"","background-repeat":"repeat","background-position":"center center","background-size":"auto","background-attachment":"scroll","background-type":"","background-media":"","overlay-type":"","overlay-color":"","overlay-opacity":"","overlay-gradient":""}},"ast-content-background-meta":{"desktop":{"background-color":"var(--ast-global-color-5)","background-image":"","background-repeat":"repeat","background-position":"center center","background-size":"auto","background-attachment":"scroll","background-type":"","background-media":"","overlay-type":"","overlay-color":"","overlay-opacity":"","overlay-gradient":""},"tablet":{"background-color":"var(--ast-global-color-5)","background-image":"","background-repeat":"repeat","background-position":"center center","background-size":"auto","background-attachment":"scroll","background-type":"","background-media":"","overlay-type":"","overlay-color":"","overlay-opacity":"","overlay-gradient":""},"mobile":{"background-color":"var(--ast-global-color-5)","background-image":"","background-repeat":"repeat","background-position":"center center","background-size":"auto","background-attachment":"scroll","background-type":"","background-media":"","overlay-type":"","overlay-color":"","overlay-opacity":"","overlay-gradient":""}},"footnotes":""},"categories":[8],"tags":[13791,199,5486,5017,20725,20723],"class_list":["post-64039","post","type-post","status-publish","format-standard","has-post-thumbnail","hentry","category-noticias","tag-agenda-amlo","tag-amlo","tag-elecciones-2024","tag-guerrero","tag-huracan","tag-sexo-ano-de-gobierno"],"_links":{"self":[{"href":"https:\/\/losperiodistas.com.mx\/portal\/wp-json\/wp\/v2\/posts\/64039","targetHints":{"allow":["GET"]}}],"collection":[{"href":"https:\/\/losperiodistas.com.mx\/portal\/wp-json\/wp\/v2\/posts"}],"about":[{"href":"https:\/\/losperiodistas.com.mx\/portal\/wp-json\/wp\/v2\/types\/post"}],"author":[{"embeddable":true,"href":"https:\/\/losperiodistas.com.mx\/portal\/wp-json\/wp\/v2\/users\/1"}],"replies":[{"embeddable":true,"href":"https:\/\/losperiodistas.com.mx\/portal\/wp-json\/wp\/v2\/comments?post=64039"}],"version-history":[{"count":2,"href":"https:\/\/losperiodistas.com.mx\/portal\/wp-json\/wp\/v2\/posts\/64039\/revisions"}],"predecessor-version":[{"id":64043,"href":"https:\/\/losperiodistas.com.mx\/portal\/wp-json\/wp\/v2\/posts\/64039\/revisions\/64043"}],"wp:featuredmedia":[{"embeddable":true,"href":"https:\/\/losperiodistas.com.mx\/portal\/wp-json\/wp\/v2\/media\/64040"}],"wp:attachment":[{"href":"https:\/\/losperiodistas.com.mx\/portal\/wp-json\/wp\/v2\/media?parent=64039"}],"wp:term":[{"taxonomy":"category","embeddable":true,"href":"https:\/\/losperiodistas.com.mx\/portal\/wp-json\/wp\/v2\/categories?post=64039"},{"taxonomy":"post_tag","embeddable":true,"href":"https:\/\/losperiodistas.com.mx\/portal\/wp-json\/wp\/v2\/tags?post=64039"}],"curies":[{"name":"wp","href":"https:\/\/api.w.org\/{rel}","templated":true}]}}