{"id":64036,"date":"2023-12-02T08:09:43","date_gmt":"2023-12-02T14:09:43","guid":{"rendered":"http:\/\/losperiodistas.com.mx\/portal\/?p=64036"},"modified":"2023-12-02T08:09:45","modified_gmt":"2023-12-02T14:09:45","slug":"dia-internacional-de-la-abolicion-de-la-esclavitud-did","status":"publish","type":"post","link":"https:\/\/losperiodistas.com.mx\/portal\/dia-internacional-de-la-abolicion-de-la-esclavitud-did\/","title":{"rendered":"D\u00eda Internacional de la Abolici\u00f3n de la Esclavitud\u00a0| DID"},"content":{"rendered":"\n<figure class=\"wp-block-image size-large is-style-default\"><img fetchpriority=\"high\" decoding=\"async\" width=\"1024\" height=\"699\" src=\"https:\/\/losperiodistas.com.mx\/portal\/wp-content\/uploads\/2023\/12\/Abolish_child_slavery-1024x699.jpg\" alt=\"\" class=\"wp-image-64037\" srcset=\"https:\/\/losperiodistas.com.mx\/portal\/wp-content\/uploads\/2023\/12\/Abolish_child_slavery-1024x699.jpg 1024w, https:\/\/losperiodistas.com.mx\/portal\/wp-content\/uploads\/2023\/12\/Abolish_child_slavery-300x205.jpg 300w, https:\/\/losperiodistas.com.mx\/portal\/wp-content\/uploads\/2023\/12\/Abolish_child_slavery-768x524.jpg 768w, https:\/\/losperiodistas.com.mx\/portal\/wp-content\/uploads\/2023\/12\/Abolish_child_slavery-1536x1049.jpg 1536w, https:\/\/losperiodistas.com.mx\/portal\/wp-content\/uploads\/2023\/12\/Abolish_child_slavery-2048x1398.jpg 2048w\" sizes=\"(max-width: 1024px) 100vw, 1024px\" \/><\/figure>\n\n\n\n<p><\/p>\n\n\n\n<p class=\"has-vivid-red-color has-text-color has-medium-font-size\"><strong>REDACCI\u00d3N D\u00cdA INTERNACIONAL DE<\/strong><\/p>\n\n\n\n<p><strong>Cada 2 de diciembre se conmemora el D\u00eda Internacional de la Abolici\u00f3n de la Esclavitud<\/strong>, para conmemorar la fecha exacta en que la&nbsp;<em>Asamblea General de la ONU<\/em>&nbsp;firmase el&nbsp;<strong><em>Convenio para la represi\u00f3n de la trata de personas y de la explotaci\u00f3n de la prostituci\u00f3n ajena<\/em><\/strong>.<\/p>\n\n\n\n<p>No obstante, esta organizaci\u00f3n, a\u00fan hoy en d\u00eda, sigue luchando contra las formas modernas de esclavitud, que no se han podido erradicar en el mundo.<\/p>\n\n\n\n<figure class=\"wp-block-embed is-type-video is-provider-youtube wp-block-embed-youtube wp-embed-aspect-16-9 wp-has-aspect-ratio\"><div class=\"wp-block-embed__wrapper\">\n<iframe title=\"Wagner Moura invita a participar en el movimiento mundial para poner fin a la esclavitud moderna\" width=\"500\" height=\"281\" src=\"https:\/\/www.youtube.com\/embed\/ARCOUjugqjg?feature=oembed\" frameborder=\"0\" allow=\"accelerometer; autoplay; clipboard-write; encrypted-media; gyroscope; picture-in-picture; web-share\" referrerpolicy=\"strict-origin-when-cross-origin\" allowfullscreen><\/iframe>\n<\/div><figcaption><em>Wagner Moura invita a participar para el fin de la esclavitud<\/em><\/figcaption><\/figure>\n\n\n\n<h2 class=\"wp-block-heading\" id=\"resTit_2\">\u00bfQu\u00e9 son las formas modernas de esclavitud?<\/h2>\n\n\n\n<p>En palabras sencillas, se trata de aprovecharse de las necesidades econ\u00f3micas de las personas, para hacerles firmar un contrato del cual nunca podr\u00e1n liberarse, debido a que todas las condiciones les obligan \u00ablegalmente\u00bb a seguir realizando esa actividad sin ganar nunca su libertad.<\/p>\n\n\n\n<p><strong>Obviamente, este tipo de contratos no son para nada legales,&nbsp;<\/strong>porque aunque se encuentren redactados seg\u00fan los est\u00e1ndares comerciales de un pa\u00eds, violan derechos humanos que est\u00e1n por encima de cualquier forma contractual, lo que deja sin vigor este tipo de v\u00ednculo laboral.<\/p>\n\n\n\n<p>Pero, para la mayor\u00eda de las personas que aceptan estos convenios y terminan atrapadas en una pesadilla que pareciera no tener fin, el temor a ser descubiertos (en caso de&nbsp;<em>inmigrantes ilegales<\/em>), el temor a que da\u00f1en a sus familias (<em>extorsi\u00f3n<\/em>) o simplemente el temor a no recibir la recompensa prometida, los hace mantenerse en el lugar y no luchar por su libertad.<\/p>\n\n\n\n<figure class=\"wp-block-image is-style-default\"><img decoding=\"async\" src=\"https:\/\/www.diainternacionalde.com\/imagenes\/dias\/diciembre\/12-02_dia-internacional-abolicion-esclavitud_m.jpg\" alt=\"Ni\u00f1a trabajadora, fotograf\u00eda de Lewis Hine, Newberry (Carolina del Sur), 1908.\" title=\"Ni\u00f1a trabajadora, fotograf\u00eda de Lewis Hine, Newberry (Carolina del Sur), 1908.\"\/><figcaption>Ni\u00f1a trabajadora, fotograf\u00eda de Lewis Hine, Newberry (Carolina del Sur), 1908.<\/figcaption><\/figure>\n\n\n\n<h2 class=\"wp-block-heading\" id=\"resTit_3\">Tipos de esclavitud presentes hoy en d\u00eda<\/h2>\n\n\n\n<p>Entre las formas m\u00e1s comunes de esclavitud moderna se encuentran:<\/p>\n\n\n\n<ul class=\"wp-block-list\"><li><strong>Trabajo forzoso<\/strong>: Aunque en un principio las palabras \u00ab<strong><em>trabajo forzoso<\/em><\/strong>\u00ab, nos pueden recordar a un tipo de castigo en el sistema penitenciario de algunos pa\u00edses, en realidad, muchas personas en el mundo son v\u00edctimas de este tipo de ardid laboral. Es m\u00e1s, se estima que en&nbsp;<em>el a\u00f1o 2016 aproximadamente 25 millones de personas trabajaron en alg\u00fan momento de manera forzada<\/em>, bien sea en el \u00e1mbito de la construcci\u00f3n, del empleo dom\u00e9stico o en la producci\u00f3n industrial, adem\u00e1s de personas que son explotadas sexualmente y los trabajos forzados impuestos por el Estado.<\/li><li><strong>Matrimonios forzados<\/strong>: En Asia ocurre mucho que las familias venden a sus hijas a cambio de una dote cuantiosa, sin importar si esta joven desea o no casarse. Pero tambi\u00e9n, algunas culturas del mundo permiten el matrimonio de hombres con ni\u00f1as, lo cual es otro tipo de esclavitud,&nbsp;<em>porque estas peque\u00f1as deber\u00e1n a pasar a formar parte de su propia familia y se espera de ellas un conjunto de acciones no aptas para su edad y nivel mental<\/em>.<\/li><li><strong>Trabajo infantil<\/strong>: No importa si esto se da por condiciones de necesidad dentro de una familia o por medio de la trata de blancas para la esclavitud moderna, lo cierto es que&nbsp;<em>emplear a un ni\u00f1o para exigirle una jornada mayor a un adulto y pagarle menos o simplemente no pagarle en absoluto<\/em>, es una de las formas de esclavitud modernas m\u00e1s extendidas en la actualidad.<\/li><\/ul>\n\n\n\n<h2 class=\"wp-block-heading\" id=\"resTit_4\">50 pa\u00edses para la libertad<\/h2>\n\n\n\n<p>En 2021, se alcanz\u00f3 el objetivo inicial de que 50 pa\u00edses ratificaran el Protocolo sobre Trabajo Forzoso. Pero la lucha no termina aqu\u00ed. Se sigue trabajando para conseguir que m\u00e1s pa\u00edses se unan para acabar con la esclavitud moderna.<\/p>\n\n\n\n<p>Descubre en la&nbsp;<a href=\"https:\/\/50forfreedom.org\/es\/\" target=\"_blank\" rel=\"noreferrer noopener\"><strong>web oficial de 50 For Freedom<\/strong><\/a>&nbsp;qu\u00e9 pa\u00edses han ratificado el documento. Tambi\u00e9n podr\u00e1s ver los interesantes dibujos presentados al concurso organizado por la Organizaci\u00f3n Internacional del Trabajo (OIT) y Recursos Humanos sin Fronteras (RHSF), con el apoyo de Cartooning for Peace. \u00a1Unas verdaderas obras de arte humanitarias!<\/p>\n\n\n\n<h2 class=\"wp-block-heading\" id=\"resTit_5\">\u00bfQu\u00e9 hacer para ayudar a terminar contra la esclavitud?<\/h2>\n\n\n\n<p>Existen muchas acciones que puedes realizar para evitar que la esclavitud moderna siga existiendo, algunas de ellas son:<\/p>\n\n\n\n<ul class=\"wp-block-list\"><li>Sumarte a un movimiento u organizaci\u00f3n que luche por los derechos de los trabajadores.<\/li><li>Ayudar a&nbsp;<em>crear materiales informativos<\/em>&nbsp;que impidan que mayor cantidad de personas caigan presas de estos c\u00edrculos de explotaci\u00f3n.<\/li><li><em>Difundir mensajes que sirvan a la concienciaci\u00f3n de las personas<\/em>&nbsp;por medio de las redes sociales y si lo haces el 2 de diciembre, recuerda acompa\u00f1arlo con el hashtag&nbsp;<strong><em>#D\u00edaInternacionaldelaAbolici\u00f3ndelaEsclavitud<\/em><\/strong>.<\/li><\/ul>\n\n\n\n<p>Fuente: <a href=\"https:\/\/www.diainternacionalde.com\/ficha\/dia-internacional-abolicion-esclavitud\">https:\/\/www.diainternacionalde.com\/ficha\/dia-internacional-abolicion-esclavitud<\/a><\/p>\n","protected":false},"excerpt":{"rendered":"<p>REDACCI\u00d3N D\u00cdA INTERNACIONAL DE Cada 2 de diciembre se conmemora el D\u00eda Internacional de la Abolici\u00f3n de la Esclavitud, para [&hellip;]<\/p>\n","protected":false},"author":1,"featured_media":64037,"comment_status":"open","ping_status":"open","sticky":false,"template":"","format":"standard","meta":{"site-sidebar-layout":"default","site-content-layout":"","ast-site-content-layout":"default","site-content-style":"default","site-sidebar-style":"default","ast-global-header-display":"","ast-banner-title-visibility":"","ast-main-header-display":"","ast-hfb-above-header-display":"","ast-hfb-below-header-display":"","ast-hfb-mobile-header-display":"","site-post-title":"","ast-breadcrumbs-content":"","ast-featured-img":"","footer-sml-layout":"","theme-transparent-header-meta":"","adv-header-id-meta":"","stick-header-meta":"","header-above-stick-meta":"","header-main-stick-meta":"","header-below-stick-meta":"","astra-migrate-meta-layouts":"default","ast-page-background-enabled":"default","ast-page-background-meta":{"desktop":{"background-color":"var(--ast-global-color-4)","background-image":"","background-repeat":"repeat","background-position":"center center","background-size":"auto","background-attachment":"scroll","background-type":"","background-media":"","overlay-type":"","overlay-color":"","overlay-opacity":"","overlay-gradient":""},"tablet":{"background-color":"","background-image":"","background-repeat":"repeat","background-position":"center center","background-size":"auto","background-attachment":"scroll","background-type":"","background-media":"","overlay-type":"","overlay-color":"","overlay-opacity":"","overlay-gradient":""},"mobile":{"background-color":"","background-image":"","background-repeat":"repeat","background-position":"center center","background-size":"auto","background-attachment":"scroll","background-type":"","background-media":"","overlay-type":"","overlay-color":"","overlay-opacity":"","overlay-gradient":""}},"ast-content-background-meta":{"desktop":{"background-color":"var(--ast-global-color-5)","background-image":"","background-repeat":"repeat","background-position":"center center","background-size":"auto","background-attachment":"scroll","background-type":"","background-media":"","overlay-type":"","overlay-color":"","overlay-opacity":"","overlay-gradient":""},"tablet":{"background-color":"var(--ast-global-color-5)","background-image":"","background-repeat":"repeat","background-position":"center center","background-size":"auto","background-attachment":"scroll","background-type":"","background-media":"","overlay-type":"","overlay-color":"","overlay-opacity":"","overlay-gradient":""},"mobile":{"background-color":"var(--ast-global-color-5)","background-image":"","background-repeat":"repeat","background-position":"center center","background-size":"auto","background-attachment":"scroll","background-type":"","background-media":"","overlay-type":"","overlay-color":"","overlay-opacity":"","overlay-gradient":""}},"footnotes":""},"categories":[8],"tags":[20720,20722,20721,10754,2909],"class_list":["post-64036","post","type-post","status-publish","format-standard","has-post-thumbnail","hentry","category-noticias","tag-diainternacionaldelaaboliciondelaesclavitud","tag-matrimonios-forzados","tag-trabajo-forzoso","tag-trabajo-infantil","tag-trata-de-personas"],"_links":{"self":[{"href":"https:\/\/losperiodistas.com.mx\/portal\/wp-json\/wp\/v2\/posts\/64036","targetHints":{"allow":["GET"]}}],"collection":[{"href":"https:\/\/losperiodistas.com.mx\/portal\/wp-json\/wp\/v2\/posts"}],"about":[{"href":"https:\/\/losperiodistas.com.mx\/portal\/wp-json\/wp\/v2\/types\/post"}],"author":[{"embeddable":true,"href":"https:\/\/losperiodistas.com.mx\/portal\/wp-json\/wp\/v2\/users\/1"}],"replies":[{"embeddable":true,"href":"https:\/\/losperiodistas.com.mx\/portal\/wp-json\/wp\/v2\/comments?post=64036"}],"version-history":[{"count":1,"href":"https:\/\/losperiodistas.com.mx\/portal\/wp-json\/wp\/v2\/posts\/64036\/revisions"}],"predecessor-version":[{"id":64038,"href":"https:\/\/losperiodistas.com.mx\/portal\/wp-json\/wp\/v2\/posts\/64036\/revisions\/64038"}],"wp:featuredmedia":[{"embeddable":true,"href":"https:\/\/losperiodistas.com.mx\/portal\/wp-json\/wp\/v2\/media\/64037"}],"wp:attachment":[{"href":"https:\/\/losperiodistas.com.mx\/portal\/wp-json\/wp\/v2\/media?parent=64036"}],"wp:term":[{"taxonomy":"category","embeddable":true,"href":"https:\/\/losperiodistas.com.mx\/portal\/wp-json\/wp\/v2\/categories?post=64036"},{"taxonomy":"post_tag","embeddable":true,"href":"https:\/\/losperiodistas.com.mx\/portal\/wp-json\/wp\/v2\/tags?post=64036"}],"curies":[{"name":"wp","href":"https:\/\/api.w.org\/{rel}","templated":true}]}}