{"id":64030,"date":"2023-12-02T07:44:32","date_gmt":"2023-12-02T13:44:32","guid":{"rendered":"http:\/\/losperiodistas.com.mx\/portal\/?p=64030"},"modified":"2023-12-02T07:44:34","modified_gmt":"2023-12-02T13:44:34","slug":"obispo-decreta-excomunion-tras-robo-de-la-eucaristia-en-iglesia-en-mexico-aci","status":"publish","type":"post","link":"https:\/\/losperiodistas.com.mx\/portal\/obispo-decreta-excomunion-tras-robo-de-la-eucaristia-en-iglesia-en-mexico-aci\/","title":{"rendered":"Obispo decreta excomuni\u00f3n tras robo de la Eucarist\u00eda en iglesia en M\u00e9xico | ACI"},"content":{"rendered":"\n<figure class=\"wp-block-image size-full is-style-default\"><img fetchpriority=\"high\" decoding=\"async\" width=\"670\" height=\"447\" src=\"https:\/\/losperiodistas.com.mx\/portal\/wp-content\/uploads\/2023\/12\/eucaristia11223.jpeg\" alt=\"\" class=\"wp-image-64031\" srcset=\"https:\/\/losperiodistas.com.mx\/portal\/wp-content\/uploads\/2023\/12\/eucaristia11223.jpeg 670w, https:\/\/losperiodistas.com.mx\/portal\/wp-content\/uploads\/2023\/12\/eucaristia11223-300x200.jpeg 300w\" sizes=\"(max-width: 670px) 100vw, 670px\" \/><figcaption>Imagen referencial. | Cr\u00e9dito: Carlos Perez v\u00eda Cathopic<\/figcaption><\/figure>\n\n\n\n<p class=\"has-vivid-red-color has-text-color has-medium-font-size\"><strong>DIEGO L\u00d3PEZ COL\u00cdN \/ ACI PRENSA<\/strong><\/p>\n\n\n\n<p>El Obispo de Saltillo, en el estado de Coahuila (M\u00e9xico), Mons. Hilario Gonz\u00e1lez Garc\u00eda, public\u00f3 un&nbsp;<a href=\"https:\/\/www.facebook.com\/photo?fbid=656199193353697&amp;set=a.395719702734982\" target=\"_blank\" rel=\"noreferrer noopener\">comunicado<\/a>&nbsp;anunciando la excomuni\u00f3n autom\u00e1tica&nbsp;<em>(latae sententiae<\/em>) de los sujetos que ingresaron a robar a una iglesia cat\u00f3lica y profanaron la Eucarist\u00eda.&nbsp;<\/p>\n\n\n\n<p>El hecho ocurri\u00f3 durante la ma\u00f1ana del s\u00e1bado 25 de noviembre en la capilla del Sagrado Coraz\u00f3n de Jes\u00fas, comunidad atendida por la parroquia de Nuestra Se\u00f1ora de Schoenstatt, en la periferia de la ciudad.&nbsp;<\/p>\n\n\n\n<p>\u201cSiendo forzada la puerta de entrada, y tambi\u00e9n el sagrario, fue sustra\u00eddo, de manera indebida, el cop\u00f3n con el Sant\u00edsimo Sacramento\u201d, se\u00f1ala el comunicado firmado por Mons. Gonz\u00e1lez Garc\u00eda.<\/p>\n\n\n\n<p>En el comunicado, publicado el 30 de noviembre, el prelado declar\u00f3 el hecho como \u201cuna vejaci\u00f3n al lugar sagrado (el templo) y un sacrilegio contra las Sagradas Especies Eucar\u00edsticas, por tanto, quien lo haya perpetrado, si es cat\u00f3lico, ha cometido un delito contra los sacramentos\u201d.<\/p>\n\n\n\n<p>\u201cPor la grav\u00edsima falta cometida contra Nuestro Se\u00f1or\u201d, Mons. Gonz\u00e1lez invit\u00f3 a todos los fieles a unirse en oraci\u00f3n, \u201crealizando actos de desagravio y fomentando el amor a Jesucristo en la Eucarist\u00eda\u201d. Por lo pronto, explic\u00f3 que no se podr\u00e1 ejercer el culto hasta que se repare la injuria.&nbsp;<\/p>\n\n\n\n<p>El canon 1211 del C\u00f3digo de Derecho Can\u00f3nico establece: \u201cLos lugares sagrados quedan violados cuando, con esc\u00e1ndalo de los fieles, se cometen en ellos actos gravemente injuriosos que, a juicio del Ordinario del lugar, revisten tal gravedad y son tan contrarios a la santidad del lugar, que en ellos no se puede ejercer el culto hasta que se repare la injuria por un rito penitencial a tenor de los libros lit\u00fargicos\u201d.<\/p>\n\n\n\n<h4 class=\"wp-block-heading\">M\u00c1S EN AM\u00c9RICA<\/h4>\n\n\n\n<figure class=\"wp-block-image is-style-default\"><a href=\"https:\/\/www.aciprensa.com\/noticias\/99500\/obispo-pide-actos-de-desagravio-tras-robo-de-la-eucaristia-en-iglesia-en-mexico\"><img decoding=\"async\" src=\"https:\/\/www.aciprensa.com\/imagespp\/Sagrario-profanacion-Eucaristia-Consejo-Diocesano-Laicos-Morelos-150523.png?w=180&amp;h=120\" alt=\"Obispo pide actos de desagravio tras robo de la Eucarist\u00eda en iglesia en M\u00e9xico\"\/><\/a><\/figure>\n\n\n\n<h3 class=\"wp-block-heading\"><a href=\"https:\/\/www.aciprensa.com\/noticias\/99500\/obispo-pide-actos-de-desagravio-tras-robo-de-la-eucaristia-en-iglesia-en-mexico\">Obispo pide actos de desagravio tras robo de la Eucarist\u00eda en iglesia en M\u00e9xico<\/a><\/h3>\n\n\n\n<p><a href=\"https:\/\/www.aciprensa.com\/noticias\/99500\/obispo-pide-actos-de-desagravio-tras-robo-de-la-eucaristia-en-iglesia-en-mexico\">Leer la noticia<\/a><\/p>\n\n\n\n<p>En este contexto, invit\u00f3 a los fieles, y particularmente a los p\u00e1rrocos, \u201ca cuidar con esmero la seguridad de los lugares sagrados\u201d. A las personas de los alrededores solicit\u00f3 que, \u201csi alguien encontrase las Sagradas Hostias o el cop\u00f3n, se comunique a la parroquia de Nuestra Se\u00f1ora de Schoenstatt\u201d.&nbsp;<\/p>\n\n\n\n<p>Adicionalmente, se dio a conocer que las personas que ingresaron se llevaron dos mesas plegables y una bocina.<\/p>\n\n\n\n<p>Consultado por ACI Prensa, la oficina de comunicaci\u00f3n de la Di\u00f3cesis descart\u00f3 que se haya tratado de un acto contra la fe, calific\u00e1ndolo como un acto de vandalismo y robo.\u00a0<\/p>\n\n\n\n<p>Fuente: <a href=\"https:\/\/www.aciprensa.com\/noticias\/102206\/obispo-decreta-excomunion-tras-robo-de-eucaristia-en-iglesia-catolica-en-mexico\">https:\/\/www.aciprensa.com\/noticias\/102206\/obispo-decreta-excomunion-tras-robo-de-eucaristia-en-iglesia-catolica-en-mexico<\/a><\/p>\n","protected":false},"excerpt":{"rendered":"<p>DIEGO L\u00d3PEZ COL\u00cdN \/ ACI PRENSA El Obispo de Saltillo, en el estado de Coahuila (M\u00e9xico), Mons. Hilario Gonz\u00e1lez Garc\u00eda, [&hellip;]<\/p>\n","protected":false},"author":1,"featured_media":64031,"comment_status":"open","ping_status":"open","sticky":false,"template":"","format":"standard","meta":{"site-sidebar-layout":"default","site-content-layout":"","ast-site-content-layout":"default","site-content-style":"default","site-sidebar-style":"default","ast-global-header-display":"","ast-banner-title-visibility":"","ast-main-header-display":"","ast-hfb-above-header-display":"","ast-hfb-below-header-display":"","ast-hfb-mobile-header-display":"","site-post-title":"","ast-breadcrumbs-content":"","ast-featured-img":"","footer-sml-layout":"","theme-transparent-header-meta":"","adv-header-id-meta":"","stick-header-meta":"","header-above-stick-meta":"","header-main-stick-meta":"","header-below-stick-meta":"","astra-migrate-meta-layouts":"default","ast-page-background-enabled":"default","ast-page-background-meta":{"desktop":{"background-color":"var(--ast-global-color-4)","background-image":"","background-repeat":"repeat","background-position":"center center","background-size":"auto","background-attachment":"scroll","background-type":"","background-media":"","overlay-type":"","overlay-color":"","overlay-opacity":"","overlay-gradient":""},"tablet":{"background-color":"","background-image":"","background-repeat":"repeat","background-position":"center center","background-size":"auto","background-attachment":"scroll","background-type":"","background-media":"","overlay-type":"","overlay-color":"","overlay-opacity":"","overlay-gradient":""},"mobile":{"background-color":"","background-image":"","background-repeat":"repeat","background-position":"center center","background-size":"auto","background-attachment":"scroll","background-type":"","background-media":"","overlay-type":"","overlay-color":"","overlay-opacity":"","overlay-gradient":""}},"ast-content-background-meta":{"desktop":{"background-color":"var(--ast-global-color-5)","background-image":"","background-repeat":"repeat","background-position":"center center","background-size":"auto","background-attachment":"scroll","background-type":"","background-media":"","overlay-type":"","overlay-color":"","overlay-opacity":"","overlay-gradient":""},"tablet":{"background-color":"var(--ast-global-color-5)","background-image":"","background-repeat":"repeat","background-position":"center center","background-size":"auto","background-attachment":"scroll","background-type":"","background-media":"","overlay-type":"","overlay-color":"","overlay-opacity":"","overlay-gradient":""},"mobile":{"background-color":"var(--ast-global-color-5)","background-image":"","background-repeat":"repeat","background-position":"center center","background-size":"auto","background-attachment":"scroll","background-type":"","background-media":"","overlay-type":"","overlay-color":"","overlay-opacity":"","overlay-gradient":""}},"footnotes":""},"categories":[8],"tags":[20716,20713,20714,20715],"class_list":["post-64030","post","type-post","status-publish","format-standard","has-post-thumbnail","hentry","category-noticias","tag-excomunion-automatica","tag-monsenor-hilario-gonzalez-garcia","tag-obispo-de-saltillo","tag-profanacion-eucaristia"],"_links":{"self":[{"href":"https:\/\/losperiodistas.com.mx\/portal\/wp-json\/wp\/v2\/posts\/64030","targetHints":{"allow":["GET"]}}],"collection":[{"href":"https:\/\/losperiodistas.com.mx\/portal\/wp-json\/wp\/v2\/posts"}],"about":[{"href":"https:\/\/losperiodistas.com.mx\/portal\/wp-json\/wp\/v2\/types\/post"}],"author":[{"embeddable":true,"href":"https:\/\/losperiodistas.com.mx\/portal\/wp-json\/wp\/v2\/users\/1"}],"replies":[{"embeddable":true,"href":"https:\/\/losperiodistas.com.mx\/portal\/wp-json\/wp\/v2\/comments?post=64030"}],"version-history":[{"count":1,"href":"https:\/\/losperiodistas.com.mx\/portal\/wp-json\/wp\/v2\/posts\/64030\/revisions"}],"predecessor-version":[{"id":64032,"href":"https:\/\/losperiodistas.com.mx\/portal\/wp-json\/wp\/v2\/posts\/64030\/revisions\/64032"}],"wp:featuredmedia":[{"embeddable":true,"href":"https:\/\/losperiodistas.com.mx\/portal\/wp-json\/wp\/v2\/media\/64031"}],"wp:attachment":[{"href":"https:\/\/losperiodistas.com.mx\/portal\/wp-json\/wp\/v2\/media?parent=64030"}],"wp:term":[{"taxonomy":"category","embeddable":true,"href":"https:\/\/losperiodistas.com.mx\/portal\/wp-json\/wp\/v2\/categories?post=64030"},{"taxonomy":"post_tag","embeddable":true,"href":"https:\/\/losperiodistas.com.mx\/portal\/wp-json\/wp\/v2\/tags?post=64030"}],"curies":[{"name":"wp","href":"https:\/\/api.w.org\/{rel}","templated":true}]}}