{"id":64027,"date":"2023-12-02T07:25:09","date_gmt":"2023-12-02T13:25:09","guid":{"rendered":"http:\/\/losperiodistas.com.mx\/portal\/?p=64027"},"modified":"2023-12-02T07:25:11","modified_gmt":"2023-12-02T13:25:11","slug":"samuel-garcia-trata-de-cerrar-la-crisis-con-su-vuelta-a-la-gobernatura-y-el-abandono-de-la-carrera-presidencial-el-pais","status":"publish","type":"post","link":"https:\/\/losperiodistas.com.mx\/portal\/samuel-garcia-trata-de-cerrar-la-crisis-con-su-vuelta-a-la-gobernatura-y-el-abandono-de-la-carrera-presidencial-el-pais\/","title":{"rendered":"Samuel Garc\u00eda trata de cerrar la crisis con su vuelta a la gobernatura y el abandono de la carrera presidencial | El Pa\u00eds"},"content":{"rendered":"\n<h2 class=\"has-pale-cyan-blue-background-color has-background has-medium-font-size wp-block-heading\">Un rev\u00e9s de \u00faltima hora de la Suprema Corte impide al pol\u00edtico de Movimiento Ciudadano abandonar su cargo para lanzar su carrera a la presidencia<\/h2>\n\n\n\n<figure class=\"wp-block-image size-large is-resized is-style-default\"><img fetchpriority=\"high\" decoding=\"async\" src=\"https:\/\/losperiodistas.com.mx\/portal\/wp-content\/uploads\/2023\/12\/Captura-de-Pantalla-2023-12-02-a-las-7.18.48-1024x577.jpg\" alt=\"\" class=\"wp-image-64028\" width=\"840\" height=\"473\" srcset=\"https:\/\/losperiodistas.com.mx\/portal\/wp-content\/uploads\/2023\/12\/Captura-de-Pantalla-2023-12-02-a-las-7.18.48-1024x577.jpg 1024w, https:\/\/losperiodistas.com.mx\/portal\/wp-content\/uploads\/2023\/12\/Captura-de-Pantalla-2023-12-02-a-las-7.18.48-300x169.jpg 300w, https:\/\/losperiodistas.com.mx\/portal\/wp-content\/uploads\/2023\/12\/Captura-de-Pantalla-2023-12-02-a-las-7.18.48-768x433.jpg 768w, https:\/\/losperiodistas.com.mx\/portal\/wp-content\/uploads\/2023\/12\/Captura-de-Pantalla-2023-12-02-a-las-7.18.48-1536x865.jpg 1536w, https:\/\/losperiodistas.com.mx\/portal\/wp-content\/uploads\/2023\/12\/Captura-de-Pantalla-2023-12-02-a-las-7.18.48-2048x1154.jpg 2048w\" sizes=\"(max-width: 840px) 100vw, 840px\" \/><figcaption>Samuel Garc\u00eda, durante un acto de precampa\u00f1a en Monterrey. MIGUEL SIERRA (EFE)<\/figcaption><\/figure>\n\n\n\n<p class=\"has-vivid-red-color has-text-color has-medium-font-size\"><strong>ELIA CASTILLO JIM\u00c9NEZ \/ EL PA\u00cdS<\/strong><\/p>\n\n\n\n<p>La disputa por el Gobierno de Nuevo Le\u00f3n ha resultado en un episodio rocambolesco para la pol\u00edtica mexicana. El gobernador del Estado, Samuel Garc\u00eda, ha decidido permanecer en el cargo para intentar cerrar la crisis pol\u00edtica que gener\u00f3 en las \u00faltimas semanas con su salida del Gobierno para buscar la candidatura a la presidencia de su partido, Movimiento Ciudadano. Estaba previsto que Garc\u00eda tomara una licencia a partir del primer minuto de este s\u00e1bado, sin embargo, el tira y afloja entre \u00e9l y el Congreso estatal, de mayor\u00eda priista y panista, ha impedido una transici\u00f3n de poderes a un gobernador interino. La guinda en el pastel la ha puesto la Suprema Corte de Justicia de la Naci\u00f3n (SCJN) que, de \u00faltimo minuto, ha inclinado la balanza a favor de los legisladores y ha ordenado la designaci\u00f3n de Luis Enrique Orozco como gobernador.<\/p>\n\n\n\n<p>Ante la decisi\u00f3n de la Corte, Orozco ha acudido al palacio de Gobierno, en el centro de la ciudad de Monterrey, para asumir el cargo. Tras su entrada a la sede del Ejecutivo, el ex vicefiscal permaneci\u00f3 solo unos minutos dentro y sali\u00f3 a dar un mensaje a los periodistas que le esperaban en la puerta, en el que informaba de la resoluci\u00f3n de la Corte que lo avalaba como gobernador interino. Mientras hablaba, el secretario de Gobierno, Javier Navarro, ha salido acompa\u00f1ado de elementos de la Fuerza Civil para interrumpir a Orozco y anunciar que Garc\u00eda volv\u00eda a ser el gobernador de Nuevo Le\u00f3n. \u201dQuiero que me hagan entrega de la administraci\u00f3n, soy el gobernador interino\u201d respond\u00eda el mandatario sustituto. \u201cEl gobernador est\u00e1 reasumiendo el cargo, aqu\u00ed est\u00e1 el documento. Reasume funciones como gobernador constitucional electo\u201d lanz\u00f3 el funcionario ante el rechazo del hasta hace poco vicefiscal. El regreso de Garc\u00eda ya hab\u00eda sido publicado en el peri\u00f3dico oficial de Nuevo Le\u00f3n. Tras el in\u00e9dito momento, en punto de las dos de la ma\u00f1ana, Garc\u00eda sali\u00f3 por la puerta trasera del Palacio de Gobierno. Con un semblante desencajado y en medio de los cuestionamientos de la prensa, \u00fanicamente se ha limitado a decir una frase. \u201cReasumimos funciones\u201c. Aunque se ha negado a responder si con ello renuncia a su candidatura presidencial.<\/p>\n\n\n\n<p>Con esta decisi\u00f3n, la candidatura presidencial de Garc\u00eda se disuelve. La Constituci\u00f3n establece que para aspirar a la presidencia de la Rep\u00fablica un funcionario p\u00fablico como Garc\u00eda debe separarse del cargo seis meses antes, requisito indispensable que dejar\u00eda de cumplir el gobernador a partir de este s\u00e1bado.<\/p>\n\n\n\n<p>La pugna por la gobernatura de Nuevo Le\u00f3n comenz\u00f3 hace unas semanas cuando Garc\u00eda pidi\u00f3 una licencia de seis meses al Congreso estatal. Esa concesi\u00f3n sumi\u00f3 a los legisladores en un debate sobre la elecci\u00f3n del gobernador interino. Mientras Garc\u00eda ped\u00eda que su secretario de Gobierno asumiera el puesto, el Congreso buscaba que uno de los suyos ocupara el cargo. La tensi\u00f3n llev\u00f3 al gobernador Garc\u00eda a presentar controversias constitucionales que le fueron admitidas. Adem\u00e1s, comenz\u00f3 una lucha en los tribunales entre las dos partes por tener la raz\u00f3n.<\/p>\n\n\n\n<p>El Congreso eligi\u00f3 el pasado mi\u00e9rcoles a Luis Enrique Orozo, ex vice fiscal del Estado, como gobernador interino en una sesi\u00f3n acalorada, incluso violenta en la que hubo enfrentamientos entre legisladores y simpatizantes de Garc\u00eda. Ante la decisi\u00f3n del Congreso local Garc\u00eda sostuvo hasta el \u00faltimo minuto del viernes la versi\u00f3n de que \u00e9l tomar\u00eda la licencia y Navarro asumir\u00eda la gubernatura interina. Incluso, el gobernador rechaz\u00f3 los recursos que la oposici\u00f3n hab\u00eda presentado ante la Justicia para impedir su salida del Gobierno.<\/p>\n\n\n\n<p>El gobernador electo ha de informar al Congreso del Estado sobre su decisi\u00f3n de mantenerse en el cargo para que lo reincorpore a sus funciones. En tanto, eso no ocurra Orozco ostenta el cargo de gobernador interino. Por ello se prev\u00e9 que el Legislativo sesione en el transcurso de este s\u00e1bado para dar entrada a la cancelaci\u00f3n de la licencia del emecista.<\/p>\n\n\n\n<p><a href=\"https:\/\/plus.elpais.com\/newsletters\/lnp\/1\/348\"><em><strong>Suscr\u00edbase aqu\u00ed<\/strong><\/em><\/a><em>a la newsletter de EL PA\u00cdS M\u00e9xico y reciba todas las claves informativas de la actualidad de este pa\u00eds<\/em><\/p>\n\n\n\n<p>Fuente: <a href=\"https:\/\/elpais.com\/mexico\/2023-12-02\/samuel-garcia-trata-de-cerrar-la-crisis-con-su-vuelta-a-la-gobernatura-y-el-abandono-de-la-carrera-presidencial.html\">https:\/\/elpais.com\/mexico\/2023-12-02\/samuel-garcia-trata-de-cerrar-la-crisis-con-su-vuelta-a-la-gobernatura-y-el-abandono-de-la-carrera-presidencial.html<\/a><\/p>\n","protected":false},"excerpt":{"rendered":"<p>Un rev\u00e9s de \u00faltima hora de la Suprema Corte impide al pol\u00edtico de Movimiento Ciudadano abandonar su cargo para lanzar [&hellip;]<\/p>\n","protected":false},"author":1,"featured_media":64028,"comment_status":"open","ping_status":"open","sticky":false,"template":"","format":"standard","meta":{"site-sidebar-layout":"default","site-content-layout":"","ast-site-content-layout":"default","site-content-style":"default","site-sidebar-style":"default","ast-global-header-display":"","ast-banner-title-visibility":"","ast-main-header-display":"","ast-hfb-above-header-display":"","ast-hfb-below-header-display":"","ast-hfb-mobile-header-display":"","site-post-title":"","ast-breadcrumbs-content":"","ast-featured-img":"","footer-sml-layout":"","theme-transparent-header-meta":"","adv-header-id-meta":"","stick-header-meta":"","header-above-stick-meta":"","header-main-stick-meta":"","header-below-stick-meta":"","astra-migrate-meta-layouts":"default","ast-page-background-enabled":"default","ast-page-background-meta":{"desktop":{"background-color":"var(--ast-global-color-4)","background-image":"","background-repeat":"repeat","background-position":"center center","background-size":"auto","background-attachment":"scroll","background-type":"","background-media":"","overlay-type":"","overlay-color":"","overlay-opacity":"","overlay-gradient":""},"tablet":{"background-color":"","background-image":"","background-repeat":"repeat","background-position":"center center","background-size":"auto","background-attachment":"scroll","background-type":"","background-media":"","overlay-type":"","overlay-color":"","overlay-opacity":"","overlay-gradient":""},"mobile":{"background-color":"","background-image":"","background-repeat":"repeat","background-position":"center center","background-size":"auto","background-attachment":"scroll","background-type":"","background-media":"","overlay-type":"","overlay-color":"","overlay-opacity":"","overlay-gradient":""}},"ast-content-background-meta":{"desktop":{"background-color":"var(--ast-global-color-5)","background-image":"","background-repeat":"repeat","background-position":"center center","background-size":"auto","background-attachment":"scroll","background-type":"","background-media":"","overlay-type":"","overlay-color":"","overlay-opacity":"","overlay-gradient":""},"tablet":{"background-color":"var(--ast-global-color-5)","background-image":"","background-repeat":"repeat","background-position":"center center","background-size":"auto","background-attachment":"scroll","background-type":"","background-media":"","overlay-type":"","overlay-color":"","overlay-opacity":"","overlay-gradient":""},"mobile":{"background-color":"var(--ast-global-color-5)","background-image":"","background-repeat":"repeat","background-position":"center center","background-size":"auto","background-attachment":"scroll","background-type":"","background-media":"","overlay-type":"","overlay-color":"","overlay-opacity":"","overlay-gradient":""}},"footnotes":""},"categories":[8],"tags":[2320,8866,19811,15414],"class_list":["post-64027","post","type-post","status-publish","format-standard","has-post-thumbnail","hentry","category-noticias","tag-movimiento-ciudadano","tag-nuevo-leon","tag-samuel-garcia","tag-tsjn"],"_links":{"self":[{"href":"https:\/\/losperiodistas.com.mx\/portal\/wp-json\/wp\/v2\/posts\/64027","targetHints":{"allow":["GET"]}}],"collection":[{"href":"https:\/\/losperiodistas.com.mx\/portal\/wp-json\/wp\/v2\/posts"}],"about":[{"href":"https:\/\/losperiodistas.com.mx\/portal\/wp-json\/wp\/v2\/types\/post"}],"author":[{"embeddable":true,"href":"https:\/\/losperiodistas.com.mx\/portal\/wp-json\/wp\/v2\/users\/1"}],"replies":[{"embeddable":true,"href":"https:\/\/losperiodistas.com.mx\/portal\/wp-json\/wp\/v2\/comments?post=64027"}],"version-history":[{"count":1,"href":"https:\/\/losperiodistas.com.mx\/portal\/wp-json\/wp\/v2\/posts\/64027\/revisions"}],"predecessor-version":[{"id":64029,"href":"https:\/\/losperiodistas.com.mx\/portal\/wp-json\/wp\/v2\/posts\/64027\/revisions\/64029"}],"wp:featuredmedia":[{"embeddable":true,"href":"https:\/\/losperiodistas.com.mx\/portal\/wp-json\/wp\/v2\/media\/64028"}],"wp:attachment":[{"href":"https:\/\/losperiodistas.com.mx\/portal\/wp-json\/wp\/v2\/media?parent=64027"}],"wp:term":[{"taxonomy":"category","embeddable":true,"href":"https:\/\/losperiodistas.com.mx\/portal\/wp-json\/wp\/v2\/categories?post=64027"},{"taxonomy":"post_tag","embeddable":true,"href":"https:\/\/losperiodistas.com.mx\/portal\/wp-json\/wp\/v2\/tags?post=64027"}],"curies":[{"name":"wp","href":"https:\/\/api.w.org\/{rel}","templated":true}]}}