{"id":64024,"date":"2023-12-02T07:14:59","date_gmt":"2023-12-02T13:14:59","guid":{"rendered":"http:\/\/losperiodistas.com.mx\/portal\/?p=64024"},"modified":"2023-12-02T07:15:01","modified_gmt":"2023-12-02T13:15:01","slug":"muere-concha-velasco-a-los-84-anos-la-actriz-que-enamoro-a-todo-un-pais-la-lectura","status":"publish","type":"post","link":"https:\/\/losperiodistas.com.mx\/portal\/muere-concha-velasco-a-los-84-anos-la-actriz-que-enamoro-a-todo-un-pais-la-lectura\/","title":{"rendered":"Muere Concha Velasco a los 84 a\u00f1os, la actriz que enamor\u00f3 a todo un pa\u00eds | La Lectura"},"content":{"rendered":"\n<h2 class=\"has-background has-medium-font-size wp-block-heading\" style=\"background-color:#40eff5\">La actriz, bailarina y cantante, que ha fallecido en la madrugada del s\u00e1bado en Madrid, fue una de las int\u00e9rpretes espa\u00f1olas m\u00e1s populares del siglo XX gracias al cine y alcanz\u00f3 en el teatro su mayor prestigio profesional.<\/h2>\n\n\n\n<figure class=\"wp-block-image size-large is-style-default\"><img fetchpriority=\"high\" decoding=\"async\" width=\"1024\" height=\"576\" src=\"https:\/\/losperiodistas.com.mx\/portal\/wp-content\/uploads\/2023\/12\/814178635_238111657_1706x960-1024x576.jpg\" alt=\"\" class=\"wp-image-64025\" srcset=\"https:\/\/losperiodistas.com.mx\/portal\/wp-content\/uploads\/2023\/12\/814178635_238111657_1706x960-1024x576.jpg 1024w, https:\/\/losperiodistas.com.mx\/portal\/wp-content\/uploads\/2023\/12\/814178635_238111657_1706x960-300x169.jpg 300w, https:\/\/losperiodistas.com.mx\/portal\/wp-content\/uploads\/2023\/12\/814178635_238111657_1706x960-768x432.jpg 768w, https:\/\/losperiodistas.com.mx\/portal\/wp-content\/uploads\/2023\/12\/814178635_238111657_1706x960-1536x864.jpg 1536w, https:\/\/losperiodistas.com.mx\/portal\/wp-content\/uploads\/2023\/12\/814178635_238111657_1706x960.jpg 1706w\" sizes=\"(max-width: 1024px) 100vw, 1024px\" \/><figcaption>Muere Concha Velasco a los 84 a\u00f1os, la actriz que enamor\u00f3 a todo un pa\u00eds<\/figcaption><\/figure>\n\n\n\n<p class=\"has-vivid-red-color has-text-color has-medium-font-size\"><strong>FERNANDO D\u00cdAZ DE QUIJANO \/ LA LECTURA<\/strong><\/p>\n\n\n\n<p id=\"paragraph_1\">La actriz&nbsp;<a href=\"https:\/\/www.elespanol.com\/el-cultural\/escenarios\/20231202\/mil-caras-concha-velasco-artista-puro-fuego-hecha-misma\/767173537_0.html\"><strong>Concha Velasco<\/strong><\/a>&nbsp;ha fallecido este s\u00e1bado a los 84 a\u00f1os en el Hospital Puerta de Hierro de Majadahonda (Madrid), seg\u00fan han confirmado sus hijos, Manuel y Paco Mart\u00ednez.<\/p>\n\n\n\n<p id=\"paragraph_2\">\u00abLamentamos informar de que nuestra madre, Concha Velasco, ha fallecido hoy s\u00e1bado 2 a las 02:00 en el Hospital Puerta de Hierro de Majadahonda, habiendo recibido los Santos Sacramentos, a consecuencia de una complicaci\u00f3n en su enfermedad\u00bb, ha explicado la familia en un comunicado remitido a los medios de comunicaci\u00f3n.<\/p>\n\n\n\n<p id=\"paragraph_3\">La capilla ardiente de la artista se instalar\u00e1 en el teatro La Latina de Madrid a partir de las 13:30 horas de hoy.https:\/\/buy.tinypass.com\/checkout\/template\/cacheableShow?aid=HEQTYbTpKq&amp;templateId=OT3J9N5TJ2D7&amp;templateVariantId=OTVX1DCVDDZT7&amp;gaClientId=1484424366.1700329078&amp;offerId=fakeOfferId&amp;experienceId=EX45RE0NQC9S&amp;iframeId=offer_7127a866d87da23d25b3-0&amp;displayMode=inline&amp;pianoIdUrl=https%3A%2F%2Fsocial.elespanol.com%2Fid%2F&amp;widget=template&amp;url=https%3A%2F%2Fwww.elespanol.com<\/p>\n\n\n\n<p id=\"paragraph_4\"><a href=\"https:\/\/www.elespanol.com\/el-cultural\/20231202\/muere-concha-velasco-directo-reacciones-ultima-hora-fallecimiento-actriz\/814268567_10.html\"><em>[Muere Concha Velasco, en directo | \u00daltimas reacciones sobre el fallecimiento de la actriz]<\/em><\/a>Contenido Patrocinado<a href=\"https:\/\/www.outbrain.com\/what-is\/default\/es\">Recomendado por<\/a>https:\/\/imasdk.googleapis.com\/js\/core\/bridge3.605.0_es.html#goog_2107178029https:\/\/imasdk.googleapis.com\/js\/core\/bridge3.605.0_es.html#goog_63606788900:14 \/ 00:20<video preload=\"none\" poster=\"data:image\/png;base64,iVBORw0KGgoAAAANSUhEUgAAAAEAAAABCAQAAAC1HAwCAAAAC0lEQVR42mNkYAAAAAYAAjCB0C8AAAAASUVORK5CYII=\"><\/video><\/p>\n\n\n\n<p id=\"paragraph_5\"><strong>En el verano de 2021 la salud de la artista se deterior\u00f3 dr\u00e1sticamente<\/strong>&nbsp;y sus hijos decidieron en febrero de 2022 trasladarla a una residencia. En diciembre de ese a\u00f1o tuvo que ser ingresada en el hospital, con problemas de aparato digestivo, h\u00edgado y artritis.<\/p>\n\n\n\n<p id=\"paragraph_6\">La actriz, con una dilatada carrera de siete d\u00e9cadas, se retir\u00f3 de los escenarios definitivamente en septiembre de 2021. Su \u00faltima obra fue&nbsp;<em>La habitaci\u00f3n de Mar\u00eda<\/em>, creada por su hijo Manuel.<\/p>\n\n\n\n<p id=\"paragraph_7\"><a href=\"https:\/\/www.elespanol.com\/el-cultural\/cine\/20231202\/chica-cruz-roja-berlanga-mejores-peliculas-concha-velasco\/776422594_0.html\"><em>[De chica de la Cruz Roja a chica Berlanga: las 10 mejores pel\u00edculas de Concha Velasco]<\/em><\/a><\/p>\n\n\n\n<p id=\"paragraph_8\">Concepci\u00f3n Velasco Varona, m\u00e1s conocida como Concha Velasco, fue una artista de los escenarios enormemente polifac\u00e9tica. A lo largo de su carrera&nbsp;<strong>fue actriz, cantante, bailarina y presentadora de televisi\u00f3n<\/strong>. Fue un icono popular gracias a sus numerosos papeles en el cine, de donde surgi\u00f3 inesperadamente su carrera como cantante, y tambi\u00e9n fue uno de los rostros m\u00e1s conocidos de la televisi\u00f3n, pero fue en el teatro donde alcanz\u00f3 su mayor prestigio como int\u00e9rprete.<\/p>\n\n\n\n<p id=\"paragraph_9\">Entre las distinciones m\u00e1s importantes que recibi\u00f3 figuran el&nbsp;<strong>Goya de Honor<\/strong>, que la Academia de Cine le concedi\u00f3 en 2012 por \u201c<strong>su enriquecedora contribuci\u00f3n al cine espa\u00f1ol<\/strong>, su gran versatilidad interpretativa y su enorme capacidad de trabajo\u201d, y el&nbsp;<strong>Premio Nacional de Teatro<\/strong>, que obtuvo en dos ocasiones: en 1972 por<em>&nbsp;Abelardo y Elo\u00edsa<\/em>, y en 2016 \u201cpor su momento de plenitud art\u00edstica y por la pasi\u00f3n, valent\u00eda y excelencia con que aborda papeles tan complejos como los \u00faltimamente interpretados en&nbsp;<em>La vida por delante, H\u00e9cuba, Olivia y Eugenio&nbsp;<\/em>y&nbsp;<em>Reina Juana<\/em>\u201d. El jurado tambi\u00e9n destac\u00f3 \u00absu figura como&nbsp;<strong>referente de la escena<\/strong>&nbsp;y el magisterio que durante su carrera ha ejercido sobre las nuevas generaciones\u00bb.<\/p>\n\n\n\n<p id=\"paragraph_10\">En 2015&nbsp;<a href=\"https:\/\/www.elespanol.com\/el-cultural\/escenarios\/20150414\/concha-velasco-gana-ix-premio-valle-inclan-teatro\/25747469_0.html\">gan\u00f3 el Premio Valle-Incl\u00e1n de teatro<\/a>&nbsp;por su mencionado&nbsp;<a href=\"https:\/\/www.elespanol.com\/el-cultural\/escenarios\/20130726\/concha-velasco-nadie-habla-casa-paso-estudiando\/13998995_0.html\">papel de H\u00e9cuba<\/a>, en una adaptaci\u00f3n de la obra de Eur\u00edpides escrita por Juan Mayorga, dirigida por Jos\u00e9 Carlos Plaza e interpretada en el imponente escenario del Teatro Romano de M\u00e9rida durante el festival de teatro cl\u00e1sico de la capital extreme\u00f1a.<\/p>\n\n\n\n<p id=\"paragraph_11\">\u201cQui\u00e9n iba a pensar que la chica de Valladolid, que siempre fue la chica de la Cruz Roja [en referencia a una de sus comedias de juventud] iba a llegar a ser la H\u00e9cuba de Eur\u00edpides\u201d, afirm\u00f3 entusiasmada tras recibir el premio. Tambi\u00e9n hizo un comentario que demostraba su arrojo y su voluntad de trabajo: \u201cFui yo quien pidi\u00f3 hacer esta obra y a todo el mundo le sorprendi\u00f3 mucho que en este momento de mi vida quisiera hacer este papel, pero\u00a0<strong>no soy de las que se quedan esperando a que suene el tel\u00e9fono\u201d.<\/strong><\/p>\n\n\n\n<figure class=\"wp-block-embed is-type-video is-provider-youtube wp-block-embed-youtube wp-embed-aspect-16-9 wp-has-aspect-ratio\"><div class=\"wp-block-embed__wrapper\">\n<iframe title=\"Concha Velasco gana el IX Premio Valle-Incl\u00e1n de Teatro\" width=\"500\" height=\"281\" src=\"https:\/\/www.youtube.com\/embed\/P_5yzK2yRDs?feature=oembed\" frameborder=\"0\" allow=\"accelerometer; autoplay; clipboard-write; encrypted-media; gyroscope; picture-in-picture; web-share\" referrerpolicy=\"strict-origin-when-cross-origin\" allowfullscreen><\/iframe>\n<\/div><\/figure>\n\n\n\n<p><\/p>\n\n\n\n<p id=\"paragraph_12\">En su curr\u00edculo tambi\u00e9n destacan la&nbsp;<strong>Medalla de Oro al M\u00e9rito en el Trabajo<\/strong>&nbsp;y el Premio de la Academia de Televisi\u00f3n a Toda una Vida, ambos en 2009; el Premio Toda una Vida de la Uni\u00f3n de Actores en 2011; el Premio de la Comunidad de Madrid y el Premio Em\u00e9rita Augusta en 2014 y el Premio Corral de Comedias del Festival Internacional de Teatro Cl\u00e1sico de Almagro, en 2016.<\/p>\n\n\n\n<h3 class=\"wp-block-heading\">Una actriz todoterreno<\/h3>\n\n\n\n<p id=\"paragraph_13\">Concha Velasco naci\u00f3 en Valladolid en 1939. Inici\u00f3 su carrera como bailarina tras estudiar danza Cl\u00e1sica y Espa\u00f1ola en el Conservatorio Nacional, en Madrid, de los diez a los veinte a\u00f1os. Debut\u00f3 sobre las tablas con el&nbsp;<strong>cuerpo de baile de la \u00d3pera de La Coru\u00f1a<\/strong>&nbsp;y como&nbsp;<strong>bailaora flamenca<\/strong>&nbsp;form\u00f3 parte de la compa\u00f1\u00eda del cantaor Manolo Caracol.<\/p>\n\n\n\n<p id=\"paragraph_14\"><strong>Con solo 15 a\u00f1os se estren\u00f3 en el cine<\/strong>&nbsp;con un papel secundario en la pel\u00edcula&nbsp;<em>La reina mora<\/em>, de 1955, adaptaci\u00f3n de la zarzuela hom\u00f3nima de los hermanos \u00c1lvarez Quintero dirigida por Ra\u00fal Alfonso y Eusebio Fern\u00e1ndez Ardav\u00edn.<\/p>\n\n\n\n<p id=\"paragraph_15\">En los siguientes a\u00f1os particip\u00f3 tambi\u00e9n como actriz de reparto en pel\u00edculas como&nbsp;<em>La fierecilla domada<\/em>, basada en la comedia hom\u00f3nima de Shakespeare y protagonizada por Carmen Sevilla y Alberto Closas, y&nbsp;<em>Muchachas en vacaciones<\/em>, con la que obtuvo el premio del C\u00edrculo de Escritores Cinematogr\u00e1ficos a la mejor actriz secundaria.<\/p>\n\n\n\n<p id=\"paragraph_16\"><strong>Su consagraci\u00f3n definitiva como actriz le lleg\u00f3 junto a Tony Leblanc<\/strong>, con quien rod\u00f3 seis pel\u00edculas, entre ellas&nbsp;<em>Las chicas de la Cruz Roja<\/em>&nbsp;(1958),&nbsp;<em>Los tramposos<\/em>&nbsp;(1959),&nbsp;<em>El d\u00eda de los enamorados<\/em>&nbsp;(1959),&nbsp;<em>El indulto<\/em>&nbsp;(1961),&nbsp;<em>Amor bajo cero<\/em>&nbsp;(1960) y&nbsp;<em>Julia y el celacanto<\/em>&nbsp;(1961).<\/p>\n\n\n\n<p id=\"paragraph_17\">Durante aquellos a\u00f1os, en paralelo a sus papeles en el cine, comenz\u00f3&nbsp;<strong>una larga y fruct\u00edfera carrera teatral<\/strong>&nbsp;que le reportar\u00eda sus mayores \u00e9xitos en t\u00e9rminos de prestigio como actriz y que continu\u00f3 hasta septiembre de 2021, cuando anunci\u00f3 su retirada de los escenarios.<\/p>\n\n\n\n<p id=\"paragraph_18\">Su trayectoria teatral comenz\u00f3 en el \u00e1mbito de la revista y la comedia y fue creciendo con&nbsp;<strong>papeles cada vez m\u00e1s dram\u00e1ticos y complejos<\/strong>, en el terreno del teatro cl\u00e1sico y de autor. Debut\u00f3 en la revista&nbsp;<em>Ven y ven al Eslava<\/em>&nbsp;en 1959 y durante la siguiente d\u00e9cada particip\u00f3 en varias comedias, como&nbsp;<em>Los derechos de la mujer<\/em>,&nbsp;<em>Las que tienen que servir<\/em>&nbsp;y&nbsp;<em>El alma se serena<\/em>, entre otras. A ra\u00edz de su trabajo en Don Juan Tenorio conoci\u00f3 al actor y productor teatral&nbsp;<strong>Paco Mars\u00f3<\/strong>, que ser\u00eda su futuro marido hasta 2005, a\u00f1o en que se divorciaron.<\/p>\n\n\n\n<p id=\"paragraph_19\">Su trabajo en el teatro le abri\u00f3 tambi\u00e9n las puertas de la televisi\u00f3n gracias al&nbsp;<strong>programa de TVE&nbsp;<em>Estudio 1<\/em><\/strong>, en el que se emit\u00edan obras grabadas expresamente para la peque\u00f1a pantalla. Particip\u00f3 en t\u00edtulos como&nbsp;<em>La dama del alba, La alondra, Don Juan Tenorio&nbsp;<\/em>y&nbsp;<em>Una muchachita de Valladolid<\/em>.<\/p>\n\n\n\n<p id=\"paragraph_20\">En 1965 su carrera dio un salto inesperado gracias a la pel\u00edcula&nbsp;<em>Historias de la televisi\u00f3n<\/em>, dirigida por Jos\u00e9 Luis S\u00e1enz de Heredia y que tambi\u00e9n protagoniz\u00f3 junto a Leblanc. En ella, Velasco interpret\u00f3 la canci\u00f3n&nbsp;<strong>\u201cLa chica ye-y\u00e9\u201d<\/strong>, compuesta por Augusto Alguer\u00f3 y Antonio Guijarro inicialmente para Luis Aguil\u00e9, y se convirti\u00f3 en&nbsp;<strong>uno de los mayores \u00e9xitos de la historia de la m\u00fasica pop en Espa\u00f1a<\/strong>, alcanzando el n\u00famero 1 en las listas durante tres semanas. Aquel hito convirti\u00f3 a Concha Velasco en un icono enormemente popular y fue el inicio de&nbsp;<strong>una carrera musical inesperada<\/strong>&nbsp;para ella, llegando a grabar varios discos como cantante en los a\u00f1os siguientes.<\/p>\n\n\n\n<p id=\"paragraph_21\">A finales de la d\u00e9cada de los sesenta y principios de los setenta, los papeles de juventud de Velasco dieron paso a otros m\u00e1s maduros en los que sol\u00eda interpretar el tradicional papel de esposa, junto a los m\u00e1s destacados actores c\u00f3micos del momento, como&nbsp;<strong>Alfredo Landa, Jos\u00e9 Luis L\u00f3pez V\u00e1zquez y Antonio Ozores<\/strong>, y a las \u00f3rdenes de directores como Mariano Ozores, el mencionado S\u00e1enz de Heredia y Pedro Lazaga. Es la \u00e9poca de t\u00edtulos como&nbsp;<em>Cuatro noches de boda<\/em>,&nbsp;<em>La decente<\/em>,&nbsp;<em>Pr\u00e9stame quince d\u00edas<\/em>&nbsp;o&nbsp;<em>Venta por pisos<\/em>. Tambi\u00e9n actu\u00f3 en varias pel\u00edculas&nbsp;<strong>junto al cantante Manolo Escobar<\/strong>, en pel\u00edculas como&nbsp;<em>Pero\u2026 \u00bfen qu\u00e9 pa\u00eds vivimos?<\/em>,&nbsp;<em>Juicio de faldas<\/em>,&nbsp;<em>En un lugar de la Manga<\/em>&nbsp;o&nbsp;<em>Me debes un muerto<\/em>.<\/p>\n\n\n\n<p id=\"paragraph_22\">Durante la&nbsp;<strong>Transici\u00f3n<\/strong>&nbsp;particip\u00f3 en otro tipo de&nbsp;<strong>pel\u00edculas m\u00e1s serias<\/strong>, como&nbsp;<em>La colmena<\/em>, de Mario Camus,&nbsp;<em>Esquilache<\/em>, de Josefina Molina, por la que fue nominada al Goya a la mejor actriz de reparto, y&nbsp;<em>Yo me bajo en la pr\u00f3xima, \u00bfy usted?<\/em>.<\/p>\n\n\n\n<p id=\"paragraph_23\">Mientras tanto,&nbsp;<strong>su mejor papel protagonista en televisi\u00f3n fue&nbsp;<em>Teresa de Jes\u00fas<\/em><\/strong>&nbsp;(1984), emitida en TVE. Tambi\u00e9n fue la presentadora de varios&nbsp;<strong>programas especiales de Nochevieja, programas musicales y de variedades<\/strong>&nbsp;como&nbsp;<em>Viva el espect\u00e1culo<\/em>, y otros con los que dio el salto a las cadenas privadas, como&nbsp;<em>Querida Concha<\/em>, en Telecinco, o&nbsp;<em>Encantada de la vida<\/em>, en Antena 3. En esta misma cadena protagoniz\u00f3 las series&nbsp;<em>Yo, una mujer<\/em>&nbsp;y&nbsp;<em>Mam\u00e1 quiere ser artista<\/em>, y particip\u00f3 tambi\u00e9n en&nbsp;<em>Compa\u00f1eros<\/em>. Otro de sus trabajos m\u00e1s recordados en la televisi\u00f3n de aquellos \u00faltimos a\u00f1os noventa fue el programa&nbsp;<em>Sorpresa, sorpresa,<\/em>&nbsp;que present\u00f3 en sustituci\u00f3n de Isabel Gemio.<\/p>\n\n\n\n<p id=\"paragraph_24\">Sus \u00faltimas apariciones en cine fueron&nbsp;<em>M\u00e1s all\u00e1 del jard\u00edn<\/em>&nbsp;(1996), por la que volvi\u00f3 a ser nominada al Goya, esta vez como mejor actriz protagonista;&nbsp;<em>Par\u00eds-Tombuct\u00fa<\/em>&nbsp;(1999), junto al director&nbsp;<strong>Luis Garc\u00eda Berlanga<\/strong>&nbsp;\u2014trabajar con \u00e9l fue una de las grandes aspiraciones de su carrera\u2014,&nbsp;<em>Km. 0<\/em>&nbsp;(2001),&nbsp;<em>El oro de Mosc\u00fa<\/em>&nbsp;(2003),&nbsp;<em>Bienvenido a casa<\/em>&nbsp;(2005),&nbsp;<em>B&amp;B<\/em>&nbsp;(2006),&nbsp;<em>Chuecatown&nbsp;<\/em>(2007),&nbsp;<em>Enloquecidas&nbsp;<\/em>(2008),&nbsp;<em>Rabia&nbsp;<\/em>(2009) y&nbsp;<em>Malasa\u00f1a 32<\/em>&nbsp;(2020).<\/p>\n\n\n\n<p id=\"paragraph_25\">En televisi\u00f3n, entre sus \u00faltimas apariciones destacan las series&nbsp;<em>Motivos personales<\/em>,&nbsp;<em>Herederos<\/em>,&nbsp;<em>Las chicas de oro<\/em>&nbsp;(versi\u00f3n de la serie estadounidense donde estuvo acompa\u00f1ada por Lola Herrera, Carmen Maura y Alicia Hermida),&nbsp;<em>Velvet<\/em>,&nbsp;<em>Las chicas del cable<\/em>, as\u00ed como presentadora del programa&nbsp;<em>Cine de barrio<\/em>&nbsp;de TVE, labor que realiz\u00f3 durante casi una d\u00e9cada, hasta 2020.<\/p>\n\n\n\n<h3 class=\"wp-block-heading\">\u00daltimos a\u00f1os<\/h3>\n\n\n\n<p id=\"paragraph_26\">En 2018, Velasco estren\u00f3&nbsp;<em>El funeral<\/em>, su primera&nbsp;<strong>colaboraci\u00f3n teatral con su hijo Manuel Mart\u00ednez Velasco<\/strong>&nbsp;y producida, al igual que sus \u00faltimas obras en el Festival de M\u00e9rida, por Jes\u00fas Cimarro, que fue su gran valedor en la \u00faltima etapa de su carrera. La obra se estren\u00f3 en su Valladolid natal, que concedi\u00f3 a la actriz la medalla de oro de la ciudad. Cuando la present\u00f3 a los medios, dej\u00f3 caer que podr\u00eda ser su \u00faltima obra, aunque posteriormente lo desminti\u00f3:&nbsp;<strong>\u201cNo me pienso retirar en la vida\u201d<\/strong>, dijo.<\/p>\n\n\n\n<p id=\"paragraph_27\">En 2019, Concha Velasco volvi\u00f3 a M\u00e9rida con&nbsp;<em>Metamorfosis<\/em>, una ejemplarizante versi\u00f3n del poema de Ovidio firmada por Mary Zimmerman y dirigida por David Serrano. Ella hac\u00eda de maestra de ceremonias presentando cada una de las escenas y capitaneando un elenco sobresaliente del que tambi\u00e9n formaban parte Pepe Viyuela, Mar\u00eda Herv\u00e1s, Edu Soto y Adri\u00e1n Lastra, entre otros. El director de la obra explicaba as\u00ed en El Cultural lo que supon\u00eda para \u00e9l trabajar con un mito de los escenarios como Velasco: \u00abCon ella pasa como con Sacrist\u00e1n o G\u00f3mez: son tan grandes que tiendes a ver la figura y no el int\u00e9rprete. Pero son grand\u00edsimos actores. Concha puede hacer lo quiera y siempre te va a impresionar\u00bb.<\/p>\n\n\n\n<p id=\"paragraph_28\">En 2020 volvi\u00f3 a colaborar con su hijo en\u00a0<strong><em>La habitaci\u00f3n de Mar\u00eda<\/em><\/strong>, dirigida por Jos\u00e9 Carlos Plaza. Esta vez s\u00ed fue<strong>\u00a0su \u00faltima obra<\/strong>, con la que realiz\u00f3 la \u00faltima funci\u00f3n de su vida el 21 de septiembre de 2021 en el Teatro Bret\u00f3n de los Herreros de Logro\u00f1o, d\u00edas despu\u00e9s de anunciar definitivamente su retirada de los escenarios, convencida por sus hijos. Poco despu\u00e9s se mud\u00f3 a casa de Paco, su hijo menor, y en febrero de 2022 ingres\u00f3 voluntariamente en una residencia para personas mayores, ya que debido a la artrosis y otros problemas de salud necesitaba atenci\u00f3n constante y su estado de salud fue deterior\u00e1ndose en los meses siguientes. <\/p>\n\n\n\n<p>Fuente: <a href=\"https:\/\/www.elespanol.com\/el-cultural\/20231202\/muere-actriz-concha-velasco-anos\/814168594_0.html\">https:\/\/www.elespanol.com\/el-cultural\/20231202\/muere-actriz-concha-velasco-anos\/814168594_0.html<\/a><\/p>\n","protected":false},"excerpt":{"rendered":"<p>La actriz, bailarina y cantante, que ha fallecido en la madrugada del s\u00e1bado en Madrid, fue una de las int\u00e9rpretes [&hellip;]<\/p>\n","protected":false},"author":1,"featured_media":64025,"comment_status":"open","ping_status":"open","sticky":false,"template":"","format":"standard","meta":{"site-sidebar-layout":"default","site-content-layout":"","ast-site-content-layout":"default","site-content-style":"default","site-sidebar-style":"default","ast-global-header-display":"","ast-banner-title-visibility":"","ast-main-header-display":"","ast-hfb-above-header-display":"","ast-hfb-below-header-display":"","ast-hfb-mobile-header-display":"","site-post-title":"","ast-breadcrumbs-content":"","ast-featured-img":"","footer-sml-layout":"","theme-transparent-header-meta":"","adv-header-id-meta":"","stick-header-meta":"","header-above-stick-meta":"","header-main-stick-meta":"","header-below-stick-meta":"","astra-migrate-meta-layouts":"default","ast-page-background-enabled":"default","ast-page-background-meta":{"desktop":{"background-color":"var(--ast-global-color-4)","background-image":"","background-repeat":"repeat","background-position":"center center","background-size":"auto","background-attachment":"scroll","background-type":"","background-media":"","overlay-type":"","overlay-color":"","overlay-opacity":"","overlay-gradient":""},"tablet":{"background-color":"","background-image":"","background-repeat":"repeat","background-position":"center center","background-size":"auto","background-attachment":"scroll","background-type":"","background-media":"","overlay-type":"","overlay-color":"","overlay-opacity":"","overlay-gradient":""},"mobile":{"background-color":"","background-image":"","background-repeat":"repeat","background-position":"center center","background-size":"auto","background-attachment":"scroll","background-type":"","background-media":"","overlay-type":"","overlay-color":"","overlay-opacity":"","overlay-gradient":""}},"ast-content-background-meta":{"desktop":{"background-color":"var(--ast-global-color-5)","background-image":"","background-repeat":"repeat","background-position":"center center","background-size":"auto","background-attachment":"scroll","background-type":"","background-media":"","overlay-type":"","overlay-color":"","overlay-opacity":"","overlay-gradient":""},"tablet":{"background-color":"var(--ast-global-color-5)","background-image":"","background-repeat":"repeat","background-position":"center center","background-size":"auto","background-attachment":"scroll","background-type":"","background-media":"","overlay-type":"","overlay-color":"","overlay-opacity":"","overlay-gradient":""},"mobile":{"background-color":"var(--ast-global-color-5)","background-image":"","background-repeat":"repeat","background-position":"center center","background-size":"auto","background-attachment":"scroll","background-type":"","background-media":"","overlay-type":"","overlay-color":"","overlay-opacity":"","overlay-gradient":""}},"footnotes":""},"categories":[8],"tags":[20709,20708],"class_list":["post-64024","post","type-post","status-publish","format-standard","has-post-thumbnail","hentry","category-noticias","tag-concha-velasco","tag-la-chica-ye-ye"],"_links":{"self":[{"href":"https:\/\/losperiodistas.com.mx\/portal\/wp-json\/wp\/v2\/posts\/64024","targetHints":{"allow":["GET"]}}],"collection":[{"href":"https:\/\/losperiodistas.com.mx\/portal\/wp-json\/wp\/v2\/posts"}],"about":[{"href":"https:\/\/losperiodistas.com.mx\/portal\/wp-json\/wp\/v2\/types\/post"}],"author":[{"embeddable":true,"href":"https:\/\/losperiodistas.com.mx\/portal\/wp-json\/wp\/v2\/users\/1"}],"replies":[{"embeddable":true,"href":"https:\/\/losperiodistas.com.mx\/portal\/wp-json\/wp\/v2\/comments?post=64024"}],"version-history":[{"count":1,"href":"https:\/\/losperiodistas.com.mx\/portal\/wp-json\/wp\/v2\/posts\/64024\/revisions"}],"predecessor-version":[{"id":64026,"href":"https:\/\/losperiodistas.com.mx\/portal\/wp-json\/wp\/v2\/posts\/64024\/revisions\/64026"}],"wp:featuredmedia":[{"embeddable":true,"href":"https:\/\/losperiodistas.com.mx\/portal\/wp-json\/wp\/v2\/media\/64025"}],"wp:attachment":[{"href":"https:\/\/losperiodistas.com.mx\/portal\/wp-json\/wp\/v2\/media?parent=64024"}],"wp:term":[{"taxonomy":"category","embeddable":true,"href":"https:\/\/losperiodistas.com.mx\/portal\/wp-json\/wp\/v2\/categories?post=64024"},{"taxonomy":"post_tag","embeddable":true,"href":"https:\/\/losperiodistas.com.mx\/portal\/wp-json\/wp\/v2\/tags?post=64024"}],"curies":[{"name":"wp","href":"https:\/\/api.w.org\/{rel}","templated":true}]}}