{"id":64011,"date":"2023-12-01T08:46:40","date_gmt":"2023-12-01T14:46:40","guid":{"rendered":"http:\/\/losperiodistas.com.mx\/portal\/?p=64011"},"modified":"2023-12-02T06:58:06","modified_gmt":"2023-12-02T12:58:06","slug":"parolin-el-papa-pide-un-nuevo-impulso-a-la-cop28-porque-el-mundo-se-desmorona-vatican-news","status":"publish","type":"post","link":"https:\/\/losperiodistas.com.mx\/portal\/parolin-el-papa-pide-un-nuevo-impulso-a-la-cop28-porque-el-mundo-se-desmorona-vatican-news\/","title":{"rendered":"Parolin: El Papa pide un nuevo impulso a la Cop28 porque el mundo se desmorona | Vatican News"},"content":{"rendered":"\n<p class=\"has-luminous-vivid-amber-background-color has-background has-medium-font-size\">El Cardenal Secretario de Estado, que estar\u00e1 hoy en Dubai para participar en la COP28, comparte con los medios vaticanos las preocupaciones y esperanzas del Papa por la crisis clim\u00e1tica, las guerras y las divisiones que desgarran el planeta. Sobre las crisis en Oriente Medio y la guerra entre Rusia y Ucrania reitera el compromiso constante de la Santa Sede en la construcci\u00f3n de la paz<\/p>\n\n\n\n<p><\/p>\n\n\n\n<figure class=\"wp-block-image size-large is-style-default\"><img fetchpriority=\"high\" decoding=\"async\" width=\"1024\" height=\"576\" src=\"https:\/\/losperiodistas.com.mx\/portal\/wp-content\/uploads\/2023\/12\/cq5dam.thumbnail.cropped.1500.844-1-1024x576.jpeg\" alt=\"\" class=\"wp-image-64012\" srcset=\"https:\/\/losperiodistas.com.mx\/portal\/wp-content\/uploads\/2023\/12\/cq5dam.thumbnail.cropped.1500.844-1-1024x576.jpeg 1024w, https:\/\/losperiodistas.com.mx\/portal\/wp-content\/uploads\/2023\/12\/cq5dam.thumbnail.cropped.1500.844-1-300x169.jpeg 300w, https:\/\/losperiodistas.com.mx\/portal\/wp-content\/uploads\/2023\/12\/cq5dam.thumbnail.cropped.1500.844-1-768x432.jpeg 768w, https:\/\/losperiodistas.com.mx\/portal\/wp-content\/uploads\/2023\/12\/cq5dam.thumbnail.cropped.1500.844-1.jpeg 1280w\" sizes=\"(max-width: 1024px) 100vw, 1024px\" \/><figcaption>El cardenal Pietro Parolin en una foto de archivo&nbsp; (@VaticanMedia)<\/figcaption><\/figure>\n\n\n\n<p><\/p>\n\n\n\n<p class=\"has-vivid-red-color has-text-color has-medium-font-size\"><strong>MASSIMILIANO MENICHETTI \/ VATICAN NEWS<\/strong><\/p>\n\n\n\n<p>Ser\u00e1 el Secretario de Estado vaticano, el cardenal Pietro Parolin, quien inicie los trabajos de la delegaci\u00f3n de la Santa Sede en la COP28, la Conferencia de las Naciones Unidas sobre el Cambio Clim\u00e1tico que se celebra en Dubai. La llegada est\u00e1 prevista para hoy, 1 de diciembre, d\u00eda en el que estaba prevista la llegada del Papa a los Emiratos \u00c1rabes Unidos. Francisco \u00abcon gran pesar\u00bb ha tenido que renunciar a este viaje para evitar el empeoramiento de la inflamaci\u00f3n pulmonar que le ha afectado en los \u00faltimos d\u00edas.&nbsp;&nbsp;<\/p>\n\n\n\n<p><strong>Eminencia, el Papa no podr\u00e1 participar en la Conferencia Internacional sobre el Clima de Dubai, como hubiera sido su deseo. \u00bfCu\u00e1les son las expectativas y esperanzas de Francisco para la COP28?<\/strong><\/p>\n\n\n\n<p>En el coraz\u00f3n del Papa est\u00e1 la conciencia de la necesidad de actuar para el cuidado de la casa com\u00fan, la urgencia de posiciones valientes y un nuevo impulso a las pol\u00edticas locales e internacionales para que el hombre no se vea amenazado por intereses partidistas, miopes o depredadores. La COP28 est\u00e1 llamada a dar una respuesta clara de la comunidad pol\u00edtica para afrontar con determinaci\u00f3n esta crisis clim\u00e1tica en los plazos urgentes que indica la ciencia. El Papa no pudo ir a Dubai, pero la decisi\u00f3n de estar all\u00ed, la primera vez para un Papa, surgi\u00f3 claramente de la&nbsp;<strong><a href=\"https:\/\/www.vatican.va\/content\/francesco\/es\/apost_exhortations\/documents\/20231004-laudate-deum.html\">Laudate Deum<\/a><\/strong>, en la que recuerda que se cumplen ahora ocho a\u00f1os de la publicaci\u00f3n de la Carta&nbsp;<strong><a href=\"https:\/\/www.vatican.va\/content\/francesco\/es\/encyclicals\/documents\/papa-francesco_20150524_enciclica-laudato-si.html\">Enc\u00edclica Laudato si&#8217;<\/a><\/strong>&nbsp;y en la que quiso compartir con todos el sufrimiento del planeta y las \u00absentidas preocupaciones\u00bb por el cuidado de la casa com\u00fan. El Papa explica que \u00abcon el paso del tiempo&#8230; no reaccionamos suficientemente, ya que el mundo que nos acoge se est\u00e1 desmoronando y quiz\u00e1s se acerca a un punto de ruptura\u00bb. No s\u00f3lo los estudios cient\u00edficos ponen de manifiesto los graves impactos del cambio clim\u00e1tico producido por el comportamiento antr\u00f3pico, sino que ya es cotidiano asistir en todo el mundo a fen\u00f3menos naturales extremos que afectan gravemente a la calidad de vida de gran parte de la poblaci\u00f3n humana y, en particular, al componente m\u00e1s vulnerable a la crisis clim\u00e1tica que ha sido el menos responsable en provocarla.<\/p>\n\n\n\n<p><strong>El Santo Padre ha hecho repetidos llamamientos a la valent\u00eda, pidiendo a los gobiernos pol\u00edticas para una ecolog\u00eda integral, para proteger a la humanidad y la casa com\u00fan. \u00bfCu\u00e1les son las expectativas para la COP28?<\/strong><\/p>\n\n\n\n<p>Tambi\u00e9n en este punto, la Laudate Deum es muy clara: \u00abSi confiamos en la capacidad del ser humano de trascender sus peque\u00f1os intereses y de pensar en grande, no podemos dejar de so\u00f1ar que esta COP28 d\u00e9 lugar a una marcada aceleraci\u00f3n de la transici\u00f3n energ\u00e9tica, con compromisos efectivos y susceptibles de un monitoreo permanente. Esta Convenci\u00f3n puede ser un punto de inflexi\u00f3n, que muestre que todo lo que se ha hecho desde 1992 iba en serio y vali\u00f3 la pena, o ser\u00e1 una gran decepci\u00f3n y pondr\u00e1 en riesgo lo bueno que se haya podido lograr hasta ahora\u00bb (n. 54).<\/p>\n\n\n\n<p>De hecho, la esperanza es que la COP28 pueda dar indicaciones claras para favorecer esta aceleraci\u00f3n. Una transici\u00f3n energ\u00e9tica que puede declinarse de varias maneras, empezando por la reducci\u00f3n gradual y r\u00e1pida de los combustibles f\u00f3siles mediante un mayor uso de las energ\u00edas renovables y la eficiencia energ\u00e9tica, as\u00ed como mediante un mayor compromiso con la educaci\u00f3n para la ecolog\u00eda integral.&nbsp;<\/p>\n\n\n\n<p>Es bueno reiterar lo que el Santo Padre y la Santa Sede han repetido a menudo: los medios econ\u00f3micos y t\u00e9cnicos para contrarrestar la crisis clim\u00e1tica son necesarios, pero no suficientes; es indispensable que vayan acompa\u00f1ados de un proceso educativo que incida en cambios en los estilos de vida y en los medios de producci\u00f3n y consumo, orientados a promover un modelo renovado de desarrollo humano integral y de sostenibilidad, basado en el cuidado, la fraternidad, la cooperaci\u00f3n entre los seres humanos y el fortalecimiento de esa alianza entre el ser humano y el medio ambiente que, como dec\u00eda Benedicto XVI en&nbsp;<strong><a href=\"https:\/\/www.vatican.va\/content\/benedict-xvi\/es\/encyclicals\/documents\/hf_ben-xvi_enc_20090629_caritas-in-veritate.html\">Caritas in veritate<\/a><\/strong>, \u00abha de ser reflejo del amor creador de Dios, del cual procedemos y hacia el cual caminamos\u00bb (no. 50).<\/p>\n\n\n\n<p><strong>El Papa reiter\u00f3 que, tras la conferencia de Par\u00eds de 2015, se produjo de hecho un declive, un desinter\u00e9s. Eminencia, usted ha seguido de cerca estos acontecimientos. \u00bfSe da cuenta el mundo de los peligros?<\/strong><\/p>\n\n\n\n<p>La crisis clim\u00e1tica es muy compleja, pero es \u00abun problema social global que est\u00e1 \u00edntimamente relacionado con la dignidad de la vida humana\u00bb (Laudate Deum, n\u00ba 3). Adem\u00e1s, est\u00e1 vinculada a un comportamiento humano de aumento de las emisiones de gases de efecto invernadero que tiene consecuencias a largo plazo: se remontan al periodo posterior a la revoluci\u00f3n industrial de finales del siglo XVIII, pero se han acentuado fuertemente con el paso del tiempo: como indica el IPCC, el organismo cient\u00edfico de la ONU que estudia el cambio clim\u00e1tico, m\u00e1s del 42% del total de las emisiones netas desde 1850 se produjeron despu\u00e9s de 1990. Son lapsos de tiempo que van mucho m\u00e1s all\u00e1 de los breves ciclos electorales a los que tienen que responder los pol\u00edticos. Se trata, sin duda, de un primer problema.<\/p>\n\n\n\n<p>Adem\u00e1s, desde 2015 ha habido una serie de crisis, baste pensar en los Covid o en los persistentes problemas humanitarios que invaden nuestra sociedad. Los conflictos en Ucrania y en la zona israelo-palestina son solo dos ejemplos sorprendentes de c\u00f3mo los conflictos localizados no solo tienen un impacto inaceptable y devastador en las poblaciones civiles locales, sino que tambi\u00e9n tienen profundas repercusiones econ\u00f3micas y sociales en todo el mundo. He aqu\u00ed una segunda cuesti\u00f3n: estas crisis corren el riesgo de desviar la atenci\u00f3n de la comunidad internacional hacia la cuesti\u00f3n clim\u00e1tica.<\/p>\n\n\n\n<p>Lamentablemente, el cambio clim\u00e1tico avanza y no espera a que se ponga en pr\u00e1ctica la \u00abbuena voluntad\u00bb del ser humano. Lo que hace falta es que la comunidad internacional no s\u00f3lo tome nota de ello, sino que se d\u00e9 cuenta concretamente de que, para combatir la crisis clim\u00e1tica, o ganamos juntos o perdemos juntos. En la COP26 de Glasgow, el Santo Padre envi\u00f3 un&nbsp;<strong><a href=\"https:\/\/www.vatican.va\/content\/francesco\/es\/messages\/pont-messages\/2021\/documents\/20211029-messaggio-cop26-glasgow.html\">Mensaje<\/a><\/strong>&nbsp;en el que indicaba que \u00abLas heridas causadas a la humanidad por [&#8230;] el cambio clim\u00e1tico, son comparables a las resultantes de un conflicto mundial. Al igual que tras la Segunda Guerra Mundial, hoy es necesario que toda la comunidad internacional d\u00e9 prioridad a la puesta en marcha de acciones colegiadas, solidarias y con amplitud de miras\u201d. El verdadero enemigo a combatir son los comportamientos irresponsables que repercuten en todos los componentes de nuestra humanidad de hoy y de ma\u00f1ana. La respuesta debe ser r\u00e1pida y cohesionada.<\/p>\n\n\n\n<p>Ser\u00eda bueno que la COP28 contribuyera a poner en pr\u00e1ctica el deseo expresado por el Papa Francisco en Laudato si&#8217;: \u00abmientras la humanidad del per\u00edodo post-industrial quiz\u00e1s sea recordada como una de las m\u00e1s irresponsables de la historia, es de esperar que la humanidad de comienzos del siglo XXI pueda ser recordada por haber asumido con generosidad sus graves responsabilidades\u00bb (n. 165). Hay esperanza en ello, ya que la humanidad posee los medios y las capacidades para asumir tales responsabilidades.<\/p>\n\n\n\n<p><strong>La COP28 se celebra en los Emiratos \u00c1rabes Unidos, mientras contin\u00faa el conflicto entre Israel y Ham\u00e1s. \u00bfC\u00f3mo ve la Santa Sede esta situaci\u00f3n?<\/strong><\/p>\n\n\n\n<p>El atentado terrorista perpetrado el 7 de octubre por Ham\u00e1s y otras organizaciones palestinas contra la poblaci\u00f3n de Israel ha causado una grave y profunda herida en los israel\u00edes y en todos nosotros. La seguridad de esa poblaci\u00f3n se ha visto seriamente comprometida de un modo tan brutal e incre\u00edblemente en tan poco tiempo. El Santo Padre lo dijo desde el principio: \u00abEl terrorismo y los extremismos no ayudan a alcanzar una soluci\u00f3n al conflicto entre israel\u00edes y palestinos, sino que alimentan el odio, la violencia, la venganza, y solo hacen sufrir a los unos y a los otros\u00bb (<strong><a href=\"https:\/\/www.vatican.va\/content\/francesco\/es\/audiences\/2023\/documents\/20231011-udienza-generale.html\">Audiencia general, 11 de octubre de 2023<\/a><\/strong>).&nbsp;<\/p>\n\n\n\n<p>Y, en efecto, el proceso de paz israelo-palestino, que ya sufr\u00eda ralentizaciones y estancamientos, se ha vuelto ahora a\u00fan m\u00e1s complejo. Por otra parte, tal vez \u00e9ste fuera el objetivo de los terroristas ya que, como siempre han declarado, los milicianos de Ham\u00e1s no tienen en su horizonte la paz con Israel, al contrario -irresponsablemente- desear\u00edan su desaparici\u00f3n. Esto, sin embargo, no se corresponde con la voluntad que siempre ha asegurado la Autoridad del Estado de Palestina, en particular el Presidente Mahmud Abbas, de querer un di\u00e1logo con el Estado de Israel para la plena realizaci\u00f3n de la soluci\u00f3n de los dos Estados, promovida desde hace tantos a\u00f1os por la Santa Sede junto con un estatuto especial para la Ciudad Santa de Jerusal\u00e9n. Por eso espero que en el futuro haya v\u00edas sinceras de di\u00e1logo, aunque ahora las veo muy estrechas. En los jardines vaticanos est\u00e1 ese olivo que plantaron en 2014 el presidente israel\u00ed Shimon Peres y el presidente palestino Mahmoud Abbas, junto con el papa Francisco y el patriarca Bartolom\u00e9. Seguimos reg\u00e1ndolo con el agua de la esperanza, que brota de la oraci\u00f3n y tambi\u00e9n del trabajo diplom\u00e1tico.<\/p>\n\n\n\n<p>Sin embargo, estos d\u00edas veo un rayo de luz en los negociados que han permitido una tregua y la liberaci\u00f3n de diversos secuestrados israel\u00edes y de otras nacionalidades. Lamentablemente hoy hemos sabido que los combates han recomenzado. La Santa Sede espera que lo antes posible cesen las violencias. Creo que los esfuerzos de di\u00e1logo realizados por Egipto y Qatar, junto con los Estados Unidos de Am\u00e9rica, son realmente dignos de elogio, junto con la voluntad del gobierno israel\u00ed de alcanzar una soluci\u00f3n para todos los rehenes lo antes posible. Me alegra verdaderamente ver que esas personas pueden reencontrarse con sus familias. Tambi\u00e9n rezo y me solidarizo con la angustia de las dem\u00e1s familias que siguen sin poder abrazar a sus seres queridos, todav\u00eda secuestrados en Gaza. Esperamos que todos ellos sean liberados pronto.<\/p>\n\n\n\n<p>Al mismo tiempo, la situaci\u00f3n humanitaria en la Franja de Gaza es motivo de gran preocupaci\u00f3n para la Santa Sede. Miles de v\u00edctimas, hablamos de m\u00e1s de 15.000, heridos, desaparecidos. Parece que no hay ning\u00fan lugar seguro, incluso las escuelas, los hospitales y los lugares de culto est\u00e1n siendo objeto de usos impropios y de batallas. M\u00e1s de un mill\u00f3n de personas se han quedado sin hogar, teniendo que desplazarse al sur de esa peque\u00f1a franja de tierra palestina. Es realmente encomiable el papel de Egipto que est\u00e1 proporcionando y coordinando la llegada de ayuda humanitaria, as\u00ed como el de Jordania, Qatar y Emiratos \u00c1rabes Unidos que la est\u00e1n enviando e intentando ayudar a la poblaci\u00f3n palestina. No podemos olvidar y alentar el esfuerzo humanitario que las agencias de la ONU est\u00e1n realizando en Gaza. Por lo tanto, ahora es necesario que cesen definitivamente los combates y que se encuentren otras v\u00edas para que Ham\u00e1s y las dem\u00e1s organizaciones palestinas puedan desarmarse, y dejen de ser una amenaza terrorista para los israel\u00edes, pero tambi\u00e9n para los propios palestinos.<\/p>\n\n\n\n<p>Como ya ha dicho el Santo Padre, este conflicto, que afecta a Tierra Santa, toca los corazones y las emociones de todos. Se siente mucho la rabia de tantos por lo que sucedi\u00f3 el 7 de octubre en Israel, pero tambi\u00e9n por lo que est\u00e1 sucediendo en Gaza, y ahora por los horribles reflejos que este conflicto est\u00e1 produciendo en las sociedades de algunos pa\u00edses. Me refiero, en particular, al creciente n\u00famero de actos de antisemitismo que se han producido en muchos pa\u00edses. Como ha dicho muchas veces y con gran determinaci\u00f3n el Santo Padre: el antisemitismo es una negaci\u00f3n de los propios or\u00edgenes, una contradicci\u00f3n absoluta, porque un cristiano no puede ser antisemita. Nuestras ra\u00edces son comunes. Ser\u00eda una contradicci\u00f3n de fe y de vida. Y no s\u00f3lo para los cristianos: para todos, defender la libertad de los dem\u00e1s al profesar su fe es un acto humano, mientras que ultrajarla es inhumano, como sucedi\u00f3 en la vergonzosa Shoah.<\/p>\n\n\n\n<p><strong>La Santa Sede tambi\u00e9n sigue de cerca la guerra entre Rusia y Ucrania. \u00bfC\u00f3mo contin\u00faa la labor de la diplomacia vaticana en este contexto?<\/strong><\/p>\n\n\n\n<p>El compromiso de la Santa Sede no ha disminuido y sigue centr\u00e1ndose en las cuestiones humanitarias, en particular en la repatriaci\u00f3n de los menores ucranianos. Los diversos intercambios de informaci\u00f3n entre las partes ucraniana y rusa, a trav\u00e9s de las Nunciaturas Apost\u00f3licas presentes en los dos pa\u00edses, han permitido conocer la suerte de decenas de ni\u00f1os. Un resultado alentador, logrado tambi\u00e9n gracias a la implicaci\u00f3n expl\u00edcita de la Santa Sede, como indica la Oficina del Comisario Presidencial para los Derechos del Ni\u00f1o de la Federaci\u00f3n Rusa, fue la repatriaci\u00f3n de Bogdan Yermokhin, que tuvo lugar la noche antes de que cumpliera 18 a\u00f1os. Adem\u00e1s, se est\u00e1 perfeccionando el mecanismo iniciado tras la misi\u00f3n del cardenal Zuppi, lo que promete mejores resultados. Esperamos que este esfuerzo abra tambi\u00e9n la v\u00eda al di\u00e1logo sobre otras cuestiones.<\/p>\n\n\n\n<p><strong>Eminencia, \u00bfsigue mereciendo la pena albergar esperanzas en estos tiempos complejos desgarrados por las guerras, la violencia y las privaciones?<\/strong><\/p>\n\n\n\n<p>Ante las tragedias que siguen afligiendo a la humanidad, todos nos sentimos perdedores y estamos tentados de ceder a la desesperaci\u00f3n y al fatalismo. Con el Papa Francisco, yo tambi\u00e9n quiero repetir \u00abno dejemos que nos roben la esperanza\u00bb, sobre todo cuando el camino de la vida se topa con problemas y obst\u00e1culos que parecen insuperables.&nbsp;&nbsp;Por supuesto, la esperanza exige realismo. Exige que llamemos a los problemas por su nombre, conscientes de que las numerosas crisis morales, sociales, medioambientales, pol\u00edticas y econ\u00f3micas que vivimos est\u00e1n interconectadas, y lo que vemos como problemas individuales son en realidad una causa o consecuencia de los dem\u00e1s. Pero la esperanza exige entonces el coraje de actuar; la audacia de arrojar el coraz\u00f3n por encima del obst\u00e1culo, de renunciar al mal y salir del angosto espacio de los intereses personales o nacionales, de dar cada d\u00eda esos peque\u00f1os pasos posibles de bien para intentar mejorar situaciones complicadas y sembrar la paz con paciencia y confianza.<\/p>\n\n\n\n<p>Fuente: <a href=\"https:\/\/www.vaticannews.va\/es\/vaticano\/news\/2023-12\/parolin-papa-pide-nuevo-impulso-cop28-mundo-desmorona.html\">https:\/\/www.vaticannews.va\/es\/vaticano\/news\/2023-12\/parolin-papa-pide-nuevo-impulso-cop28-mundo-desmorona.html<\/a><\/p>\n","protected":false},"excerpt":{"rendered":"<p>El Cardenal Secretario de Estado, que estar\u00e1 hoy en Dubai para participar en la COP28, comparte con los medios vaticanos [&hellip;]<\/p>\n","protected":false},"author":1,"featured_media":64012,"comment_status":"open","ping_status":"open","sticky":false,"template":"","format":"standard","meta":{"site-sidebar-layout":"default","site-content-layout":"","ast-site-content-layout":"default","site-content-style":"default","site-sidebar-style":"default","ast-global-header-display":"","ast-banner-title-visibility":"","ast-main-header-display":"","ast-hfb-above-header-display":"","ast-hfb-below-header-display":"","ast-hfb-mobile-header-display":"","site-post-title":"","ast-breadcrumbs-content":"","ast-featured-img":"","footer-sml-layout":"","theme-transparent-header-meta":"","adv-header-id-meta":"","stick-header-meta":"","header-above-stick-meta":"","header-main-stick-meta":"","header-below-stick-meta":"","astra-migrate-meta-layouts":"default","ast-page-background-enabled":"default","ast-page-background-meta":{"desktop":{"background-color":"var(--ast-global-color-4)","background-image":"","background-repeat":"repeat","background-position":"center center","background-size":"auto","background-attachment":"scroll","background-type":"","background-media":"","overlay-type":"","overlay-color":"","overlay-opacity":"","overlay-gradient":""},"tablet":{"background-color":"","background-image":"","background-repeat":"repeat","background-position":"center center","background-size":"auto","background-attachment":"scroll","background-type":"","background-media":"","overlay-type":"","overlay-color":"","overlay-opacity":"","overlay-gradient":""},"mobile":{"background-color":"","background-image":"","background-repeat":"repeat","background-position":"center center","background-size":"auto","background-attachment":"scroll","background-type":"","background-media":"","overlay-type":"","overlay-color":"","overlay-opacity":"","overlay-gradient":""}},"ast-content-background-meta":{"desktop":{"background-color":"var(--ast-global-color-5)","background-image":"","background-repeat":"repeat","background-position":"center center","background-size":"auto","background-attachment":"scroll","background-type":"","background-media":"","overlay-type":"","overlay-color":"","overlay-opacity":"","overlay-gradient":""},"tablet":{"background-color":"var(--ast-global-color-5)","background-image":"","background-repeat":"repeat","background-position":"center center","background-size":"auto","background-attachment":"scroll","background-type":"","background-media":"","overlay-type":"","overlay-color":"","overlay-opacity":"","overlay-gradient":""},"mobile":{"background-color":"var(--ast-global-color-5)","background-image":"","background-repeat":"repeat","background-position":"center center","background-size":"auto","background-attachment":"scroll","background-type":"","background-media":"","overlay-type":"","overlay-color":"","overlay-opacity":"","overlay-gradient":""}},"footnotes":""},"categories":[8],"tags":[176,20706,20486],"class_list":["post-64011","post","type-post","status-publish","format-standard","has-post-thumbnail","hentry","category-noticias","tag-cambio-climatico","tag-cardenal-parolin","tag-cop28"],"_links":{"self":[{"href":"https:\/\/losperiodistas.com.mx\/portal\/wp-json\/wp\/v2\/posts\/64011","targetHints":{"allow":["GET"]}}],"collection":[{"href":"https:\/\/losperiodistas.com.mx\/portal\/wp-json\/wp\/v2\/posts"}],"about":[{"href":"https:\/\/losperiodistas.com.mx\/portal\/wp-json\/wp\/v2\/types\/post"}],"author":[{"embeddable":true,"href":"https:\/\/losperiodistas.com.mx\/portal\/wp-json\/wp\/v2\/users\/1"}],"replies":[{"embeddable":true,"href":"https:\/\/losperiodistas.com.mx\/portal\/wp-json\/wp\/v2\/comments?post=64011"}],"version-history":[{"count":2,"href":"https:\/\/losperiodistas.com.mx\/portal\/wp-json\/wp\/v2\/posts\/64011\/revisions"}],"predecessor-version":[{"id":64014,"href":"https:\/\/losperiodistas.com.mx\/portal\/wp-json\/wp\/v2\/posts\/64011\/revisions\/64014"}],"wp:featuredmedia":[{"embeddable":true,"href":"https:\/\/losperiodistas.com.mx\/portal\/wp-json\/wp\/v2\/media\/64012"}],"wp:attachment":[{"href":"https:\/\/losperiodistas.com.mx\/portal\/wp-json\/wp\/v2\/media?parent=64011"}],"wp:term":[{"taxonomy":"category","embeddable":true,"href":"https:\/\/losperiodistas.com.mx\/portal\/wp-json\/wp\/v2\/categories?post=64011"},{"taxonomy":"post_tag","embeddable":true,"href":"https:\/\/losperiodistas.com.mx\/portal\/wp-json\/wp\/v2\/tags?post=64011"}],"curies":[{"name":"wp","href":"https:\/\/api.w.org\/{rel}","templated":true}]}}