{"id":64004,"date":"2023-12-01T07:27:54","date_gmt":"2023-12-01T13:27:54","guid":{"rendered":"http:\/\/losperiodistas.com.mx\/portal\/?p=64004"},"modified":"2023-12-01T07:34:53","modified_gmt":"2023-12-01T13:34:53","slug":"cedula-real-y-visitantedistinguido-condecoraciones-entregadas-a-operation-smile-por-el-ayuntamiento-de-puebla","status":"publish","type":"post","link":"https:\/\/losperiodistas.com.mx\/portal\/cedula-real-y-visitantedistinguido-condecoraciones-entregadas-a-operation-smile-por-el-ayuntamiento-de-puebla\/","title":{"rendered":"C\u00e9dula Real y Visitante Distinguido, condecoraciones entregadas a &#8216;Operation Smile&#8217; por el Ayuntamiento de Puebla"},"content":{"rendered":"\n<figure class=\"wp-block-image size-full is-style-default\"><img fetchpriority=\"high\" decoding=\"async\" width=\"600\" height=\"400\" src=\"https:\/\/losperiodistas.com.mx\/portal\/wp-content\/uploads\/2023\/12\/d7fa6a061b746282325f550ec3daed15_XL.jpeg\" alt=\"\" class=\"wp-image-64005\" srcset=\"https:\/\/losperiodistas.com.mx\/portal\/wp-content\/uploads\/2023\/12\/d7fa6a061b746282325f550ec3daed15_XL.jpeg 600w, https:\/\/losperiodistas.com.mx\/portal\/wp-content\/uploads\/2023\/12\/d7fa6a061b746282325f550ec3daed15_XL-300x200.jpeg 300w\" sizes=\"(max-width: 600px) 100vw, 600px\" \/><figcaption>Cortes\u00eda<\/figcaption><\/figure>\n\n\n\n<p class=\"has-vivid-red-color has-text-color has-medium-font-size\"><strong>COMUNICADO<\/strong><\/p>\n\n\n\n<p>En reconocimiento a la labor mundial de &#8216;Operation Smile&#8217; en favor de la intervenci\u00f3n quir\u00fargica gratuita de labio y paladar hendido en ni\u00f1as, ni\u00f1os y j\u00f3venes, el Gobierno Municipal de Puebla condecor\u00f3 a Kathy Magee \u2013su fundadora\u2013 con una copia de la C\u00e9dula Real y la Real Provisi\u00f3n, adem\u00e1s de nombrar como &#8216;Visitantes Distinguidos&#8217; a Mart\u00edn Carlos Mart\u00ednez Villase\u00f1or y Oscar Mauricio Rojas Lodo\u00f1o \u2013Presidente y Director Ejecutivo de Operation Smile en M\u00e9xico\u2013. <\/p>\n\n\n\n<p>Fue de manos de Eduardo Rivera P\u00e9rez, Alcalde de la Ciudad, y Liliana Ortiz P\u00e9rez, Presidenta Honoraria del Sistema Municipal DIF, que se entregaron estas distinciones en el marco del D\u00eda Internacional de las Personas con Discapacidad \u2013que se conmemora cada 3 de diciembre\u2013, celebrando as\u00ed las cuatro d\u00e9cadas de trabajo, vinculaci\u00f3n y altruismo que Khaty Magee ha realizado para transformar millones de sonrisas. <\/p>\n\n\n\n<p>\u00abEsto es lo mejor que puede dar una ciudad, este reconocimiento en grado eminente que simboliza una ciudad de \u00e1ngeles y que expresa infinitas gracias\u201d, se\u00f1al\u00f3 en su mensaje el Edil, luego de recordar que, la C\u00e9dula Real y la Real Provisi\u00f3n, as\u00ed como el Visitante Distinguido, son los m\u00e1ximos galardones que brinda Puebla a quienes destacan por su humanismo, aportaciones y trayectoria. <\/p>\n\n\n\n<p>Por abanderar en el pa\u00eds esta misma entrega y compromiso social, tambi\u00e9n se condecor\u00f3 a Mart\u00edn Carlos Mart\u00ednez Villase\u00f1or, Presidente Operation Smile M\u00e9xico, Oscar Mauricio Rojas Lodo\u00f1o, Director Ejecutivo de Operation Smile M\u00e9xico, a quienes Liliana Ortiz les reconoci\u00f3 el \u201chabernos ense\u00f1ado que todas y todos sonre\u00edmos en el mismo idioma\u201d y un trabajo incansable que ha permitido la valoraci\u00f3n de m\u00e1s de 10 mil pacientes y la realizaci\u00f3n de cinco mil 500 cirug\u00edas gratuitas en 15 a\u00f1os. <\/p>\n\n\n\n<p>Tambi\u00e9n fueron parte de esta entrega solemne Gabriela Ru\u00edz, Regidora Presidenta de la Comisi\u00f3n de Salubridad, Asistencia P\u00fablica, Grupos Vulnerables y Personas con Discapacidad; Christian Guzm\u00e1n, Regidora Presidenta de la Comisi\u00f3n de Derechos Humanos e Igualdad de G\u00e9nero; y Lucero Salda\u00f1a, Secretaria del Ayuntamiento.<\/p>\n","protected":false},"excerpt":{"rendered":"<p>COMUNICADO En reconocimiento a la labor mundial de &#8216;Operation Smile&#8217; en favor de la intervenci\u00f3n quir\u00fargica gratuita de labio y [&hellip;]<\/p>\n","protected":false},"author":1,"featured_media":64005,"comment_status":"open","ping_status":"open","sticky":false,"template":"","format":"standard","meta":{"site-sidebar-layout":"default","site-content-layout":"","ast-site-content-layout":"default","site-content-style":"default","site-sidebar-style":"default","ast-global-header-display":"","ast-banner-title-visibility":"","ast-main-header-display":"","ast-hfb-above-header-display":"","ast-hfb-below-header-display":"","ast-hfb-mobile-header-display":"","site-post-title":"","ast-breadcrumbs-content":"","ast-featured-img":"","footer-sml-layout":"","theme-transparent-header-meta":"","adv-header-id-meta":"","stick-header-meta":"","header-above-stick-meta":"","header-main-stick-meta":"","header-below-stick-meta":"","astra-migrate-meta-layouts":"default","ast-page-background-enabled":"default","ast-page-background-meta":{"desktop":{"background-color":"var(--ast-global-color-4)","background-image":"","background-repeat":"repeat","background-position":"center center","background-size":"auto","background-attachment":"scroll","background-type":"","background-media":"","overlay-type":"","overlay-color":"","overlay-opacity":"","overlay-gradient":""},"tablet":{"background-color":"","background-image":"","background-repeat":"repeat","background-position":"center center","background-size":"auto","background-attachment":"scroll","background-type":"","background-media":"","overlay-type":"","overlay-color":"","overlay-opacity":"","overlay-gradient":""},"mobile":{"background-color":"","background-image":"","background-repeat":"repeat","background-position":"center center","background-size":"auto","background-attachment":"scroll","background-type":"","background-media":"","overlay-type":"","overlay-color":"","overlay-opacity":"","overlay-gradient":""}},"ast-content-background-meta":{"desktop":{"background-color":"var(--ast-global-color-5)","background-image":"","background-repeat":"repeat","background-position":"center center","background-size":"auto","background-attachment":"scroll","background-type":"","background-media":"","overlay-type":"","overlay-color":"","overlay-opacity":"","overlay-gradient":""},"tablet":{"background-color":"var(--ast-global-color-5)","background-image":"","background-repeat":"repeat","background-position":"center center","background-size":"auto","background-attachment":"scroll","background-type":"","background-media":"","overlay-type":"","overlay-color":"","overlay-opacity":"","overlay-gradient":""},"mobile":{"background-color":"var(--ast-global-color-5)","background-image":"","background-repeat":"repeat","background-position":"center center","background-size":"auto","background-attachment":"scroll","background-type":"","background-media":"","overlay-type":"","overlay-color":"","overlay-opacity":"","overlay-gradient":""}},"footnotes":""},"categories":[8],"tags":[7279,20703],"class_list":["post-64004","post","type-post","status-publish","format-standard","has-post-thumbnail","hentry","category-noticias","tag-contigoyconrumbo","tag-kathy-magee"],"_links":{"self":[{"href":"https:\/\/losperiodistas.com.mx\/portal\/wp-json\/wp\/v2\/posts\/64004","targetHints":{"allow":["GET"]}}],"collection":[{"href":"https:\/\/losperiodistas.com.mx\/portal\/wp-json\/wp\/v2\/posts"}],"about":[{"href":"https:\/\/losperiodistas.com.mx\/portal\/wp-json\/wp\/v2\/types\/post"}],"author":[{"embeddable":true,"href":"https:\/\/losperiodistas.com.mx\/portal\/wp-json\/wp\/v2\/users\/1"}],"replies":[{"embeddable":true,"href":"https:\/\/losperiodistas.com.mx\/portal\/wp-json\/wp\/v2\/comments?post=64004"}],"version-history":[{"count":2,"href":"https:\/\/losperiodistas.com.mx\/portal\/wp-json\/wp\/v2\/posts\/64004\/revisions"}],"predecessor-version":[{"id":64007,"href":"https:\/\/losperiodistas.com.mx\/portal\/wp-json\/wp\/v2\/posts\/64004\/revisions\/64007"}],"wp:featuredmedia":[{"embeddable":true,"href":"https:\/\/losperiodistas.com.mx\/portal\/wp-json\/wp\/v2\/media\/64005"}],"wp:attachment":[{"href":"https:\/\/losperiodistas.com.mx\/portal\/wp-json\/wp\/v2\/media?parent=64004"}],"wp:term":[{"taxonomy":"category","embeddable":true,"href":"https:\/\/losperiodistas.com.mx\/portal\/wp-json\/wp\/v2\/categories?post=64004"},{"taxonomy":"post_tag","embeddable":true,"href":"https:\/\/losperiodistas.com.mx\/portal\/wp-json\/wp\/v2\/tags?post=64004"}],"curies":[{"name":"wp","href":"https:\/\/api.w.org\/{rel}","templated":true}]}}