{"id":64001,"date":"2023-12-01T06:58:13","date_gmt":"2023-12-01T12:58:13","guid":{"rendered":"http:\/\/losperiodistas.com.mx\/portal\/?p=64001"},"modified":"2023-12-01T06:58:16","modified_gmt":"2023-12-01T12:58:16","slug":"dia-mundial-del-sida-did","status":"publish","type":"post","link":"https:\/\/losperiodistas.com.mx\/portal\/dia-mundial-del-sida-did\/","title":{"rendered":"D\u00eda Mundial del SIDA | DID"},"content":{"rendered":"\n<figure class=\"wp-block-image size-full is-style-default\"><img fetchpriority=\"high\" decoding=\"async\" width=\"632\" height=\"407\" src=\"https:\/\/losperiodistas.com.mx\/portal\/wp-content\/uploads\/2023\/12\/WAD23_Postcard-13_es_960x618px.jpg\" alt=\"\" class=\"wp-image-64002\" srcset=\"https:\/\/losperiodistas.com.mx\/portal\/wp-content\/uploads\/2023\/12\/WAD23_Postcard-13_es_960x618px.jpg 632w, https:\/\/losperiodistas.com.mx\/portal\/wp-content\/uploads\/2023\/12\/WAD23_Postcard-13_es_960x618px-300x193.jpg 300w\" sizes=\"(max-width: 632px) 100vw, 632px\" \/><\/figure>\n\n\n\n<p><\/p>\n\n\n\n<p class=\"has-vivid-red-color has-text-color has-medium-font-size\"><strong>REDACCI\u00d3N D\u00cdA INTERNACIONAL DE<\/strong><\/p>\n\n\n\n<p><strong>El 1 de diciembre se celebra el D\u00eda Mundial del SIDA<\/strong>. Fue el primer d\u00eda dedicado a la salud en todo el mundo, y la raz\u00f3n de elegir esa fecha concreta fue por razones de impacto medi\u00e1tico, al ser el primer d\u00eda del mes de diciembre.<\/p>\n\n\n\n<p>En este d\u00eda, se hacen muchos actos de concienciaci\u00f3n; muchas personas salen a la calle con un lazo rojo, s\u00edmbolo de la lucha contra el S\u00edndrome de Inmunodeficiencia Humana (SIDA, por sus siglas en ingl\u00e9s); grupos de personas se movilizan para recaudar fondos para la investigaci\u00f3n y para dar su apoyo y solidaridad a las personas con SIDA.<\/p>\n\n\n\n<h2 class=\"wp-block-heading\" id=\"resTit_1\">Origen del D\u00eda Mundial del SIDA<\/h2>\n\n\n\n<p>La primera vez que se celebro el\u00a0<strong>D\u00eda Mundial de la Lucha contra el SIDA<\/strong>\u00a0fue en\u00a0<strong>1988<\/strong>\u00a0y desde esa fecha, el virus ha matado a m\u00e1s de 25 millones de personas en todo el mundo, lo que supone una de las epidemias m\u00e1s destructivas de la Historia.<\/p>\n\n\n\n<figure class=\"wp-block-embed is-type-video is-provider-youtube wp-block-embed-youtube wp-embed-aspect-16-9 wp-has-aspect-ratio\"><div class=\"wp-block-embed__wrapper\">\n<iframe title=\"AIDS is not over. But it can be.\" width=\"500\" height=\"281\" src=\"https:\/\/www.youtube.com\/embed\/kjql15acnmw?feature=oembed\" frameborder=\"0\" allow=\"accelerometer; autoplay; clipboard-write; encrypted-media; gyroscope; picture-in-picture; web-share\" referrerpolicy=\"strict-origin-when-cross-origin\" allowfullscreen><\/iframe>\n<\/div><\/figure>\n\n\n\n<p><\/p>\n\n\n\n<p>El&nbsp;<strong>D\u00eda Mundial de la Lucha contra el SIDA<\/strong>&nbsp;se ha convertido en uno de los d\u00edas de la salud m\u00e1s reconocidos y supone una oportunidad para recordar a los que han fallecido, crear conciencia y celebrar victorias como el acceso a servicios de prevenci\u00f3n y tratamientos antirretrovirales.<\/p>\n\n\n\n<p>En 2011&nbsp;<strong><em>ONUSIDA<\/em><\/strong>&nbsp;decidi\u00f3 cambiar el nombre D\u00eda Internacional de la Lucha contra el Sida por el de&nbsp;<strong>D\u00eda Internacional de la Acci\u00f3n contra el Sida<\/strong>, por considerar que la palabra \u00ab<em>lucha<\/em>\u00bb tiene una connotaci\u00f3n belicista.<\/p>\n\n\n\n<p>A partir de 2021, ONUSIDA lo denomina&nbsp;<strong>D\u00eda Mundial del SIDA.<\/strong><\/p>\n\n\n\n<h2 class=\"wp-block-heading\" id=\"resTit_3\">ONUSIDA y las campa\u00f1as contra el SIDA<\/h2>\n\n\n\n<figure class=\"wp-block-image is-style-default\"><img decoding=\"async\" src=\"https:\/\/www.diainternacionalde.com\/imagenes\/dias\/diciembre\/12-01_dia-mundial-sida_comunidades2_m.jpg\" alt=\"Cartel para el D\u00eda Mundial contra el SIDA 2019\" title=\"Cartel para el D\u00eda Mundial contra el SIDA 2019\"\/><figcaption>Cartel para el D\u00eda Mundial contra el SIDA 2019<\/figcaption><\/figure>\n\n\n\n<p>En 2004 se cre\u00f3 el&nbsp;<strong>Programa Conjunto de las Naciones Unidas sobre el VIH\/Sida (<em>ONUSIDA<\/em>).<\/strong><\/p>\n\n\n\n<p>Desde entonces se han propuesto&nbsp;<strong>temas para el D\u00eda Mundial de la Lucha contra el SIDA.<\/strong>&nbsp;Estos temas tienen una duraci\u00f3n de uno a dos a\u00f1os y no solo se usan para el d\u00eda mundial sino para trabajar por la lucha contra el SIDA en general.<\/p>\n\n\n\n<p>La campa\u00f1a del&nbsp;<strong>D\u00eda Mundial del Sida<\/strong>&nbsp;de 2019 tuvo como lema \u00ab<strong><em>Las comunidades marcan la diferencia<\/em><\/strong>\u00ab. Y se centr\u00f3 en el esfuerzo de las comunidades para la lucha contra el SIDA en un momento donde la falta de financiaci\u00f3n hizo peligrar la sostenibilidad de los servicios.<\/p>\n\n\n\n<p>Las comunidades tienen el poder de seguir liderando la lucha contra el SIDA: trabajadores sociales y sanitarios, asociaciones de personas que viven con el VIH, las mujeres, los j\u00f3venes, colectivos afectados, todos ellos tienen la llave para seguir luchando contra esta enfermedad.<\/p>\n\n\n\n<h2 class=\"wp-block-heading\" id=\"noticia-2023\">Lema 2023 en el D\u00eda Mundial del SIDA<\/h2>\n\n\n\n<p>Naciones Unidas y ONUSIDA han publicado el lema de 2023 en el D\u00eda Mundial de la Lucha contra el SIDA:&nbsp;<em><strong>\u00abQue lideren las comunidades\u00bb<\/strong><\/em>.<\/p>\n\n\n\n<figure class=\"wp-block-image is-style-default\"><img decoding=\"async\" src=\"https:\/\/www.diainternacionalde.com\/imagenes\/dias\/diciembre\/12-01_dia-mundial-sida-cartel-2023_m.jpg\" alt=\"Tarjeta para redes sociales D\u00eda Mundial del SIDA 2023\" title=\"Tarjeta para redes sociales D\u00eda Mundial del SIDA 2023\"\/><figcaption>Tarjeta para redes sociales D\u00eda Mundial del SIDA 2023<\/figcaption><\/figure>\n\n\n\n<p>Y \u00bfqu\u00e9 quiere decir este lema? Lo que se busca es que las comunidades que conviven con la enfermedad, o cuyos miembros tienen riesgo de contraerla, o se han visto afectadas en primera l\u00ednea por el SIDA, son las que tienen que decidir y liderar.<\/p>\n\n\n\n<p>Estas comunidades se encuentran con muchas dificultades para liderar y desde la organizaci\u00f3n se pide a los gobiernos que no limiten la capacidad de estas comunidades y que, al contrario, las financien y apoyen, para que puedan luchar de manera efectiva contra la enfermedad del SIDA.<\/p>\n\n\n\n<p><em>\u00abEl fin del sida es posible, est\u00e1 a nuestro alcance\u00bb,<\/em>&nbsp;afirma Winnie Byanyima, Directora Ejecutiva de ONUSIDA.<em>&nbsp;\u00abPara seguir el camino que pone fin al sida, el mundo debe dejar que las comunidades asuman el liderazgo\u00bb.<\/em><\/p>\n\n\n\n<h2 class=\"wp-block-heading\" id=\"resTit_5\">Lemas de a\u00f1os anteriores<\/h2>\n\n\n\n<h3 class=\"wp-block-heading\" id=\"resTit_5_1\">Lema 2022: Igualdad ya<\/h3>\n\n\n\n<p>En 2022, la igualdad sigui\u00f3 siendo el grito de la campa\u00f1a por el D\u00eda Mundial contra el SIDA. Las desigualdades que dan continuidad a la pandemia del SIDA se pueden evitar, y de esta forma ser\u00e1 m\u00e1s f\u00e1cil frenar la infecci\u00f3n. Los datos demuestran que en los \u00faltimos a\u00f1os en los que ha aparecido el COVID, los recursos contra el SIDA se han reducido y se han puesto en riesgo muchas vidas.<\/p>\n\n\n\n<p>Las desigualdades persisten en los servicios m\u00e1s b\u00e1sicos, como el acceso a las pruebas de detecci\u00f3n, el tratamiento y los preservativos. Las mujeres j\u00f3venes africanas son las mayores afectadas por el VIH.<\/p>\n\n\n\n<h3 class=\"wp-block-heading\" id=\"resTit_5_2\">Lema 2021: Poner fin a las desigualdades. Poner fin al sida. Poner fin a las pandemias.<\/h3>\n\n\n\n<p>Este fue el lema de la campa\u00f1a para el a\u00f1o 2021, que se centr\u00f3 b\u00e1sicamente en acabar con las desigualdades, ya que solo de esta manera se podr\u00e1n conseguir los objetivos de desarrollo sostenible, y acabar con la pandemia del SIDA, del COVID-19 y otras futuras pandemias que puedan sobrevenir a la humanidad.<\/p>\n\n\n\n<h3 class=\"wp-block-heading\" id=\"resTit_5_3\">Lema 2020: Solidaridad mundial, responsabilidad compartida<\/h3>\n\n\n\n<p>En 2020, la pandemia mundial de la COVID-19 puso de manifiesto c\u00f3mo las pandemias hacen tambalear nuestro modo de vida, y c\u00f3mo la salud est\u00e1 ligada con otros problemas fundamentales, como los derechos humanos, la igualdad de g\u00e9nero, el crecimiento econ\u00f3mico y la protecci\u00f3n social. Por ello,&nbsp;<strong>el lema de 2020 para el D\u00eda Mundial contra el SIDA fue\u00bbSolidaridad mundial, responsabilidad compartida\u00bb.<\/strong><\/p>\n\n\n\n<h3 class=\"wp-block-heading\" id=\"resTit_5_4\">Lema 2019: Las pruebas del VIH o virus del SIDA<\/h3>\n\n\n\n<figure class=\"wp-block-image is-style-default\"><img decoding=\"async\" src=\"https:\/\/www.diainternacionalde.com\/imagenes\/dias\/diciembre\/12-01_dia-mundial-sida_comunidades_m.jpg\" alt=\"Lema 2019: Las comunidades marcan la diferencia\" title=\"Lema 2019: Las comunidades marcan la diferencia\"\/><figcaption>Lema 2019: Las comunidades marcan la diferencia<\/figcaption><\/figure>\n\n\n\n<p>El objetivo principal de la campa\u00f1a en 2019 fue&nbsp;<strong><em>que las personas que tengan la enfermedad, lo sepan<\/em><\/strong>&nbsp;y puedan tener acceso a los servicios de asistencia y prevenci\u00f3n de calidad para que puedan tener una buena calidad de vida.<\/p>\n\n\n\n<p>En todo el mundo&nbsp;<strong>37 millones de personas viven con el SIDA y una cuarta parte desconoce que tienen el virus<\/strong>. Es vital que una persona que recibe un resultado positivo acceda a un tratamiento antirretroviral para que pueda tratarse, tener una vida saludable y evitar la transmisi\u00f3n.<\/p>\n\n\n\n<p><strong>Las pruebas del VIH<\/strong>&nbsp;son esenciales para asegurar a las personas que tienen el virus el acceso a los mejores tratamientos y que puedan llevar una vida digna y productiva. Las pruebas para saber si una persona tiene el virus del SIDA son sencillas de realizar. Basta con una extracci\u00f3n de sangre.<\/p>\n\n\n\n<p>Sin embargo,&nbsp;<strong>hay muchos obst\u00e1culos que siguen dificultando la realizaci\u00f3n de estas pruebas<\/strong>. En muchos casos no se garantiza el acceso confidencial a las pruebas, y el estigma y discriminaci\u00f3n que rodean a la enfermedad hace que muchas personas solo accedan a hacerse las pruebas despu\u00e9s de padecer los s\u00edntomas y encontrarse muy mal.<\/p>\n\n\n\n<h2 class=\"wp-block-heading\" id=\"resTit_6\">Datos sobre el SIDA en el mundo<\/h2>\n\n\n\n<p>ONUSIDA ha presentado un nuevo informe que muestra que el acceso al tratamiento ha aumentado significativamente. En 2000, solo 685.000 personas que viv\u00edan con el VIH ten\u00edan acceso al&nbsp;<em>tratamiento antirretrov\u00edrico<\/em>. En junio de 2017, alrededor de 20,9 millones de personas ten\u00edan acceso a esos medicamentos vitales.<\/p>\n\n\n\n<p>Son interesantes estas estad\u00edsticas mundiales sobre el SIDA:<\/p>\n\n\n\n<ul class=\"wp-block-list\"><li>En 2016 alrededor de 19,5 millones de personas ten\u00edan acceso a la terapia antirretrov\u00edrica.<\/li><li>Unos 36,7 millones de personas viv\u00edan con el VIH en 2016 en todo el mundo.<\/li><li>Aproximadamente, 1,8 millones de personas contrajeron la infecci\u00f3n por el VIH en 2016.<\/li><li>Cerca de un 1 mill\u00f3n de personas fallecieron a causa de enfermedades relacionadas con el sida en 2016.<\/li><li>Unos 76,1 millones de personas contrajeron la infecci\u00f3n por el VIH desde el comienzo de la epidemia.<\/li><li>Alrededor de 35 millones de personas fallecieron a causa de enfermedades relacionadas con el sida desde el comienzo de la epidemia.<\/li><\/ul>\n\n\n\n<h2 class=\"wp-block-heading\" id=\"resTit_7\">\u00bfQu\u00e9 es el SIDA?<\/h2>\n\n\n\n<p><strong>El SIDA es una enfermedad causada por el VIH,<\/strong>&nbsp;un virus que ataca de manera directa el sistema inmunol\u00f3gico, provocando, a la larga, que las personas presenten serios problemas de salud como infecciones, as\u00ed como enfermedades graves como el c\u00e1ncer y que puede terminar con la vida de quien lo padece.<\/p>\n\n\n\n<p>El SIDA se ha convertido en una verdadera pandemia mundial, que ha cobrado la vida de millones de personas, siendo el continente africano el que presenta mayor n\u00famero de infectados.<\/p>\n\n\n\n<h2 class=\"wp-block-heading\" id=\"resTit_8\">\u00bfQu\u00e9 diferencia existe entre el VIH y el SIDA?<\/h2>\n\n\n\n<figure class=\"wp-block-image is-style-default\"><img decoding=\"async\" src=\"https:\/\/www.diainternacionalde.com\/imagenes\/dias\/diciembre\/12-01_dia-sida-ext-1_m.jpg\" alt=\"\" title=\"\"\/><\/figure>\n\n\n\n<p>Por lo general, el VIH y el SIDA son dos t\u00e9rminos que las personas tienden a comparar y pensar que tienen el mismo significado, cuando en realidad, es que no siempre los portadores de VIH terminan padeciendo de SIDA, ya que si el paciente es sometido a tiempo al debido tratamiento, esto puede coadyuvar a mantener el virus controlado y as\u00ed evitar que se desencadene este \u00faltimo.<\/p>\n\n\n\n<p><strong>Muchos pacientes que han sido diagnosticados con VIH, no han llegado a contraer el SIDA.<\/strong>&nbsp;Estas personas son capaces de pasar a\u00f1os con el virus en su cuerpo, pero sin llegar a un deterioro grave del sistema inmune, que ponga en peligro su vida. De ah\u00ed la importancia de un diagn\u00f3stico oportuno, para luego ser sometido al debido tratamiento.<\/p>\n\n\n\n<p>El VIH es el causante de que las c\u00e9lulas&nbsp;<strong>CD4 (gl\u00f3bulos blancos)&nbsp;<\/strong>y encargadas de defender al cuerpo de las infecciones, vayan desapareciendo, lo cual termina por da\u00f1ar de forma progresiva los sistemas y \u00f3rganos, provocando cuadros graves e inclusive la muerte.<\/p>\n\n\n\n<h2 class=\"wp-block-heading\" id=\"resTit_9\">\u00bfC\u00f3mo se contagia el VIH?<\/h2>\n\n\n\n<p>Hay distintas maneras de contraer el VIH. Las personas se contagian a trav\u00e9s del contacto sexual por medio de las secreciones, ya sean vaginales, el semen, tambi\u00e9n cuando hay contacto con la sangre, y durante la lactancia materna.<\/p>\n\n\n\n<figure class=\"wp-block-image is-style-default\"><img decoding=\"async\" src=\"https:\/\/www.diainternacionalde.com\/imagenes\/dias\/diciembre\/12-01_dia-sida-ext-2_m.jpg\" alt=\"\" title=\"\"\/><\/figure>\n\n\n\n<p>Si el cuerpo presentara heridas o cortes, es bastante probable que el virus entre en la sangre; tener sexo vaginal o anal; o cuando las personas son adictas a estupefacientes y comparten agujas o jeringas. Por error humano, una persona puede contraer el virus, si es punzado con una aguja infectada.<\/p>\n\n\n\n<p>El VIH tambi\u00e9n puede transmitirse al beb\u00e9 cuando la mujer est\u00e1 embarazada y una vez que comienza el amamantamiento. Contrario a lo que se piensa, el virus no es transmisible por la saliva, ni mucho menos por usar utensilios de un enfermo, compartir alimentos o por darse un abrazo.<\/p>\n\n\n\n<p>Otros de los mitos que hay es que el VIH se contagia cuando se reciben transfusiones sangu\u00edneas. Quiz\u00e1s en el pasado hubo casos de este tipo, pero hoy resulta poco probable que esto pase, ya que en los centros asistenciales como hospitales, cl\u00ednicas y laboratorios primero se someten a rigurosos an\u00e1lisis todas las donaciones de sangre para evitar futuros contagios.<\/p>\n\n\n\n<h2 class=\"wp-block-heading\" id=\"resTit_10\">Prevenci\u00f3n, el mejor tratamiento contra la enfermedad<\/h2>\n\n\n\n<p>La manera m\u00e1s segura de prevenir el SIDA es evitar el contacto sexual con personas infectadas y en caso de que el acto llegue a consumarse, ser\u00e1 necesario asegurarse de tomar las debidas medidas de protecci\u00f3n.<\/p>\n\n\n\n<p>La primera medida de seguridad a la hora de intimar, es el uso de preservativo durante todo el acto sexual. Aunque esto no garantice al cien por cien que la persona no contraer\u00e1 el virus, hay menor riesgo de contagiarse.<\/p>\n\n\n\n<p>Otra manera de que el VIH pueda ser transmitido es a trav\u00e9s del uso de jeringas de personas adictas a las drogas y que tambi\u00e9n pueden tener el virus en su organismo y transmitirlo a trav\u00e9s de la sangre a una persona que este sana.<\/p>\n\n\n\n<p>Actualmente se emplea el llamado&nbsp;<strong>PrEP (profilaxis pre-exposici\u00f3n),&nbsp;<\/strong>el cual consiste en la toma diaria de una p\u00edldora cuando el paciente de alto riesgo, esto debe hacerse de forma rigurosa, sin dejar de lado el debido control m\u00e9dico cada cierto tiempo para comprobar que la persona no tenga el virus ya alojado en su organismo.<\/p>\n\n\n\n<p>En cuanto a mujeres embarazadas y que est\u00e9n infectadas, lo ideal es que la madre sea sometida a una ces\u00e1rea y despu\u00e9s del alumbramiento, evitar la lactancia materna.<\/p>\n\n\n\n<h2 class=\"wp-block-heading\" id=\"resTit_11\">Famosos que han ganado la batalla al SIDA<\/h2>\n\n\n\n<figure class=\"wp-block-image is-style-default\"><img decoding=\"async\" src=\"https:\/\/www.diainternacionalde.com\/imagenes\/dias\/diciembre\/12-01_dia-mundial-sida_freddie-mercury_m.jpg\" alt=\"Estatua de Freddie Mercury en Montreux, Suiza\" title=\"Estatua de Freddie Mercury en Montreux, Suiza\"\/><figcaption>Estatua de Freddie Mercury en Montreux, Suiza<\/figcaption><\/figure>\n\n\n\n<p>Todos conocemos casos de personalidades que lamentablemente han perdido la batalla contra el SIDA, como el gran&nbsp;<em>Freddie Mercury<\/em>&nbsp;o&nbsp;<em>Rock Hudson<\/em>, pero aqu\u00ed nos queremos centrar en&nbsp;<strong>famosos que han dado la cara por el SIDA y han luchado para la visibilidad y la desestigmatizaci\u00f3n de las personas con VIH.<\/strong>&nbsp;Algunos de ellos y ellas son los que te nombramos a continuaci\u00f3n:<\/p>\n\n\n\n<p><strong>Magic Johnson<\/strong>: el jugador de baloncesto fue uno de los m\u00e1s valientes al confesar en los a\u00f1os 90 que se retiraba a causa de que hab\u00eda contra\u00eddo el virus del SIDA. Johnson se ha convertido desde entonces en un activista incansable creando la&nbsp;<em>The Magic Johnson Foundation<\/em>, una asociaci\u00f3n desde donde le da voz a las personas con VIH.<\/p>\n\n\n\n<p><strong>Charlie Sheen<\/strong>: lo dijo en 2015 y desde entonces cree que la visibilidad es el primer paso para cortar de ra\u00edz el estigma social.<\/p>\n\n\n\n<p><strong>Conchita Wurst<\/strong>: La ganadora del Festival de&nbsp;<em>Eurovisi\u00f3n<\/em>&nbsp;en 2014 se vio obligada a contar que padec\u00eda SIDA y desde que lo hizo p\u00fablico, la lucha por la normalizaci\u00f3n de la enfermedad no ha cesado.<\/p>\n\n\n\n<p><strong>Mykki Blanco<\/strong>: El rapero utiliz\u00f3 las redes sociales en 2015 para lanzar la noticia de que ten\u00eda el SIDA y contin\u00faa all\u00ed su lucha por normalizar la situaci\u00f3n en la sociedad.<\/p>\n\n\n\n<p><strong>Noris D\u00edaz<\/strong>: la ex-modelo y presentadora de la televisi\u00f3n puertorrique\u00f1a confes\u00f3 en 2011 que era portadora del SIDA.<\/p>\n\n\n\n<h2 class=\"wp-block-heading\" id=\"resTit_12\">Algunas pel\u00edculas para concienciar sobre la tem\u00e1tica del SIDA<\/h2>\n\n\n\n<p>Abordar el tema del SIDA en los distintos \u00e1mbitos del acontecer humano ya forma parte de la cotidianidad y esto se debe a que la enfermedad ha estado presente ya durante muchas d\u00e9cadas, sin que todav\u00eda se haya encontrado una cura definitiva.<\/p>\n\n\n\n<p>En el mundo tecnol\u00f3gico en el cual nos encontramos sumergidos ya las personas pueden investigar m\u00e1s sobre el SIDA, que a\u00f1os atr\u00e1s era considerada casi un tab\u00fa. En este sentido, el mundo del cine tambi\u00e9n ha puesto su granito de arena produciendo algunas pel\u00edculas que sensibilicen a la poblaci\u00f3n sobre una tem\u00e1tica que nos interesa a todos. Aqu\u00ed te dejamos una peque\u00f1a muestra de ellas.<\/p>\n\n\n\n<figure class=\"wp-block-image is-style-default\"><img decoding=\"async\" src=\"https:\/\/www.diainternacionalde.com\/imagenes\/dias\/diciembre\/12-01_dia-sida-ext-3_m.jpg\" alt=\"\" title=\"\"\/><\/figure>\n\n\n\n<ol class=\"wp-block-list\"><li><strong>Philadelphia (1993)<\/strong>: Fue la primera apuesta de&nbsp;<strong>Hollywood<\/strong>&nbsp;que obtuvo innumerables cr\u00edticas. Su principal protagonista fue el reconocido actor&nbsp;<strong>Tom Hanks<\/strong>, quien interpret\u00f3 el papel de un prestigioso abogado homosexual, que se tuvo que enfrentar a una sociedad por su condici\u00f3n.<\/li><li><strong>En el filo de la duda (1993)<\/strong>: Sin duda alguna, que este es un film que nos invita a reflexionar sobre una realidad que comenz\u00f3 en la d\u00e9cada de los 70 en \u00c1frica. La pel\u00edcula plasma la indiferencia de los gobiernos ante la aparici\u00f3n del VIH, el cual se cre\u00eda que s\u00f3lo era una enfermedad de los homosexuales.<\/li><li><strong>Angels in America (2003):&nbsp;<\/strong>Protagonizada por&nbsp;<strong>Meryl Streep y el actor Al Pacino<\/strong>, la cinta narra la crisis producida por el VIH, en una \u00e9poca donde la homofobia estaba enfrentada a la religi\u00f3n y representaba todo un conflicto sexual de acuerdo a los valores sociales que se manejaban en ese momento.<\/li><li><strong>120 pulsaciones por minuto (2017):&nbsp;<\/strong>Una producci\u00f3n francesa, donde se cuenta la dura realidad que tiene que afrontar un grupo de personas enfermas de SIDA para crear conciencia social y buscar salidas para tratar el virus y salvar las vidas de los afectados.<\/li><li><strong>Vivir de prisa, amar de espacio (2018)<\/strong>: Una historia llena de romance, pero que encierra una verdadera trama de amor entre una pareja homosexual. Un retrato de lo que se vivi\u00f3 en Francia durante la epidemia del VIH a comienzos de los noventa.<\/li><\/ol>\n\n\n\n<h2 class=\"wp-block-heading\" id=\"resTit_13\">\u00bfC\u00f3mo celebrar el D\u00eda Mundial de la Lucha contra el SIDA?<\/h2>\n\n\n\n<p>Ayuda a esta causa y si lo haces en redes sociales etiqueta bajo los hashtags\u00a0<strong><em>#DiaContraelSIDA<\/em><\/strong>\u00a0<strong><em>#stopSIDA<\/em><\/strong>\u00a0<strong><em>#DiaMundialDelSIDA<\/em><\/strong>\u00a0<strong><em>#SIDA #AccionContraelSIDA.<\/em><\/strong><\/p>\n\n\n\n<p>Fuente: <a href=\"https:\/\/www.diainternacionalde.com\/ficha\/dia-mundial-lucha-contra-sida\">https:\/\/www.diainternacionalde.com\/ficha\/dia-mundial-lucha-contra-sida<\/a><\/p>\n","protected":false},"excerpt":{"rendered":"<p>REDACCI\u00d3N D\u00cdA INTERNACIONAL DE El 1 de diciembre se celebra el D\u00eda Mundial del SIDA. Fue el primer d\u00eda dedicado [&hellip;]<\/p>\n","protected":false},"author":1,"featured_media":64002,"comment_status":"open","ping_status":"open","sticky":false,"template":"","format":"standard","meta":{"site-sidebar-layout":"default","site-content-layout":"","ast-site-content-layout":"default","site-content-style":"default","site-sidebar-style":"default","ast-global-header-display":"","ast-banner-title-visibility":"","ast-main-header-display":"","ast-hfb-above-header-display":"","ast-hfb-below-header-display":"","ast-hfb-mobile-header-display":"","site-post-title":"","ast-breadcrumbs-content":"","ast-featured-img":"","footer-sml-layout":"","theme-transparent-header-meta":"","adv-header-id-meta":"","stick-header-meta":"","header-above-stick-meta":"","header-main-stick-meta":"","header-below-stick-meta":"","astra-migrate-meta-layouts":"default","ast-page-background-enabled":"default","ast-page-background-meta":{"desktop":{"background-color":"var(--ast-global-color-4)","background-image":"","background-repeat":"repeat","background-position":"center center","background-size":"auto","background-attachment":"scroll","background-type":"","background-media":"","overlay-type":"","overlay-color":"","overlay-opacity":"","overlay-gradient":""},"tablet":{"background-color":"","background-image":"","background-repeat":"repeat","background-position":"center center","background-size":"auto","background-attachment":"scroll","background-type":"","background-media":"","overlay-type":"","overlay-color":"","overlay-opacity":"","overlay-gradient":""},"mobile":{"background-color":"","background-image":"","background-repeat":"repeat","background-position":"center center","background-size":"auto","background-attachment":"scroll","background-type":"","background-media":"","overlay-type":"","overlay-color":"","overlay-opacity":"","overlay-gradient":""}},"ast-content-background-meta":{"desktop":{"background-color":"var(--ast-global-color-5)","background-image":"","background-repeat":"repeat","background-position":"center center","background-size":"auto","background-attachment":"scroll","background-type":"","background-media":"","overlay-type":"","overlay-color":"","overlay-opacity":"","overlay-gradient":""},"tablet":{"background-color":"var(--ast-global-color-5)","background-image":"","background-repeat":"repeat","background-position":"center center","background-size":"auto","background-attachment":"scroll","background-type":"","background-media":"","overlay-type":"","overlay-color":"","overlay-opacity":"","overlay-gradient":""},"mobile":{"background-color":"var(--ast-global-color-5)","background-image":"","background-repeat":"repeat","background-position":"center center","background-size":"auto","background-attachment":"scroll","background-type":"","background-media":"","overlay-type":"","overlay-color":"","overlay-opacity":"","overlay-gradient":""}},"footnotes":""},"categories":[8],"tags":[20702,20699,20701,20700],"class_list":["post-64001","post","type-post","status-publish","format-standard","has-post-thumbnail","hentry","category-noticias","tag-accioncontraelsida","tag-diacontraelsida","tag-diamundialdelsida","tag-stopsida"],"_links":{"self":[{"href":"https:\/\/losperiodistas.com.mx\/portal\/wp-json\/wp\/v2\/posts\/64001","targetHints":{"allow":["GET"]}}],"collection":[{"href":"https:\/\/losperiodistas.com.mx\/portal\/wp-json\/wp\/v2\/posts"}],"about":[{"href":"https:\/\/losperiodistas.com.mx\/portal\/wp-json\/wp\/v2\/types\/post"}],"author":[{"embeddable":true,"href":"https:\/\/losperiodistas.com.mx\/portal\/wp-json\/wp\/v2\/users\/1"}],"replies":[{"embeddable":true,"href":"https:\/\/losperiodistas.com.mx\/portal\/wp-json\/wp\/v2\/comments?post=64001"}],"version-history":[{"count":1,"href":"https:\/\/losperiodistas.com.mx\/portal\/wp-json\/wp\/v2\/posts\/64001\/revisions"}],"predecessor-version":[{"id":64003,"href":"https:\/\/losperiodistas.com.mx\/portal\/wp-json\/wp\/v2\/posts\/64001\/revisions\/64003"}],"wp:featuredmedia":[{"embeddable":true,"href":"https:\/\/losperiodistas.com.mx\/portal\/wp-json\/wp\/v2\/media\/64002"}],"wp:attachment":[{"href":"https:\/\/losperiodistas.com.mx\/portal\/wp-json\/wp\/v2\/media?parent=64001"}],"wp:term":[{"taxonomy":"category","embeddable":true,"href":"https:\/\/losperiodistas.com.mx\/portal\/wp-json\/wp\/v2\/categories?post=64001"},{"taxonomy":"post_tag","embeddable":true,"href":"https:\/\/losperiodistas.com.mx\/portal\/wp-json\/wp\/v2\/tags?post=64001"}],"curies":[{"name":"wp","href":"https:\/\/api.w.org\/{rel}","templated":true}]}}