{"id":63998,"date":"2023-12-01T06:46:19","date_gmt":"2023-12-01T12:46:19","guid":{"rendered":"http:\/\/losperiodistas.com.mx\/portal\/?p=63998"},"modified":"2023-12-01T06:46:21","modified_gmt":"2023-12-01T12:46:21","slug":"opinion-polo-de-lara-alza-la-mano-para-alcalde-de-puebla","status":"publish","type":"post","link":"https:\/\/losperiodistas.com.mx\/portal\/opinion-polo-de-lara-alza-la-mano-para-alcalde-de-puebla\/","title":{"rendered":"Opini\u00f3n | Polo de Lara alza la mano para Alcalde de Puebla"},"content":{"rendered":"\n<p class=\"has-medium-font-size\">*Apoyo del PT a Alejandro Armenta; Vianey Guerrero busca la alcald\u00eda de Amozoc<\/p>\n\n\n\n<figure class=\"wp-block-image size-full is-style-default\"><img fetchpriority=\"high\" decoding=\"async\" width=\"640\" height=\"400\" src=\"https:\/\/losperiodistas.com.mx\/portal\/wp-content\/uploads\/2023\/12\/JULIO-LEOPOLDO-DE-LARA.jpeg\" alt=\"\" class=\"wp-image-63999\" srcset=\"https:\/\/losperiodistas.com.mx\/portal\/wp-content\/uploads\/2023\/12\/JULIO-LEOPOLDO-DE-LARA.jpeg 640w, https:\/\/losperiodistas.com.mx\/portal\/wp-content\/uploads\/2023\/12\/JULIO-LEOPOLDO-DE-LARA-300x188.jpeg 300w\" sizes=\"(max-width: 640px) 100vw, 640px\" \/><figcaption>SONY DSC<\/figcaption><\/figure>\n\n\n\n<p class=\"has-vivid-red-color has-text-color\" style=\"font-size:26px\"><strong><em>Por Ra\u00fal Torres Salmer\u00f3n<\/em><\/strong><\/p>\n\n\n\n<p>Julio Leopoldo de Lara Valera, manifest\u00f3 su deseo de aspirar a la candidatura a la alcald\u00eda de Puebla Capital para el periodo 2021-2024 y ya se registr\u00f3 por el partido MORENA.<\/p>\n\n\n\n<p>Se ha destacado por ser un luchador social y un promotor de la participaci\u00f3n ciudadana para alcanzar en Puebla Capital, una ciudad equitativa, prospera y justa. Fue campe\u00f3n nacional de oratoria, ha dirigido diversos programas de radio, y ha sido columnista y colaborador de medios de difusi\u00f3n. Es Licenciado en Derecho y tiene una Maestr\u00eda por el instituto Universitario Puebla.<\/p>\n\n\n\n<p>Ha ocupado diversos puestos p\u00fablicos y dirige la Asociaci\u00f3n Civil Factor Ciudadano desde hace muchos a\u00f1os y el Grupo Social Puebla 500, cuyos miembros<\/p>\n\n\n\n<p>&nbsp;Desde cuatro a\u00f1os han elaborado un diagn\u00f3stico de propuestas y mejoras en materia de seguridad p\u00fablica, cultura, econom\u00eda y desarrollo para Puebla Capital, donde destaca:<\/p>\n\n\n\n<p>-Ante el deterioro constante de la ciudad por la falta de atenci\u00f3n por parte de las autoridades y ciudadanos especialistas en diferentes \u00e1reas, debe haber una sinergia entre poblanos orgullosos de serlo en busca de una ciudad digna.<\/p>\n\n\n\n<p>-Puebla Capital debe prepararse para el 500 aniversario de la Fundaci\u00f3n de Puebla.<\/p>\n\n\n\n<p>-Debemos hacer realidad el lema del actual ayuntamiento, Ciudad Incluyente, incluyendo a todos los poblanos y en primer lugar, a las comunidades vulnerables como las personas discapacitadas.<\/p>\n\n\n\n<p>-Puebla Capital debe convertirse en una ciudad donde se transite con tranquilidad.<\/p>\n\n\n\n<p>-Los comercios ya no cierran como antes a las diez de la noche, ahora a las ocho, el bot\u00f3n de p\u00e1nico no funciona.<\/p>\n\n\n\n<p>-No hay se\u00f1ales visibles de No Estacionarse, a los turistas les quitan sus placas de auto y los agentes de Tr\u00e1nsito son groseros y descorteses, no informan donde pagar la multa.<\/p>\n\n\n\n<p>-Contrario a la recomendaci\u00f3n de la ONU, de tener entre 8 y 9 \u00e1rboles por cada habitante, se lleg\u00f3 a tener 2.5, pero actualmente es de 1.3. Debe crearse la Secretar\u00eda Ambiental.<\/p>\n\n\n\n<p>-Debe implementarse la coordinaci\u00f3n intermunicipal para el monitoreo del aire y vigilar las redes.<\/p>\n\n\n\n<p>-En Puebla Capital circulan entre el 65 y el 70 por ciento de los autom\u00f3viles de la mancha urbana. Se debe poner un alto a la contaminaci\u00f3n auditiva, visual, con orden en el mobiliario urbano.<\/p>\n\n\n\n<p>-Debe haber m\u00e1s apoyo a las juntas auxiliares, como San Miguel Canoa, donde se produce pulque y las mejores tortillas de la ciudad. Podr\u00edan ser los proveedores de los restaurantes.<\/p>\n\n\n\n<p>APOYO DEL PT A ARMENTA<\/p>\n\n\n\n<p>Con un firme compromiso hacia los ideales de la Cuarta Transformaci\u00f3n, el Partido del Trabajo (PT), ha llevado a cabo la toma de protesta de Alejandro Armenta como Coordinador Estatal de los Comit\u00e9s de Defensa de la 4T en Puebla, en el que el dirigente nacional del PT, Alberto Anaya subray\u00f3 la destacada labor del Senador de la Rep\u00fablica en su extensa trayectoria pol\u00edtica y su incansable trabajo en favor de los poblanos. Reconocemos su liderazgo, su dedicaci\u00f3n y su firme compromiso con la Cuarta Transformaci\u00f3n, afirm\u00f3.<\/p>\n\n\n\n<p>Destac\u00f3 la alianza hist\u00f3rica que el PT ha mantenido con el Presidente Andr\u00e9s Manuel L\u00f3pez Obrador desde el inicio de su lucha. Hemos caminado juntos en la construcci\u00f3n de una sociedad m\u00e1s justa, y ahora, bajo el liderazgo de la Dra. Claudia Sheinbaum, reafirmamos nuestro compromiso con la Cuarta Transformaci\u00f3n, expres\u00f3.<\/p>\n\n\n\n<p>En su intervenci\u00f3n, el Senador de la Rep\u00fablica Alejandro Armenta agradeci\u00f3 el respaldo de la dirigencia nacional, especialmente del profesor Alberto Anaya, as\u00ed como de los comisionados pol\u00edticos nacionales en Puebla, Liz S\u00e1nchez y Ernesto Villarreal y subray\u00f3 la importancia de la colaboraci\u00f3n y el trabajo conjunto para alcanzar los objetivos propuestos.<\/p>\n\n\n\n<p>VIANEY GUERRERO POR AMOZOC<\/p>\n\n\n\n<p>En sus redes sociales, el Periodista Braulio Paisano coment\u00f3 lo siguiente:<\/p>\n\n\n\n<p>\u201cDe nueva cuenta tuve la oportunidad de saludar y compartir con mi amiga Vianey Guerrero Bandala&nbsp; una mujer echada para adelante, madre integra, y mujer luchadora que siempre ha trabajado por la gente, acercando siempre apoyos, cursos, talleres, y capacitaciones. Organizando en las comunidades en la b\u00fasqueda de mejores condiciones de vida a hombres y mujeres, beneficiando a adultos mayores, y sectores vulnerables.<\/p>\n\n\n\n<p>\u201cDesde muy joven, ha participado activa y contundente en beneficiar a los y las habitantes de Amozoc de Mota, sus juntas auxiliares y las inspector\u00edas, a la fecha no hay una sola comunidad que no la reciba, en las casas, los centros de reuni\u00f3n, en las fiestas.<\/p>\n\n\n\n<p>\u201cEs sin duda una mujer muy querida entre los amozoquenses. Muchas gracias amiga por compartir conmigo tu visi\u00f3n personal de lo que es y representa el municipio de #Amozoc\u201d.<\/p>\n\n\n\n<p>En fin, como dicen las coplas de Francisco Horacio Romero Alb\u00e1n:<\/p>\n\n\n\n<p>Por all\u00ed se oye decir:<\/p>\n\n\n\n<p>El gobierno me ha propuesto<\/p>\n\n\n\n<p>para un importante puesto<\/p>\n\n\n\n<p>del consejo por venir.<\/p>\n\n\n\n<p>Como bien quiero servir<\/p>\n\n\n\n<p>a esta ciudad olvidada,<\/p>\n\n\n\n<p>aunque la carga es pesada<\/p>\n\n\n\n<p>voy a aceptar y a empe\u00f1arme,<\/p>\n\n\n\n<p>no importa sacrificarme<\/p>\n\n\n\n<p>por esta tierra adorada.<\/p>\n\n\n\n<p>raultorress@hotmail.com<\/p>\n","protected":false},"excerpt":{"rendered":"<p>*Apoyo del PT a Alejandro Armenta; Vianey Guerrero busca la alcald\u00eda de Amozoc Por Ra\u00fal Torres Salmer\u00f3n Julio Leopoldo de [&hellip;]<\/p>\n","protected":false},"author":1,"featured_media":63999,"comment_status":"open","ping_status":"open","sticky":false,"template":"","format":"standard","meta":{"site-sidebar-layout":"default","site-content-layout":"","ast-site-content-layout":"default","site-content-style":"default","site-sidebar-style":"default","ast-global-header-display":"","ast-banner-title-visibility":"","ast-main-header-display":"","ast-hfb-above-header-display":"","ast-hfb-below-header-display":"","ast-hfb-mobile-header-display":"","site-post-title":"","ast-breadcrumbs-content":"","ast-featured-img":"","footer-sml-layout":"","theme-transparent-header-meta":"","adv-header-id-meta":"","stick-header-meta":"","header-above-stick-meta":"","header-main-stick-meta":"","header-below-stick-meta":"","astra-migrate-meta-layouts":"default","ast-page-background-enabled":"default","ast-page-background-meta":{"desktop":{"background-color":"var(--ast-global-color-4)","background-image":"","background-repeat":"repeat","background-position":"center center","background-size":"auto","background-attachment":"scroll","background-type":"","background-media":"","overlay-type":"","overlay-color":"","overlay-opacity":"","overlay-gradient":""},"tablet":{"background-color":"","background-image":"","background-repeat":"repeat","background-position":"center center","background-size":"auto","background-attachment":"scroll","background-type":"","background-media":"","overlay-type":"","overlay-color":"","overlay-opacity":"","overlay-gradient":""},"mobile":{"background-color":"","background-image":"","background-repeat":"repeat","background-position":"center center","background-size":"auto","background-attachment":"scroll","background-type":"","background-media":"","overlay-type":"","overlay-color":"","overlay-opacity":"","overlay-gradient":""}},"ast-content-background-meta":{"desktop":{"background-color":"var(--ast-global-color-5)","background-image":"","background-repeat":"repeat","background-position":"center center","background-size":"auto","background-attachment":"scroll","background-type":"","background-media":"","overlay-type":"","overlay-color":"","overlay-opacity":"","overlay-gradient":""},"tablet":{"background-color":"var(--ast-global-color-5)","background-image":"","background-repeat":"repeat","background-position":"center center","background-size":"auto","background-attachment":"scroll","background-type":"","background-media":"","overlay-type":"","overlay-color":"","overlay-opacity":"","overlay-gradient":""},"mobile":{"background-color":"var(--ast-global-color-5)","background-image":"","background-repeat":"repeat","background-position":"center center","background-size":"auto","background-attachment":"scroll","background-type":"","background-media":"","overlay-type":"","overlay-color":"","overlay-opacity":"","overlay-gradient":""}},"footnotes":""},"categories":[8,19],"tags":[5486,20698,725,1928,18117],"class_list":["post-63998","post","type-post","status-publish","format-standard","has-post-thumbnail","hentry","category-noticias","category-sin-limites-2","tag-elecciones-2024","tag-julio-leopoldo-de-lara","tag-morena-puebla","tag-puebla-capital","tag-raul-torres-salmeron"],"_links":{"self":[{"href":"https:\/\/losperiodistas.com.mx\/portal\/wp-json\/wp\/v2\/posts\/63998","targetHints":{"allow":["GET"]}}],"collection":[{"href":"https:\/\/losperiodistas.com.mx\/portal\/wp-json\/wp\/v2\/posts"}],"about":[{"href":"https:\/\/losperiodistas.com.mx\/portal\/wp-json\/wp\/v2\/types\/post"}],"author":[{"embeddable":true,"href":"https:\/\/losperiodistas.com.mx\/portal\/wp-json\/wp\/v2\/users\/1"}],"replies":[{"embeddable":true,"href":"https:\/\/losperiodistas.com.mx\/portal\/wp-json\/wp\/v2\/comments?post=63998"}],"version-history":[{"count":1,"href":"https:\/\/losperiodistas.com.mx\/portal\/wp-json\/wp\/v2\/posts\/63998\/revisions"}],"predecessor-version":[{"id":64000,"href":"https:\/\/losperiodistas.com.mx\/portal\/wp-json\/wp\/v2\/posts\/63998\/revisions\/64000"}],"wp:featuredmedia":[{"embeddable":true,"href":"https:\/\/losperiodistas.com.mx\/portal\/wp-json\/wp\/v2\/media\/63999"}],"wp:attachment":[{"href":"https:\/\/losperiodistas.com.mx\/portal\/wp-json\/wp\/v2\/media?parent=63998"}],"wp:term":[{"taxonomy":"category","embeddable":true,"href":"https:\/\/losperiodistas.com.mx\/portal\/wp-json\/wp\/v2\/categories?post=63998"},{"taxonomy":"post_tag","embeddable":true,"href":"https:\/\/losperiodistas.com.mx\/portal\/wp-json\/wp\/v2\/tags?post=63998"}],"curies":[{"name":"wp","href":"https:\/\/api.w.org\/{rel}","templated":true}]}}