{"id":63992,"date":"2023-12-01T06:27:26","date_gmt":"2023-12-01T12:27:26","guid":{"rendered":"http:\/\/losperiodistas.com.mx\/portal\/?p=63992"},"modified":"2023-12-01T06:27:28","modified_gmt":"2023-12-01T12:27:28","slug":"por-que-el-junior-de-lomas-de-angelopolis-no-pisara-la-carcel-tras-agredir-a-un-guardia-de-seguridad-infobae","status":"publish","type":"post","link":"https:\/\/losperiodistas.com.mx\/portal\/por-que-el-junior-de-lomas-de-angelopolis-no-pisara-la-carcel-tras-agredir-a-un-guardia-de-seguridad-infobae\/","title":{"rendered":"\u00bfPor qu\u00e9 el junior de Lomas de Angel\u00f3polis no pisar\u00e1 la c\u00e1rcel tras agredir a un guardia de seguridad? | Infobae"},"content":{"rendered":"\n<h2 class=\"has-pale-cyan-blue-background-color has-background has-medium-font-size wp-block-heading\">El padre del joven agresor en Puebla pidi\u00f3 disculpas al due\u00f1o de VIMA, con quien intent\u00f3 llegar a un acuerdo<\/h2>\n\n\n\n<figure class=\"wp-block-image size-large is-style-default\"><img fetchpriority=\"high\" decoding=\"async\" width=\"1024\" height=\"579\" src=\"https:\/\/losperiodistas.com.mx\/portal\/wp-content\/uploads\/2023\/12\/Captura-de-Pantalla-2023-12-01-a-las-6.16.52-1024x579.jpg\" alt=\"\" class=\"wp-image-63993\" srcset=\"https:\/\/losperiodistas.com.mx\/portal\/wp-content\/uploads\/2023\/12\/Captura-de-Pantalla-2023-12-01-a-las-6.16.52-1024x579.jpg 1024w, https:\/\/losperiodistas.com.mx\/portal\/wp-content\/uploads\/2023\/12\/Captura-de-Pantalla-2023-12-01-a-las-6.16.52-300x170.jpg 300w, https:\/\/losperiodistas.com.mx\/portal\/wp-content\/uploads\/2023\/12\/Captura-de-Pantalla-2023-12-01-a-las-6.16.52-768x434.jpg 768w, https:\/\/losperiodistas.com.mx\/portal\/wp-content\/uploads\/2023\/12\/Captura-de-Pantalla-2023-12-01-a-las-6.16.52-1536x869.jpg 1536w, https:\/\/losperiodistas.com.mx\/portal\/wp-content\/uploads\/2023\/12\/Captura-de-Pantalla-2023-12-01-a-las-6.16.52.jpg 1708w\" sizes=\"(max-width: 1024px) 100vw, 1024px\" \/><figcaption>La FGE Puebla ya concluy\u00f3 la investigaci\u00f3n. (Captura de pantalla)<\/figcaption><\/figure>\n\n\n\n<p><\/p>\n\n\n\n<p class=\"has-vivid-red-color has-text-color has-medium-font-size\">ANAYELI TAPIA SANDOVAL \/ INFOBAE<\/p>\n\n\n\n<p>Patricio \u201cN\u201d, el joven que golpe\u00f3 a un guardia de seguridad en el fraccionamiento&nbsp;<strong>Lomas de Angel\u00f3polis I<\/strong>, no pisar\u00e1 la c\u00e1rcel, as\u00ed lo confirm\u00f3 el titular de la Fiscal\u00eda General del Estado (<strong>FGE<\/strong>) de Puebla.&nbsp;<strong>Gilberto Higuera Bernal.<\/strong><\/p>\n\n\n\n<p>Te puede interesar:<strong><a href=\"https:\/\/www.infobae.com\/mexico\/2023\/12\/01\/ni-despedido-o-menor-de-edad-guardia-de-seguridad-atacado-en-puebla-rompe-el-silencio\/\">Ni despedido o menor de edad: guardia de seguridad atacado en Puebla rompe el silencio<\/a><\/strong><\/p>\n\n\n\n<p>Entrevistado por diversos medios, el fiscal se\u00f1al\u00f3 que desde que salieron a la luz los videos de la agresi\u00f3n que se hicieron virales, la FGE tom\u00f3 conocimiento de los hechos e inici\u00f3 de inmediato una&nbsp;<strong>investigaci\u00f3n<\/strong>, independientemente de que el vigilante hubiera levantado o no una denuncia.<\/p>\n\n\n\n<p>Adem\u00e1s, agreg\u00f3 que la investigaci\u00f3n \u201cya la realizamos, ya la resolvimos y ya la concluimos\u201d; detall\u00f3 que en estos momento se encuentran haciendo la solicitud para presentar al joven ante un juez.<img decoding=\"async\" alt=\"Familia de Patricio &quot;P&quot;, investigado por agredir a un guardia de seguridad en Lomas de Angel\u00f3polis. (X\/@Super_Said)\" height=\"1080\" width=\"1920\" src=\"https:\/\/www.infobae.com\/new-resizer\/XV4-E_Siol4uWk9NnOT0QvZ_7KE=\/420x236\/filters:format(webp):quality(85)\/cloudfront-us-east-1.images.arcpublishing.com\/infobae\/WTDV34FQD5GMDCCGOCWFKGYUII.jpg%20420w\" srcset=\"https:\/\/www.infobae.com\/new-resizer\/XV4-E_Siol4uWk9NnOT0QvZ_7KE=\/420x236\/filters:format(webp):quality(85)\/cloudfront-us-east-1.images.arcpublishing.com\/infobae\/WTDV34FQD5GMDCCGOCWFKGYUII.jpg 420w,https:\/\/www.infobae.com\/new-resizer\/V4-rAekpXksnl6-gpr38-e0GMNk=\/768x432\/filters:format(webp):quality(85)\/cloudfront-us-east-1.images.arcpublishing.com\/infobae\/WTDV34FQD5GMDCCGOCWFKGYUII.jpg 768w,https:\/\/www.infobae.com\/new-resizer\/n89_hjGfOVbEhs7lBOwhGCwZnOc=\/992x558\/filters:format(webp):quality(85)\/cloudfront-us-east-1.images.arcpublishing.com\/infobae\/WTDV34FQD5GMDCCGOCWFKGYUII.jpg 992w,https:\/\/www.infobae.com\/new-resizer\/-IO5IUVeSIAkF6SSpAIMByFueTg=\/1200x675\/filters:format(webp):quality(85)\/cloudfront-us-east-1.images.arcpublishing.com\/infobae\/WTDV34FQD5GMDCCGOCWFKGYUII.jpg 1200w,https:\/\/www.infobae.com\/new-resizer\/7Yyt-xnq9gNJhvKva9ihMQsjWRs=\/1440x810\/filters:format(webp):quality(85)\/cloudfront-us-east-1.images.arcpublishing.com\/infobae\/WTDV34FQD5GMDCCGOCWFKGYUII.jpg 1440w\">Familia de Patricio \u00abP\u00bb, investigado por agredir a un guardia de seguridad en Lomas de Angel\u00f3polis. (X\/@Super_Said)<\/p>\n\n\n\n<p>Cuestionado por periodistas de diversos medios de comunicaci\u00f3n sobre si Patricio \u201cN\u201d podr\u00eda pisar la&nbsp;<strong>c\u00e1rcel<\/strong>, Higuera Bernal expres\u00f3: \u201cRecuerden que se trata de una persona menor de edad y se aplicar\u00e1n las reglas que correspondan al Sistema de Justicia Penal para Adolescentes\u201d.<\/p>\n\n\n\n<h2 class=\"wp-block-heading\">Padre de agresor pidi\u00f3 disculpas y busc\u00f3 llegar a acuerdo<\/h2>\n\n\n\n<p>Jonathan, el guardia de seguridad que fue agredido, contin\u00faa con su recuperaci\u00f3n y aunque asegura que no le guarda rencor a su agresor<strong>\u00a0no se desistir\u00e1 del proceso en su contra.<\/strong><\/p>\n\n\n\n<p><a href=\"https:\/\/www.infobae.com\/mexico\/2023\/11\/30\/guardia-de-lomas-de-angelopolis-reaparece-tras-agresion-ya-interpuso-denuncia\/\" target=\"_blank\" rel=\"noreferrer noopener\">Te puede interesar:<strong>Guardia de Lomas de Angel\u00f3polis reaparece tras agresi\u00f3n; ya interpuso denuncia<\/strong><\/a><\/p>\n\n\n\n<p>\u201cYo le dir\u00eda que para la otra en vez de bajarse a golpear, creo que cada fraccionamiento sabe sus protocolos, y que a la otra act\u00fae con mejor raz\u00f3n\u201d, dijo el joven de 19 a\u00f1os al ser entrevistado por\u00a0<em>Nmas<\/em>.<\/p>\n\n\n\n<p>VIDEO: <a href=\"https:\/\/cdn.jwplayer.com\/previews\/JQaO8NgL\">Agresi\u00f3n a guardia de seguridad en Lomas de Angel\u00f3polis<\/a><\/p>\n\n\n\n<p>Por otro lado, \u00d3scar Villanueva, director de la empresa de seguridad privada VIMA encargada del fraccionamiento coment\u00f3 que\u00a0<strong>Carlos Pereyra,<\/strong>\u00a0padre del Patricio \u201cN\u201d, le pidi\u00f3 una disculpa y \u201cquer\u00eda ver c\u00f3mo se pod\u00eda solucionar el tema\u201d.<\/p>\n\n\n\n<p><a href=\"https:\/\/www.infobae.com\/mexico\/2023\/11\/30\/junior-de-lomas-de-angelopolis-agresor-de-guardia-y-su-familia-no-viven-en-el-fraccionamiento\/\" target=\"_blank\" rel=\"noreferrer noopener\">Te puede interesar:<strong>Junior de Lomas de Angel\u00f3polis: agresor de guardia y su familia no viven en el fraccionamiento<\/strong><\/a><\/p>\n\n\n\n<p>Ante ello, el director de la empresa de seguridad coment\u00f3 que la denuncia la ten\u00eda su equipo legal y no se pod\u00eda hacer un arreglo de ninguna manera sobre cualquier situaci\u00f3n.<\/p>\n\n\n\n<p>El jueves la&nbsp;<strong>Prepa An\u00e1huac<\/strong>, lugar en donde estudiaba Patricio \u201cN\u201d, dio a conocer que determin\u00f3 la<strong>&nbsp;expulsi\u00f3n inmediata y definitiva del agresor.<\/strong><\/p>\n\n\n\n<p>La agresi\u00f3n en contra de Jonathan, vigilante en una caseta de un fraccionamiento ocurri\u00f3 la noche del lunes 28 de noviembre, cuando presuntamente el joven no pudo acceder con su\u00a0<strong>Parkimovil<\/strong>, por lo que el vigilante le pidi\u00f3 que pasara a otro carril y le mostrara su identificaci\u00f3n, situaci\u00f3n que caus\u00f3 gran molestia en el hombre, que r\u00e1pidamente baj\u00f3 de su veh\u00edculo y comenz\u00f3 a agredir al guardia de seguridad.<\/p>\n\n\n\n<p>Fuente: <a href=\"https:\/\/www.infobae.com\/mexico\/2023\/12\/01\/por-que-el-junior-de-lomas-de-angelopolis-no-pisara-la-carcel-tras-agredir-a-un-guardia-de-seguridad\/\">https:\/\/www.infobae.com\/mexico\/2023\/12\/01\/por-que-el-junior-de-lomas-de-angelopolis-no-pisara-la-carcel-tras-agredir-a-un-guardia-de-seguridad\/<\/a><\/p>\n","protected":false},"excerpt":{"rendered":"<p>El padre del joven agresor en Puebla pidi\u00f3 disculpas al due\u00f1o de VIMA, con quien intent\u00f3 llegar a un acuerdo [&hellip;]<\/p>\n","protected":false},"author":1,"featured_media":63993,"comment_status":"open","ping_status":"open","sticky":false,"template":"","format":"standard","meta":{"site-sidebar-layout":"default","site-content-layout":"","ast-site-content-layout":"default","site-content-style":"default","site-sidebar-style":"default","ast-global-header-display":"","ast-banner-title-visibility":"","ast-main-header-display":"","ast-hfb-above-header-display":"","ast-hfb-below-header-display":"","ast-hfb-mobile-header-display":"","site-post-title":"","ast-breadcrumbs-content":"","ast-featured-img":"","footer-sml-layout":"","theme-transparent-header-meta":"","adv-header-id-meta":"","stick-header-meta":"","header-above-stick-meta":"","header-main-stick-meta":"","header-below-stick-meta":"","astra-migrate-meta-layouts":"default","ast-page-background-enabled":"default","ast-page-background-meta":{"desktop":{"background-color":"var(--ast-global-color-4)","background-image":"","background-repeat":"repeat","background-position":"center center","background-size":"auto","background-attachment":"scroll","background-type":"","background-media":"","overlay-type":"","overlay-color":"","overlay-opacity":"","overlay-gradient":""},"tablet":{"background-color":"","background-image":"","background-repeat":"repeat","background-position":"center center","background-size":"auto","background-attachment":"scroll","background-type":"","background-media":"","overlay-type":"","overlay-color":"","overlay-opacity":"","overlay-gradient":""},"mobile":{"background-color":"","background-image":"","background-repeat":"repeat","background-position":"center center","background-size":"auto","background-attachment":"scroll","background-type":"","background-media":"","overlay-type":"","overlay-color":"","overlay-opacity":"","overlay-gradient":""}},"ast-content-background-meta":{"desktop":{"background-color":"var(--ast-global-color-5)","background-image":"","background-repeat":"repeat","background-position":"center center","background-size":"auto","background-attachment":"scroll","background-type":"","background-media":"","overlay-type":"","overlay-color":"","overlay-opacity":"","overlay-gradient":""},"tablet":{"background-color":"var(--ast-global-color-5)","background-image":"","background-repeat":"repeat","background-position":"center center","background-size":"auto","background-attachment":"scroll","background-type":"","background-media":"","overlay-type":"","overlay-color":"","overlay-opacity":"","overlay-gradient":""},"mobile":{"background-color":"var(--ast-global-color-5)","background-image":"","background-repeat":"repeat","background-position":"center center","background-size":"auto","background-attachment":"scroll","background-type":"","background-media":"","overlay-type":"","overlay-color":"","overlay-opacity":"","overlay-gradient":""}},"footnotes":""},"categories":[8],"tags":[20691,20695,20693,20696,20692,20694],"class_list":["post-63992","post","type-post","status-publish","format-standard","has-post-thumbnail","hentry","category-noticias","tag-carlos-pereyra","tag-guardia-agredido","tag-lomas-angelopolis","tag-patricio-n","tag-preparatoria-anahuac","tag-vima"],"_links":{"self":[{"href":"https:\/\/losperiodistas.com.mx\/portal\/wp-json\/wp\/v2\/posts\/63992","targetHints":{"allow":["GET"]}}],"collection":[{"href":"https:\/\/losperiodistas.com.mx\/portal\/wp-json\/wp\/v2\/posts"}],"about":[{"href":"https:\/\/losperiodistas.com.mx\/portal\/wp-json\/wp\/v2\/types\/post"}],"author":[{"embeddable":true,"href":"https:\/\/losperiodistas.com.mx\/portal\/wp-json\/wp\/v2\/users\/1"}],"replies":[{"embeddable":true,"href":"https:\/\/losperiodistas.com.mx\/portal\/wp-json\/wp\/v2\/comments?post=63992"}],"version-history":[{"count":1,"href":"https:\/\/losperiodistas.com.mx\/portal\/wp-json\/wp\/v2\/posts\/63992\/revisions"}],"predecessor-version":[{"id":63994,"href":"https:\/\/losperiodistas.com.mx\/portal\/wp-json\/wp\/v2\/posts\/63992\/revisions\/63994"}],"wp:featuredmedia":[{"embeddable":true,"href":"https:\/\/losperiodistas.com.mx\/portal\/wp-json\/wp\/v2\/media\/63993"}],"wp:attachment":[{"href":"https:\/\/losperiodistas.com.mx\/portal\/wp-json\/wp\/v2\/media?parent=63992"}],"wp:term":[{"taxonomy":"category","embeddable":true,"href":"https:\/\/losperiodistas.com.mx\/portal\/wp-json\/wp\/v2\/categories?post=63992"},{"taxonomy":"post_tag","embeddable":true,"href":"https:\/\/losperiodistas.com.mx\/portal\/wp-json\/wp\/v2\/tags?post=63992"}],"curies":[{"name":"wp","href":"https:\/\/api.w.org\/{rel}","templated":true}]}}