{"id":63960,"date":"2023-11-30T11:41:40","date_gmt":"2023-11-30T17:41:40","guid":{"rendered":"http:\/\/losperiodistas.com.mx\/portal\/?p=63960"},"modified":"2023-12-01T05:58:44","modified_gmt":"2023-12-01T11:58:44","slug":"tradiciones-decembrinas","status":"publish","type":"post","link":"https:\/\/losperiodistas.com.mx\/portal\/tradiciones-decembrinas\/","title":{"rendered":"Tradiciones decembrinas"},"content":{"rendered":"\n<p class=\"has-text-align-center has-pale-cyan-blue-background-color has-background has-medium-font-size\">#ElRinconDeZalacain | <em>Pi\u00f1atas, pastorelas, peregrinos, aguinaldos y antojitos, tradiciones decembrinas en Puebla<\/em><\/p>\n\n\n\n<p><\/p>\n\n\n\n<figure class=\"wp-block-embed is-type-video is-provider-youtube wp-block-embed-youtube wp-embed-aspect-16-9 wp-has-aspect-ratio\"><div class=\"wp-block-embed__wrapper\">\n<iframe title=\"#ElRinconDeZalacain | Costumbres decembrinas nov 30 2023\" width=\"500\" height=\"281\" src=\"https:\/\/www.youtube.com\/embed\/e34NB6Xa48s?feature=oembed\" frameborder=\"0\" allow=\"accelerometer; autoplay; clipboard-write; encrypted-media; gyroscope; picture-in-picture; web-share\" referrerpolicy=\"strict-origin-when-cross-origin\" allowfullscreen><\/iframe>\n<\/div><\/figure>\n\n\n\n<p><\/p>\n\n\n\n<p class=\"has-vivid-red-color has-text-color\" style=\"font-size:26px\"><strong><em>Por Jes\u00fas Manuel Hern\u00e1ndez*<\/em><\/strong><\/p>\n\n\n\n<p>Las tradiciones decembrinas han ido variando con el paso de los a\u00f1os, de aquellas costumbres tra\u00eddas por los franciscanos a las tierras mexicanas a la fecha, las modificaciones quiz\u00e1 puedan considerarse sustanciales.<\/p>\n\n\n\n<p>Apenas empezaba diciembre las familias se organizaban para desempolvar <strong>las figuras del nacimiento<\/strong>, el tema central de la costumbre; en los barrios se organizaban los grupos de pastorelas y en algunas parroquias incluso se hac\u00edan concursos.<\/p>\n\n\n\n<p><strong>Las ollas de barro afectadas por un golpe se hab\u00edan guardado<\/strong> a lo largo del a\u00f1o para usarlas como el elemento central de las \u201c<strong>pi\u00f1atas<\/strong>\u201d, en aquellos tiempos todas eran con picos, en realidad <strong>una estrella<\/strong>.<\/p>\n\n\n\n<p>Las t\u00edas abuelas contaban algunas historias sobre su origen, una de ellas hab\u00eda le\u00eddo alg\u00fan libro donde se asentaba su nacimiento en las <strong>costumbres llevadas por<\/strong> <strong>Marco Polo desde China<\/strong>, donde en la festividad del A\u00f1o Nuevo Chino <strong>se romp\u00eda un buey lleno de semillas<\/strong>.<\/p>\n\n\n\n<p>Alguna vez Zalaca\u00edn escuch\u00f3 a una arque\u00f3loga experta en la cultura maya atribuir el tema de romper la pi\u00f1ata a una <strong>pr\u00e1ctica de los mayas<\/strong> quienes con los ojos vendados y una rama de \u00e1rbol, un palo, jugaban a <strong>romper una olla de barro llena de cacao<\/strong>.<\/p>\n\n\n\n<p>Pero la tradici\u00f3n vivida por la abuela de Zalaca\u00edn era totalmente derivada de una costumbre religiosa tra\u00edda por los franciscanos al Nuevo Mundo y de ah\u00ed <strong>la construcci\u00f3n de las pi\u00f1atas en familia<\/strong>, la tarea serv\u00eda para repetir, para contar historias y <strong>reforzar el catolicismo<\/strong>.<\/p>\n\n\n\n<p>As\u00ed, al momento de escoger la olla se iban seleccionando tambi\u00e9n los peri\u00f3dicos y cartones para construir los siete picos para formar la estrella.<\/p>\n\n\n\n<p>En una cacerola se pon\u00eda a hervir agua y se agregaba harina y a veces un poco de \u201ccola\u201d el pegamento usado por los carpinteros, para hacer el <strong>\u201cengrudo\u201d<\/strong> con un palito, moviendo constantemente para evitar se hiciera \u201cbolas el engrudo\u201d dec\u00eda la abuela.<\/p>\n\n\n\n<p>Con el engrudo se pegaban los papeles dando forma al \u201cpico\u201d de la estrella, cuya base era cart\u00f3n, y la abuela repasaba los mensajes religiosos, pues los siete picos correspond\u00edan a los <strong>Siete Pecados Capitales<\/strong>, y al momento de construir los picos se enumeraban: soberbia, el m\u00e1s grave, y se relataba la desobediencia de Lucifer por querer ser como Dios, es decir, por soberbio; luego segu\u00edan la pereza, la envidia, la ira, la avaricia, la gula y <strong>la lujuria<\/strong>, \u00e9ste \u00faltimo pecado nunca quedaba muy claro en la explicaci\u00f3n a los ni\u00f1os.<\/p>\n\n\n\n<p>Cada pico era adornado con varios colores, principalmente dorado, y simbolizaban <strong>las vanidades del mundo terrenal y las tentaciones del mundo<\/strong>.<\/p>\n\n\n\n<p>De las escobas o cepillos viejos se obten\u00eda el palo, instrumento para vencer a los siete pecados capitales, es decir, contaba la abuela <strong>\u201ces la fuerza para vencer al mal\u201d<\/strong>.<\/p>\n\n\n\n<p>La venda en los ojos representaba la fe ciega a los dogmas divinos.<\/p>\n\n\n\n<p>La tradici\u00f3n de romper pi\u00f1atas se hac\u00eda durante las 9 posadas previas al 24 de diciembre, cada posada correspond\u00eda a un mes de embarazo de la Virgen Mar\u00eda y cada posada tambi\u00e9n ten\u00eda su simbolismo y era costumbre <strong>regalar aguinaldos<\/strong>, rezar la letan\u00eda, pedir posada, cenar ponche, bu\u00f1uelos, chalupas, tostadas, pozole, chanclas y un sinn\u00famero de antojitos poblanos como el socorrido <strong>chileatole<\/strong>.<\/p>\n\n\n\n<p>El grupo reunido aquella tarde hab\u00eda quedado sorprendido de la explicaci\u00f3n del aventurero quien hab\u00eda sostenido su incompatibilidad con poner <strong>\u00c1rbol de Navidad<\/strong>, mientras mostraba las figuras de madera policromada, herencia de cinco generaciones, supon\u00eda, y cuya custodia hab\u00eda pasado de mano en mano hasta las suyas hac\u00eda unas 3 d\u00e9cadas, la Virgen Mar\u00eda, San Jos\u00e9 y el Ni\u00f1o Jes\u00fas, se vest\u00edan adecuadamente para ser transportados en la \u201cpedida de posada\u201d; <strong>la Virgen con vestido blanco y capa azul<\/strong> y un sombrero de paja, y <strong>Jos\u00e9 con t\u00fanica verde y capa dorada<\/strong>; el Ni\u00f1o Dios, o Ni\u00f1o Jes\u00fas, aparec\u00eda hasta el 24 de diciembre y <strong>\u201cten\u00eda pesta\u00f1as naturales\u201d<\/strong>.<\/p>\n\n\n\n<p>Alguna de las amigas afirm\u00f3 tener en sus manos el cuadernillo usado para \u201cpedir posada\u201d y prometi\u00f3 traerlo para el 16 de diciembre cuando comienza la tradici\u00f3n.<\/p>\n\n\n\n<p>Zalaca\u00edn subi\u00f3 a su biblioteca y baj\u00f3 un peque\u00f1o libro donde guardaba algunos trozos de papel manuscritos con algunas estrofas de la letan\u00eda de su infancia.<\/p>\n\n\n\n<p>El acto ten\u00eda un protocolo, quienes participaban en la pedida de posada se divid\u00edan en dos grupos, los de afuera y los de adentro, normalmente los de adentro eran los anfitriones de la casa donde se recib\u00eda a los llamados <strong>\u201cperegrinos\u201d<\/strong>.<\/p>\n\n\n\n<p>Cada uno de los peregrinos llevaba un <strong>farolillo de papel<\/strong> con una vela dentro, Mar\u00eda y Jos\u00e9 eran figuras de yeso o de madera o barro y se cargaban en andas bajo un toldo adornado con papel picado, hab\u00eda m\u00fasicos en las casas donde la econom\u00eda lo permit\u00eda. Y as\u00ed, se interpretaban los cantos de letan\u00eda.<\/p>\n\n\n\n<p>Los de afuera dec\u00edan<\/p>\n\n\n\n<p><em>\u201dDe larga jornada<\/em><\/p>\n\n\n\n<p><em>Rendidos llegamos,<\/em><\/p>\n\n\n\n<p><em>Y as\u00ed lo imploramos<\/em><\/p>\n\n\n\n<p><em>Para descansar\u201d<\/em><\/p>\n\n\n\n<p>Y los de adentro respond\u00edan:<\/p>\n\n\n\n<p><em>\u201c\u00bfQui\u00e9n a nuestras puertas<\/em><\/p>\n\n\n\n<p><em>En noche inclemente<\/em><\/p>\n\n\n\n<p><em>Se acerca imprudente<\/em><\/p>\n\n\n\n<p><em>Para molestar?\u201d<\/em><\/p>\n\n\n\n<p>Las dos \u00faltimas estrofas dec\u00edan:<\/p>\n\n\n\n<p><em>\u201cEntrad, pues \u00a1oh esposos!<\/em><\/p>\n\n\n\n<p><em>Castos e inocentes,<\/em><\/p>\n\n\n\n<p><em>Cultos reverente<\/em><\/p>\n\n\n\n<p><em>Venid a aceptar\u201d<\/em><\/p>\n\n\n\n<p>Y despu\u00e9s se abr\u00edan las puertas, los chamacos ten\u00edan ya en sus manos un atado de <strong>cohetes, buscapi\u00e9s, luces de bengala y una \u201ccuenda\u201d encendida<\/strong> previamente y cuya agitaci\u00f3n permit\u00eda el fuego incandescente para encender los artefactos comprados en el mercado.<\/p>\n\n\n\n<p>Y entonces se escuchaba:<\/p>\n\n\n\n<p><em>\u201c\u00c1branse las puertas,<\/em><\/p>\n\n\n\n<p><em>R\u00f3mpanse los velos,<\/em><\/p>\n\n\n\n<p><em>Que bien a reposar<\/em><\/p>\n\n\n\n<p><em>El Rey de los cielos\u201d<\/em><\/p>\n\n\n\n<p>Vaya recuerdos, y faltaba uno, el rezo en lat\u00edn de los franciscanos al otro lado del R\u00edo de San Francisco al inicio de la <strong>Calenda de Navidad<\/strong>, el texto estaba pegado en una hoja de un papel amarillento por el paso de los a\u00f1os y hab\u00eda dos versiones, en lat\u00edn y en espa\u00f1ol.<\/p>\n\n\n\n<p>Y as\u00ed dec\u00eda:<\/p>\n\n\n\n<p>\u201cEn el a\u00f1o cinco mil ciento noventa y nueve de la creaci\u00f3n del mundo, cuando Dios hizo el cielo y la tierra; en el dos mil novecientos cincuenta y siete desde el Diluvio; en el a\u00f1o dos mil quince desde el nacimiento de Abraham; en el a\u00f1o mil quinientos diez desde Mois\u00e9s y el \u00e9xodo de Egipto del pueblo de Israel; en el a\u00f1o mil treinta y dos desde la unci\u00f3n del rey David; en la semana sexag\u00e9simoquinta seg\u00fan la profec\u00eda de Daniel; en la cent\u00e9simononag\u00e9sima Olimp\u00edada; en el a\u00f1o setecientos cincuenta y dos desde la fundaci\u00f3n de Roma; en el a\u00f1o cuadrag\u00e9simo segundo del imperio de Octaviano Augusto, estando todo el mundo en paz, en la sexta edad del mundo, Jesucristo, eterno Dios e Hijo del eterno Padre, queriendo santificar la creaci\u00f3n por su advenimiento, concebido por obra del Esp\u00edritu Santo y transcurridos nueve meses despu\u00e9s de ser engendrado, nace hecho Hombre de Mar\u00eda Virgen en Bel\u00e9n de Jud\u00e1. Natividad de Nuestro Se\u00f1or Jesucristo seg\u00fan la carne\u201d, dec\u00eda el rezo, y al terminarlo los frailes se postraban en el piso y lo tocaban con la frente.<\/p>\n\n\n\n<p>Aquellas misas en San Francisco, para recibir la navidad eran coronadas con los antojitos colocados en el atrio, los bu\u00f1uelos de rodilla, el atole, el champurrado, el ponche de tejocote con guayaba y trozos de ca\u00f1a a veces con un \u201cpiquete\u201d de aguardiente, pero esa, esa es otra historia.<\/p>\n\n\n\n<p>*Autor de \u201cOr\u00edgenes de la Cocina Poblana, Ed. Planeta<br><br><a href=\"mailto:elrincondezalacain@gmail.com\">elrincondezalacain@gmail.com<\/a><\/p>\n","protected":false},"excerpt":{"rendered":"<p>#ElRinconDeZalacain | Pi\u00f1atas, pastorelas, peregrinos, aguinaldos y antojitos, tradiciones decembrinas en Puebla Por Jes\u00fas Manuel Hern\u00e1ndez* Las tradiciones decembrinas han [&hellip;]<\/p>\n","protected":false},"author":1,"featured_media":63983,"comment_status":"open","ping_status":"open","sticky":false,"template":"","format":"standard","meta":{"site-sidebar-layout":"default","site-content-layout":"","ast-site-content-layout":"default","site-content-style":"default","site-sidebar-style":"default","ast-global-header-display":"","ast-banner-title-visibility":"","ast-main-header-display":"","ast-hfb-above-header-display":"","ast-hfb-below-header-display":"","ast-hfb-mobile-header-display":"","site-post-title":"","ast-breadcrumbs-content":"","ast-featured-img":"","footer-sml-layout":"","theme-transparent-header-meta":"","adv-header-id-meta":"","stick-header-meta":"","header-above-stick-meta":"","header-main-stick-meta":"","header-below-stick-meta":"","astra-migrate-meta-layouts":"default","ast-page-background-enabled":"default","ast-page-background-meta":{"desktop":{"background-color":"var(--ast-global-color-4)","background-image":"","background-repeat":"repeat","background-position":"center center","background-size":"auto","background-attachment":"scroll","background-type":"","background-media":"","overlay-type":"","overlay-color":"","overlay-opacity":"","overlay-gradient":""},"tablet":{"background-color":"","background-image":"","background-repeat":"repeat","background-position":"center center","background-size":"auto","background-attachment":"scroll","background-type":"","background-media":"","overlay-type":"","overlay-color":"","overlay-opacity":"","overlay-gradient":""},"mobile":{"background-color":"","background-image":"","background-repeat":"repeat","background-position":"center center","background-size":"auto","background-attachment":"scroll","background-type":"","background-media":"","overlay-type":"","overlay-color":"","overlay-opacity":"","overlay-gradient":""}},"ast-content-background-meta":{"desktop":{"background-color":"var(--ast-global-color-5)","background-image":"","background-repeat":"repeat","background-position":"center center","background-size":"auto","background-attachment":"scroll","background-type":"","background-media":"","overlay-type":"","overlay-color":"","overlay-opacity":"","overlay-gradient":""},"tablet":{"background-color":"var(--ast-global-color-5)","background-image":"","background-repeat":"repeat","background-position":"center center","background-size":"auto","background-attachment":"scroll","background-type":"","background-media":"","overlay-type":"","overlay-color":"","overlay-opacity":"","overlay-gradient":""},"mobile":{"background-color":"var(--ast-global-color-5)","background-image":"","background-repeat":"repeat","background-position":"center center","background-size":"auto","background-attachment":"scroll","background-type":"","background-media":"","overlay-type":"","overlay-color":"","overlay-opacity":"","overlay-gradient":""}},"footnotes":""},"categories":[8,4],"tags":[20684,20681,20683,6089,20680,20682],"class_list":["post-63960","post","type-post","status-publish","format-standard","has-post-thumbnail","hentry","category-noticias","category-zalacain","tag-calenda-de-navidad","tag-pecados-capitales","tag-pedir-posada","tag-peregrinos","tag-pinasta-de-siete-picos","tag-posadas-pastorelas"],"_links":{"self":[{"href":"https:\/\/losperiodistas.com.mx\/portal\/wp-json\/wp\/v2\/posts\/63960","targetHints":{"allow":["GET"]}}],"collection":[{"href":"https:\/\/losperiodistas.com.mx\/portal\/wp-json\/wp\/v2\/posts"}],"about":[{"href":"https:\/\/losperiodistas.com.mx\/portal\/wp-json\/wp\/v2\/types\/post"}],"author":[{"embeddable":true,"href":"https:\/\/losperiodistas.com.mx\/portal\/wp-json\/wp\/v2\/users\/1"}],"replies":[{"embeddable":true,"href":"https:\/\/losperiodistas.com.mx\/portal\/wp-json\/wp\/v2\/comments?post=63960"}],"version-history":[{"count":1,"href":"https:\/\/losperiodistas.com.mx\/portal\/wp-json\/wp\/v2\/posts\/63960\/revisions"}],"predecessor-version":[{"id":63962,"href":"https:\/\/losperiodistas.com.mx\/portal\/wp-json\/wp\/v2\/posts\/63960\/revisions\/63962"}],"wp:featuredmedia":[{"embeddable":true,"href":"https:\/\/losperiodistas.com.mx\/portal\/wp-json\/wp\/v2\/media\/63983"}],"wp:attachment":[{"href":"https:\/\/losperiodistas.com.mx\/portal\/wp-json\/wp\/v2\/media?parent=63960"}],"wp:term":[{"taxonomy":"category","embeddable":true,"href":"https:\/\/losperiodistas.com.mx\/portal\/wp-json\/wp\/v2\/categories?post=63960"},{"taxonomy":"post_tag","embeddable":true,"href":"https:\/\/losperiodistas.com.mx\/portal\/wp-json\/wp\/v2\/tags?post=63960"}],"curies":[{"name":"wp","href":"https:\/\/api.w.org\/{rel}","templated":true}]}}