{"id":63957,"date":"2023-11-30T11:23:46","date_gmt":"2023-11-30T17:23:46","guid":{"rendered":"http:\/\/losperiodistas.com.mx\/portal\/?p=63957"},"modified":"2023-11-30T11:23:48","modified_gmt":"2023-11-30T17:23:48","slug":"rusia-pone-contra-las-cuerdas-a-los-homosexuales-al-prohibir-el-movimiento-lgbt-forbes","status":"publish","type":"post","link":"https:\/\/losperiodistas.com.mx\/portal\/rusia-pone-contra-las-cuerdas-a-los-homosexuales-al-prohibir-el-movimiento-lgbt-forbes\/","title":{"rendered":"Rusia pone contra las cuerdas a los homosexuales al prohibir el movimiento LGBT | Forbes"},"content":{"rendered":"\n<p class=\"has-background has-medium-font-size\" style=\"background-color:#f16eeb\"><em>La medida proh\u00edbe tanto la propaganda y la publicidad LGBT, como &#8216;el generar inter\u00e9s y animar a integrar las filas&#8217; de dicho movimiento.<\/em><\/p>\n\n\n\n<figure class=\"wp-block-image size-large is-style-default\"><img fetchpriority=\"high\" decoding=\"async\" width=\"1024\" height=\"576\" src=\"https:\/\/losperiodistas.com.mx\/portal\/wp-content\/uploads\/2023\/11\/LGBT-1280x720-1-1024x576.jpg\" alt=\"\" class=\"wp-image-63958\" srcset=\"https:\/\/losperiodistas.com.mx\/portal\/wp-content\/uploads\/2023\/11\/LGBT-1280x720-1-1024x576.jpg 1024w, https:\/\/losperiodistas.com.mx\/portal\/wp-content\/uploads\/2023\/11\/LGBT-1280x720-1-300x169.jpg 300w, https:\/\/losperiodistas.com.mx\/portal\/wp-content\/uploads\/2023\/11\/LGBT-1280x720-1-768x432.jpg 768w, https:\/\/losperiodistas.com.mx\/portal\/wp-content\/uploads\/2023\/11\/LGBT-1280x720-1.jpg 1280w\" sizes=\"(max-width: 1024px) 100vw, 1024px\" \/><figcaption><em>Foto: Daniel James\/Unplash<\/em><\/figcaption><\/figure>\n\n\n\n<p class=\"has-vivid-red-color has-text-color has-medium-font-size\"><strong>FORBES STAFF<\/strong><\/p>\n\n\n\n<p>El Tribunal Supremo puso al borde de la clandestinidad a la comunidad homosexual rusa al prohibir el movimiento LGBT, que a partir de ahora es considerado \u201cextremista\u201d, fallo que desat\u00f3 una ola de indignaci\u00f3n entre las minor\u00edas sexuales.<\/p>\n\n\n\n<p>\u201cReconocer el movimiento internacional c\u00edvico LGBT como una organizaci\u00f3n extremista y prohibir sus actividades en territorio de Rusia\u201d, dictamin\u00f3 el juez, Oleg Nef\u00e9dov, al leer el veredicto.<\/p>\n\n\n\n<p>La medida proh\u00edbe tanto la propaganda y la publicidad LGBT, como \u201cel generar inter\u00e9s y animar a integrar las filas\u201d de dicho movimiento.<\/p>\n\n\n\n<p>Activistas homosexuales y juristas replicaron que, seg\u00fan la Constituci\u00f3n, Rusia es un Estado laico y acusan al Kremlin de querer \u201ccontrolar\u201d las conciencias de los rusos, al tiempo que inculcan \u201clos valores familiares \u2018tradicionales\u2019, supuestamente incompatibles con las actividades de dicho movimiento\u201d.<\/p>\n\n\n\n<p>El presidente ruso, Vlad\u00edmir Putin, \u201cdecidido a convertir a su pa\u00eds en una reserva moral frente al relativismo occidental\u201d, asegur\u00f3 recientemente que los homosexuales \u201ctambi\u00e9n son parte de la sociedad\u201d, pero critic\u00f3 la obsesi\u00f3n con la igualdad de las minor\u00edas sexuales.<\/p>\n\n\n\n<p>El fallo, que tiene \u201cefecto inmediato\u201d, \u201cno afecta al derecho de los ciudadanos a la vida privada\u201d, ya que la homosexualidad dej\u00f3 de ser un delito en este pa\u00eds en 1993.<\/p>\n\n\n\n<p>\u201cRecurriremos el fallo no s\u00f3lo en Rusia. Apelaremos al comit\u00e9 de derechos humanos de la ONU\u201d, dijo el exiliado Yuri Kochetkov, uno de los l\u00edderes del movimiento homosexual en Rusia, quien matiz\u00f3 que la prohibici\u00f3n no entrar\u00e1 en vigor hasta el 10 de enero.<\/p>\n\n\n\n<p>La vista transcurri\u00f3 a puerta cerrada y s\u00f3lo cont\u00f3 con la presencia de representantes del Ministerio de Justicia, por lo que sus detractores consideran que es ilegal.<\/p>\n\n\n\n<p>Activistas LGBT, muchos de los cuales se exiliaron tras el comienzo de la guerra en Ucrania, crearon en el \u00faltimo momento la organizaci\u00f3n Movimiento Internacional C\u00edvico LGBT, que hasta entonces no exist\u00eda, con el fin de defender los derechos del movimiento, pero no fueron invitados a la sesi\u00f3n.<\/p>\n\n\n\n<p>El demandante present\u00f3 pruebas sobre las supuestas \u201ctendencias extremistas\u201d y \u201cla incitaci\u00f3n al odio social y religioso\u201d en las actividades de dicho movimiento.<\/p>\n\n\n\n<h2 class=\"wp-block-heading\" id=\"h-rusia-aprueba-la-prohibicion-del-movimiento-lgbt\">Rusia aprueba la prohibici\u00f3n del movimiento LGBT<\/h2>\n\n\n\n<p>Organizaciones de derechos humanos se dirigieron la v\u00edspera al Supremo aduciendo que \u201ces imposible\u201d catalogar como movimiento a las personas que pertenecen a un grupo social.<\/p>\n\n\n\n<p>\u201cEsto ser\u00eda tan absurdo como, por ejemplo, llamar movimiento social a todos los pensionistas o a la gente que pertenece a una particular etnia\u201d, apuntaron.<\/p>\n\n\n\n<p>Los activistas temen que el fallo conlleve la prohibici\u00f3n de populares s\u00edmbolos como el arcoiris y desate una ola de odio y violencia, ya que, seg\u00fan las \u00faltimas encuestas, ya son un 62 % los rusos que apoyan limitar sus derechos, muchos m\u00e1s que hace diez a\u00f1os.<\/p>\n\n\n\n<p>Adem\u00e1s, advierten de que, a partir de ahora, los organizadores de cualquier actividad del movimiento LGBT pueden ser condenados a 10 a\u00f1os de c\u00e1rcel.<\/p>\n\n\n\n<p>\u201cComprendemos que este caso es una preparaci\u00f3n del terreno para las represiones pol\u00edticas (\u2026) Es la intimidaci\u00f3n de todos aquellos que defienden un punto de vista diferente al estatal, aquellos que son capaces y quieren dedicarse a actividades organizativas que el Estado no puede controlar\u201d, dijo Kochetkov.<\/p>\n\n\n\n<p>El activista se mostr\u00f3 convencido de que la actividad de cualquier organizaci\u00f3n vinculada con la comunidad homosexual ser\u00e1 \u201cimposible\u201d, por lo que el movimiento tendr\u00e1 que cambiar radicalmente de estrategia.<\/p>\n\n\n\n<p>Amnist\u00eda Internacional advirti\u00f3 hoy de que \u201clas consecuencias pueden ser catastr\u00f3ficas\u201d, ya que \u201cse corre el riesgo de llegar a una prohibici\u00f3n total de las organizaciones LGBTI\u201d, lo que \u201cafectar\u00e1 a innumerables personas\u201d.<\/p>\n\n\n\n<p>\u201cAl tiempo que amenaza con instigar y legitimar un nivel completamente nuevo de violencia contra las personas LGBTI en toda Rusia\u201d, se\u00f1ala.<\/p>\n\n\n\n<p>Hace un a\u00f1o Rusia aprob\u00f3 una ley que censuraba totalmente la propaganda LGBT, lo que incluye libros y pel\u00edculas; en junio pasado se prohibieron las operaciones quir\u00fargicas de cambio de sexo, lo que provoc\u00f3 una gran alarma entre la comunidad transexual, y tambi\u00e9n se prohibi\u00f3 la adopci\u00f3n por parte de parejas homosexuales y se anularon matrimonios entre personas del mismo sexo.<\/p>\n\n\n\n<p>La guerra \u201cno tiene lugar s\u00f3lo en los campos de batalla, sino tambi\u00e9n en la conciencia de las personas, en sus mentes y en sus almas\u201d, proclam\u00f3 Alexandr Jinstein, pol\u00e9mico diputado oficialista, autor de la ley contra la propaganda homosexual.<\/p>\n\n\n\n<p>Con todo, el viceministro de Justicia, Andr\u00e9 Lugu\u00ednov, asegur\u00f3 este mes ante la ONU que en Rusia no hay discriminaci\u00f3n ni persecuci\u00f3n de la comunidad homosexual y que la prohibici\u00f3n de sus manifestaciones p\u00fablicas responde a los valores morales del pa\u00eds.<\/p>\n\n\n\n<p>La reforma constitucional de 2020 introdujo el concepto de que el matrimonio es una uni\u00f3n entre un hombre y una mujer, despu\u00e9s de que Putin asegurara que, mientras sea presidente, en Rusia no habr\u00e1 matrimonio homosexual.<\/p>\n\n\n\n<p><em>Con informaci\u00f3n de EFE<\/em><\/p>\n\n\n\n<p>Fuente: <a href=\"https:\/\/www.forbes.com.mx\/rusia-pone-contra-las-cuerdas-a-los-homosexuales-al-prohibir-el-movimiento-lgbt\/\">https:\/\/www.forbes.com.mx\/rusia-pone-contra-las-cuerdas-a-los-homosexuales-al-prohibir-el-movimiento-lgbt\/<\/a><\/p>\n","protected":false},"excerpt":{"rendered":"<p>La medida proh\u00edbe tanto la propaganda y la publicidad LGBT, como &#8216;el generar inter\u00e9s y animar a integrar las filas&#8217; [&hellip;]<\/p>\n","protected":false},"author":1,"featured_media":63958,"comment_status":"open","ping_status":"open","sticky":false,"template":"","format":"standard","meta":{"site-sidebar-layout":"default","site-content-layout":"","ast-site-content-layout":"default","site-content-style":"default","site-sidebar-style":"default","ast-global-header-display":"","ast-banner-title-visibility":"","ast-main-header-display":"","ast-hfb-above-header-display":"","ast-hfb-below-header-display":"","ast-hfb-mobile-header-display":"","site-post-title":"","ast-breadcrumbs-content":"","ast-featured-img":"","footer-sml-layout":"","theme-transparent-header-meta":"","adv-header-id-meta":"","stick-header-meta":"","header-above-stick-meta":"","header-main-stick-meta":"","header-below-stick-meta":"","astra-migrate-meta-layouts":"default","ast-page-background-enabled":"default","ast-page-background-meta":{"desktop":{"background-color":"var(--ast-global-color-4)","background-image":"","background-repeat":"repeat","background-position":"center center","background-size":"auto","background-attachment":"scroll","background-type":"","background-media":"","overlay-type":"","overlay-color":"","overlay-opacity":"","overlay-gradient":""},"tablet":{"background-color":"","background-image":"","background-repeat":"repeat","background-position":"center center","background-size":"auto","background-attachment":"scroll","background-type":"","background-media":"","overlay-type":"","overlay-color":"","overlay-opacity":"","overlay-gradient":""},"mobile":{"background-color":"","background-image":"","background-repeat":"repeat","background-position":"center center","background-size":"auto","background-attachment":"scroll","background-type":"","background-media":"","overlay-type":"","overlay-color":"","overlay-opacity":"","overlay-gradient":""}},"ast-content-background-meta":{"desktop":{"background-color":"var(--ast-global-color-5)","background-image":"","background-repeat":"repeat","background-position":"center center","background-size":"auto","background-attachment":"scroll","background-type":"","background-media":"","overlay-type":"","overlay-color":"","overlay-opacity":"","overlay-gradient":""},"tablet":{"background-color":"var(--ast-global-color-5)","background-image":"","background-repeat":"repeat","background-position":"center center","background-size":"auto","background-attachment":"scroll","background-type":"","background-media":"","overlay-type":"","overlay-color":"","overlay-opacity":"","overlay-gradient":""},"mobile":{"background-color":"var(--ast-global-color-5)","background-image":"","background-repeat":"repeat","background-position":"center center","background-size":"auto","background-attachment":"scroll","background-type":"","background-media":"","overlay-type":"","overlay-color":"","overlay-opacity":"","overlay-gradient":""}},"footnotes":""},"categories":[8],"tags":[20678,7151,20679],"class_list":["post-63957","post","type-post","status-publish","format-standard","has-post-thumbnail","hentry","category-noticias","tag-lgbt-rusia","tag-putin","tag-reserva-moral"],"_links":{"self":[{"href":"https:\/\/losperiodistas.com.mx\/portal\/wp-json\/wp\/v2\/posts\/63957","targetHints":{"allow":["GET"]}}],"collection":[{"href":"https:\/\/losperiodistas.com.mx\/portal\/wp-json\/wp\/v2\/posts"}],"about":[{"href":"https:\/\/losperiodistas.com.mx\/portal\/wp-json\/wp\/v2\/types\/post"}],"author":[{"embeddable":true,"href":"https:\/\/losperiodistas.com.mx\/portal\/wp-json\/wp\/v2\/users\/1"}],"replies":[{"embeddable":true,"href":"https:\/\/losperiodistas.com.mx\/portal\/wp-json\/wp\/v2\/comments?post=63957"}],"version-history":[{"count":1,"href":"https:\/\/losperiodistas.com.mx\/portal\/wp-json\/wp\/v2\/posts\/63957\/revisions"}],"predecessor-version":[{"id":63959,"href":"https:\/\/losperiodistas.com.mx\/portal\/wp-json\/wp\/v2\/posts\/63957\/revisions\/63959"}],"wp:featuredmedia":[{"embeddable":true,"href":"https:\/\/losperiodistas.com.mx\/portal\/wp-json\/wp\/v2\/media\/63958"}],"wp:attachment":[{"href":"https:\/\/losperiodistas.com.mx\/portal\/wp-json\/wp\/v2\/media?parent=63957"}],"wp:term":[{"taxonomy":"category","embeddable":true,"href":"https:\/\/losperiodistas.com.mx\/portal\/wp-json\/wp\/v2\/categories?post=63957"},{"taxonomy":"post_tag","embeddable":true,"href":"https:\/\/losperiodistas.com.mx\/portal\/wp-json\/wp\/v2\/tags?post=63957"}],"curies":[{"name":"wp","href":"https:\/\/api.w.org\/{rel}","templated":true}]}}