{"id":63914,"date":"2023-11-29T11:41:11","date_gmt":"2023-11-29T17:41:11","guid":{"rendered":"http:\/\/losperiodistas.com.mx\/portal\/?p=63914"},"modified":"2023-11-29T11:41:18","modified_gmt":"2023-11-29T17:41:18","slug":"opinion-a-cuatro-anos-de-la-pandemia","status":"publish","type":"post","link":"https:\/\/losperiodistas.com.mx\/portal\/opinion-a-cuatro-anos-de-la-pandemia\/","title":{"rendered":"Opini\u00f3n | A cuatro a\u00f1os de la pandemia"},"content":{"rendered":"\n<p><\/p>\n\n\n\n<p class=\"has-vivid-red-color has-text-color\" style=\"font-size:26px\"><strong><em>Por Fernando Manzanilla Prieto<\/em><\/strong><\/p>\n\n\n\n<p>Ya est\u00e1n cerca de cumplirse cuatro a\u00f1os de que se detectara un brote epid\u00e9mico por un nuevo coronavirus, denominado SARS-CoV-2, en Wuhan, China. Muchos tenemos presente ese 17 de diciembre de 2019, fecha en la que fue identificado por primera vez este virus que llev\u00f3 al mundo a una pandemia y sin lugar a dudas lo cambi\u00f3 de una manera inimaginada.<\/p>\n\n\n\n<p>A la distancia, son muchas las lecciones que nos dej\u00f3 la presencia del COVID-19 en nuestra vida y en nuestra din\u00e1mica social, e incluso podemos decir que el planeta y quienes lo habitamos \u00e9ramos de una manera antes de \u00e9l y ahora somos de otra. Cambi\u00f3 nuestra forma de relacionarnos con los dem\u00e1s, de trabajar, nuestros h\u00e1bitos, la econom\u00eda, la geopol\u00edtica, pero tambi\u00e9n la forma de ver las enfermedades y las epidemias.<\/p>\n\n\n\n<p>Es por ello que llama la atenci\u00f3n la informaci\u00f3n difundida recientemente por la Organizaci\u00f3n Mundial de la Salud (OMS) referente al aumento de enfermedades respiratorias y casos de neumon\u00eda en ni\u00f1os, que se han presentado en los \u00faltimos meses en China.<\/p>\n\n\n\n<p>Al respecto la OMS ha detallado que, desde mediados de octubre de este a\u00f1o, ha estado monitoreando los datos de los sistemas de vigilancia chinos que han mostrado un aumento de enfermedades respiratorias en ni\u00f1os en el norte de aquel pa\u00eds.<\/p>\n\n\n\n<p>En una conferencia de prensa celebrada el pasado 13 de noviembre, la Comisi\u00f3n Nacional de Salud de China inform\u00f3 sobre un aumento a nivel nacional en la incidencia de enfermedades respiratorias, que afectan predominantemente a los ni\u00f1os.<\/p>\n\n\n\n<p>Las autoridades chinas atribuyeron este aumento al levantamiento de las restricciones por el COVID-19 y a la llegada de la temporada de fr\u00edo, y a la circulaci\u00f3n de pat\u00f3genos conocidos como la influenza, <em>Mycoplasma pneumoniae <\/em>(una infecci\u00f3n bacteriana com\u00fan que generalmente afecta a los ni\u00f1os m\u00e1s peque\u00f1os), el Virus Sincicial Respiratorio (VSR) y el s\u00edndrome respiratorio agudo severo coronavirus 2, SARS-CoV-2 (el virus que causa el COVID-19).<\/p>\n\n\n\n<p>Es por ello que el 22 de noviembre la OMS solicit\u00f3 informaci\u00f3n epidemiol\u00f3gica y cl\u00ednica adicional, as\u00ed como resultados de laboratorio de estos grupos notificados entre ni\u00f1os, a trav\u00e9s del mecanismo del Reglamento Sanitario Internacional. Tambi\u00e9n ha pedido mayor informaci\u00f3n sobre las tendencias recientes en la circulaci\u00f3n de pat\u00f3genos conocidosy la carga actual sobre los sistemas de atenci\u00f3n m\u00e9dica.<\/p>\n\n\n\n<p>Al respecto, la Comisi\u00f3n Nacional de Salud de China y la OMS han dicho que, si bien este aumento de enfermedades se produjo antes de la temporada de invierno, no resulta inusual debido a que probablemente se deba al levantamiento de las restricciones por el COVID-19, situaci\u00f3n que se ha observado a nivel mundial.<\/p>\n\n\n\n<p>El Dr. John Brownstein, epidemi\u00f3logo y director de innovaci\u00f3n del <em>Boston Children&#8217;s Hospital<\/em> ha mencionado que cuando Estados Unidos levant\u00f3 muchas restricciones el a\u00f1o pasado, experiment\u00f3 un patr\u00f3n muy similar: la mayor\u00eda de los estados informaron altos niveles de actividad similar a la de la gripe.<\/p>\n\n\n\n<p>La co-circulaci\u00f3n de virus y bacterias respiratorios durante los meses m\u00e1s fr\u00edos a menudo supone una carga adicional para los centros de atenci\u00f3n m\u00e9dica, por lo que el especialista considera crucial que se implementen medidas de salud p\u00fablica, incluida la vacunaci\u00f3n y una mayor vigilancia, para gestionar estos aumentos esperados en los casos respiratorios.<\/p>\n\n\n\n<p>En M\u00e9xico tampoco nos hemos quedado de brazos cruzados. Recientemente la Secretar\u00eda de Salud lanz\u00f3 un aviso epidemiol\u00f3gico para que la poblaci\u00f3n siga medidas de prevenci\u00f3n y los hospitales del pa\u00eds identifiquen, notifiquen y atiendan a tiempo posibles brotes del VSR.<\/p>\n\n\n\n<p>Desde que inici\u00f3 la temporada de fr\u00edo en octubre y hasta el 25 de noviembre, se han confirmado 827 casos de virus respiratorios diferentes a la influenza y al covid-19. De estos, 66% (546) resultaron positivos a VSR, sin que a la fecha se registren defunciones.<\/p>\n\n\n\n<p>Si bien hasta este momento la enfermedad no ha mostrado ser grave, tambi\u00e9n lo es que debemos echar mano de las lecciones aprendidas en la pandemia por COVID-19. No podemos confiarnos de ninguna manera, por el contrario, debemos emprender con mayor ah\u00ednco medidas para reducir el riesgo de enfermedades respiratorias.<\/p>\n\n\n\n<p>Recordemos la importancia de vacunarnos, mantener distancia con las personas enfermas, quedarnos en casa cuando se est\u00e1 enfermo, hacerse pruebas y recibir atenci\u00f3n m\u00e9dica seg\u00fan sea necesario, usar cubrebocas en lugares con gran afluencia de personas, mantener una buena ventilaci\u00f3n de los espacios y realizar el lavado de manos regular.<\/p>\n\n\n\n<p>Es por ello que hoy, a casi cuatro a\u00f1os de distancia de la pandemia por Covid-19, lo que sigue es continuar cuid\u00e1ndonos y manteni\u00e9ndonos alerta de las enfermedades y su manejo en el planeta, ya que el riesgo de unos puede convertirse en un peligro para todos. Ya lo vivimos, no echemos en saco roto todas las lecciones aprendidas.<\/p>\n","protected":false},"excerpt":{"rendered":"<p>Por Fernando Manzanilla Prieto Ya est\u00e1n cerca de cumplirse cuatro a\u00f1os de que se detectara un brote epid\u00e9mico por un [&hellip;]<\/p>\n","protected":false},"author":1,"featured_media":63915,"comment_status":"open","ping_status":"open","sticky":false,"template":"","format":"standard","meta":{"site-sidebar-layout":"default","site-content-layout":"","ast-site-content-layout":"default","site-content-style":"default","site-sidebar-style":"default","ast-global-header-display":"","ast-banner-title-visibility":"","ast-main-header-display":"","ast-hfb-above-header-display":"","ast-hfb-below-header-display":"","ast-hfb-mobile-header-display":"","site-post-title":"","ast-breadcrumbs-content":"","ast-featured-img":"","footer-sml-layout":"","theme-transparent-header-meta":"","adv-header-id-meta":"","stick-header-meta":"","header-above-stick-meta":"","header-main-stick-meta":"","header-below-stick-meta":"","astra-migrate-meta-layouts":"default","ast-page-background-enabled":"default","ast-page-background-meta":{"desktop":{"background-color":"var(--ast-global-color-4)","background-image":"","background-repeat":"repeat","background-position":"center center","background-size":"auto","background-attachment":"scroll","background-type":"","background-media":"","overlay-type":"","overlay-color":"","overlay-opacity":"","overlay-gradient":""},"tablet":{"background-color":"","background-image":"","background-repeat":"repeat","background-position":"center center","background-size":"auto","background-attachment":"scroll","background-type":"","background-media":"","overlay-type":"","overlay-color":"","overlay-opacity":"","overlay-gradient":""},"mobile":{"background-color":"","background-image":"","background-repeat":"repeat","background-position":"center center","background-size":"auto","background-attachment":"scroll","background-type":"","background-media":"","overlay-type":"","overlay-color":"","overlay-opacity":"","overlay-gradient":""}},"ast-content-background-meta":{"desktop":{"background-color":"var(--ast-global-color-5)","background-image":"","background-repeat":"repeat","background-position":"center center","background-size":"auto","background-attachment":"scroll","background-type":"","background-media":"","overlay-type":"","overlay-color":"","overlay-opacity":"","overlay-gradient":""},"tablet":{"background-color":"var(--ast-global-color-5)","background-image":"","background-repeat":"repeat","background-position":"center center","background-size":"auto","background-attachment":"scroll","background-type":"","background-media":"","overlay-type":"","overlay-color":"","overlay-opacity":"","overlay-gradient":""},"mobile":{"background-color":"var(--ast-global-color-5)","background-image":"","background-repeat":"repeat","background-position":"center center","background-size":"auto","background-attachment":"scroll","background-type":"","background-media":"","overlay-type":"","overlay-color":"","overlay-opacity":"","overlay-gradient":""}},"footnotes":""},"categories":[8],"tags":[20669],"class_list":["post-63914","post","type-post","status-publish","format-standard","has-post-thumbnail","hentry","category-noticias","tag-pandemia-covid-19-2"],"_links":{"self":[{"href":"https:\/\/losperiodistas.com.mx\/portal\/wp-json\/wp\/v2\/posts\/63914","targetHints":{"allow":["GET"]}}],"collection":[{"href":"https:\/\/losperiodistas.com.mx\/portal\/wp-json\/wp\/v2\/posts"}],"about":[{"href":"https:\/\/losperiodistas.com.mx\/portal\/wp-json\/wp\/v2\/types\/post"}],"author":[{"embeddable":true,"href":"https:\/\/losperiodistas.com.mx\/portal\/wp-json\/wp\/v2\/users\/1"}],"replies":[{"embeddable":true,"href":"https:\/\/losperiodistas.com.mx\/portal\/wp-json\/wp\/v2\/comments?post=63914"}],"version-history":[{"count":1,"href":"https:\/\/losperiodistas.com.mx\/portal\/wp-json\/wp\/v2\/posts\/63914\/revisions"}],"predecessor-version":[{"id":63916,"href":"https:\/\/losperiodistas.com.mx\/portal\/wp-json\/wp\/v2\/posts\/63914\/revisions\/63916"}],"wp:featuredmedia":[{"embeddable":true,"href":"https:\/\/losperiodistas.com.mx\/portal\/wp-json\/wp\/v2\/media\/63915"}],"wp:attachment":[{"href":"https:\/\/losperiodistas.com.mx\/portal\/wp-json\/wp\/v2\/media?parent=63914"}],"wp:term":[{"taxonomy":"category","embeddable":true,"href":"https:\/\/losperiodistas.com.mx\/portal\/wp-json\/wp\/v2\/categories?post=63914"},{"taxonomy":"post_tag","embeddable":true,"href":"https:\/\/losperiodistas.com.mx\/portal\/wp-json\/wp\/v2\/tags?post=63914"}],"curies":[{"name":"wp","href":"https:\/\/api.w.org\/{rel}","templated":true}]}}