{"id":63904,"date":"2023-11-29T09:35:13","date_gmt":"2023-11-29T15:35:13","guid":{"rendered":"http:\/\/losperiodistas.com.mx\/portal\/?p=63904"},"modified":"2023-11-29T09:35:16","modified_gmt":"2023-11-29T15:35:16","slug":"cop-28-el-futuro-climatico-del-mundo-se-discute-desde-este-jueves-en-dubai-euronews","status":"publish","type":"post","link":"https:\/\/losperiodistas.com.mx\/portal\/cop-28-el-futuro-climatico-del-mundo-se-discute-desde-este-jueves-en-dubai-euronews\/","title":{"rendered":"COP 28 | El futuro clim\u00e1tico del mundo se discute desde este jueves en Dub\u00e1i | Euronews"},"content":{"rendered":"\n<p class=\"has-light-green-cyan-background-color has-background has-medium-font-size\"><strong>Antes del comienzo de la Cumbre sobre el clima de la ONU la Organizaci\u00f3n Mundial de la Salud ha lanzado una alerta sobre el impacto humano de la contaminaci\u00f3n.<\/strong><\/p>\n\n\n\n<p><\/p>\n\n\n\n<figure class=\"wp-block-embed is-type-video is-provider-youtube wp-block-embed-youtube wp-embed-aspect-16-9 wp-has-aspect-ratio\"><div class=\"wp-block-embed__wrapper\">\n<iframe title=\"COP 28 | El futuro clim\u00e1tico del mundo se discute desde este jueves en Dub\u00e1i\" width=\"500\" height=\"281\" src=\"https:\/\/www.youtube.com\/embed\/V0AMVi_wBqU?feature=oembed\" frameborder=\"0\" allow=\"accelerometer; autoplay; clipboard-write; encrypted-media; gyroscope; picture-in-picture; web-share\" referrerpolicy=\"strict-origin-when-cross-origin\" allowfullscreen><\/iframe>\n<\/div><\/figure>\n\n\n\n<p><\/p>\n\n\n\n<p class=\"has-vivid-red-color has-text-color has-medium-font-size\"><strong>REDACCI\u00d3N EURONEWS<\/strong><\/p>\n\n\n\n<p><strong>T<\/strong>emas de gran calado se tratar\u00e1n en una cumbre en donde estar\u00e1n presentes el abandono progresivo de los combustibles f\u00f3siles, c\u00f3mo asegurar la financiaci\u00f3n suficiente para una transici\u00f3n justa, c\u00f3mo mantener \u00abvivo\u00bb el objetivo de calentamiento global recomendado por la ciencia en un contexto de creciente falta de confianza no solo en los compromisos de los gobiernos, sino tambi\u00e9n entre los pa\u00edses ricos y el Sur Global.<\/p>\n\n\n\n<p>La directora del Departamento de Salud P\u00fablica y del Ambiente en la Organizaci\u00f3n Mundial de la Salud, Mar\u00eda Neira, explic\u00f3:<em>\u00abTenemos fen\u00f3menos clim\u00e1ticos m\u00e1s extremos, tenemos desplazamientos masivos, tenemos aire muy t\u00f3xico, contaminado. Tenemos escasez de agua, escasez de alimentos, enfermedades transmitidas por insectos, enfermedades no transmisibles, problemas de salud mental. Todo est\u00e1 en riesgo debido al cambio clim\u00e1tico. Por lo tanto, la salud puede ser una motivaci\u00f3n importante para tomar m\u00e1s medidas contra el cambio clim\u00e1tico\u00bb.<\/em><\/p>\n\n\n\n<p>Indonesia es uno de los pa\u00edses donde la contaminaci\u00f3n tiene un impacto brutal sobre la poblaci\u00f3n.<a href=\"https:\/\/es.euronews.com\/cultura\/2023\/11\/29\/estas-son-las-predicciones-de-baba-vanga-para-el-2024-putin-asesinado?utm_source=connatix&amp;utm_medium=referral&amp;traffic_source=Connatix\"><\/a><\/p>\n\n\n\n<p>La hija de Edy Suryana, en Indonesia tiene tuberculosis:&nbsp;<em>Claramente hemos sufrido un impacto. En 2010, mi cu\u00f1ada muri\u00f3 despu\u00e9s de un a\u00f1o de matrimonio con mi hermano menor. Ten\u00eda los pulmones quemados, pero no fumaba\u00bb.<\/em><\/p>\n\n\n\n<p>El tr\u00e1fico de veh\u00edculos no siempre en buenas condiciones contribuye a un nivel de contaminaci\u00f3n que agrava las enfermedades respiratorias en Indonesia, especialmente en Yakarta.<\/p>\n\n\n\n<p>Cuando las autoridades del pa\u00eds no imponen el criterio de salud como prioritario, sus habitantes solo tienen como \u00faltimo recurso el respaldo de normas supranacionales de obligado cumplimiento como las que se van a debatir en la COP 28 en Dubai hasta el 12 de diciembre.<\/p>\n\n\n\n<p>Fuente: <a href=\"https:\/\/es.euronews.com\/green\/2023\/11\/29\/cop-28-el-futuro-climatico-del-mundo-se-discute-desde-este-jueves-en-dubai\">https:\/\/es.euronews.com\/green\/2023\/11\/29\/cop-28-el-futuro-climatico-del-mundo-se-discute-desde-este-jueves-en-dubai<\/a><\/p>\n","protected":false},"excerpt":{"rendered":"<p>Antes del comienzo de la Cumbre sobre el clima de la ONU la Organizaci\u00f3n Mundial de la Salud ha lanzado [&hellip;]<\/p>\n","protected":false},"author":1,"featured_media":63905,"comment_status":"open","ping_status":"open","sticky":false,"template":"","format":"standard","meta":{"site-sidebar-layout":"default","site-content-layout":"","ast-site-content-layout":"default","site-content-style":"default","site-sidebar-style":"default","ast-global-header-display":"","ast-banner-title-visibility":"","ast-main-header-display":"","ast-hfb-above-header-display":"","ast-hfb-below-header-display":"","ast-hfb-mobile-header-display":"","site-post-title":"","ast-breadcrumbs-content":"","ast-featured-img":"","footer-sml-layout":"","theme-transparent-header-meta":"","adv-header-id-meta":"","stick-header-meta":"","header-above-stick-meta":"","header-main-stick-meta":"","header-below-stick-meta":"","astra-migrate-meta-layouts":"default","ast-page-background-enabled":"default","ast-page-background-meta":{"desktop":{"background-color":"var(--ast-global-color-4)","background-image":"","background-repeat":"repeat","background-position":"center center","background-size":"auto","background-attachment":"scroll","background-type":"","background-media":"","overlay-type":"","overlay-color":"","overlay-opacity":"","overlay-gradient":""},"tablet":{"background-color":"","background-image":"","background-repeat":"repeat","background-position":"center center","background-size":"auto","background-attachment":"scroll","background-type":"","background-media":"","overlay-type":"","overlay-color":"","overlay-opacity":"","overlay-gradient":""},"mobile":{"background-color":"","background-image":"","background-repeat":"repeat","background-position":"center center","background-size":"auto","background-attachment":"scroll","background-type":"","background-media":"","overlay-type":"","overlay-color":"","overlay-opacity":"","overlay-gradient":""}},"ast-content-background-meta":{"desktop":{"background-color":"var(--ast-global-color-5)","background-image":"","background-repeat":"repeat","background-position":"center center","background-size":"auto","background-attachment":"scroll","background-type":"","background-media":"","overlay-type":"","overlay-color":"","overlay-opacity":"","overlay-gradient":""},"tablet":{"background-color":"var(--ast-global-color-5)","background-image":"","background-repeat":"repeat","background-position":"center center","background-size":"auto","background-attachment":"scroll","background-type":"","background-media":"","overlay-type":"","overlay-color":"","overlay-opacity":"","overlay-gradient":""},"mobile":{"background-color":"var(--ast-global-color-5)","background-image":"","background-repeat":"repeat","background-position":"center center","background-size":"auto","background-attachment":"scroll","background-type":"","background-media":"","overlay-type":"","overlay-color":"","overlay-opacity":"","overlay-gradient":""}},"footnotes":""},"categories":[8],"tags":[5360,20665,507,20664],"class_list":["post-63904","post","type-post","status-publish","format-standard","has-post-thumbnail","hentry","category-noticias","tag-combustibles-fosiles","tag-cop-28","tag-oms","tag-sur-global"],"_links":{"self":[{"href":"https:\/\/losperiodistas.com.mx\/portal\/wp-json\/wp\/v2\/posts\/63904","targetHints":{"allow":["GET"]}}],"collection":[{"href":"https:\/\/losperiodistas.com.mx\/portal\/wp-json\/wp\/v2\/posts"}],"about":[{"href":"https:\/\/losperiodistas.com.mx\/portal\/wp-json\/wp\/v2\/types\/post"}],"author":[{"embeddable":true,"href":"https:\/\/losperiodistas.com.mx\/portal\/wp-json\/wp\/v2\/users\/1"}],"replies":[{"embeddable":true,"href":"https:\/\/losperiodistas.com.mx\/portal\/wp-json\/wp\/v2\/comments?post=63904"}],"version-history":[{"count":1,"href":"https:\/\/losperiodistas.com.mx\/portal\/wp-json\/wp\/v2\/posts\/63904\/revisions"}],"predecessor-version":[{"id":63906,"href":"https:\/\/losperiodistas.com.mx\/portal\/wp-json\/wp\/v2\/posts\/63904\/revisions\/63906"}],"wp:featuredmedia":[{"embeddable":true,"href":"https:\/\/losperiodistas.com.mx\/portal\/wp-json\/wp\/v2\/media\/63905"}],"wp:attachment":[{"href":"https:\/\/losperiodistas.com.mx\/portal\/wp-json\/wp\/v2\/media?parent=63904"}],"wp:term":[{"taxonomy":"category","embeddable":true,"href":"https:\/\/losperiodistas.com.mx\/portal\/wp-json\/wp\/v2\/categories?post=63904"},{"taxonomy":"post_tag","embeddable":true,"href":"https:\/\/losperiodistas.com.mx\/portal\/wp-json\/wp\/v2\/tags?post=63904"}],"curies":[{"name":"wp","href":"https:\/\/api.w.org\/{rel}","templated":true}]}}