{"id":63898,"date":"2023-11-29T09:02:49","date_gmt":"2023-11-29T15:02:49","guid":{"rendered":"http:\/\/losperiodistas.com.mx\/portal\/?p=63898"},"modified":"2023-11-29T09:02:51","modified_gmt":"2023-11-29T15:02:51","slug":"silicon-valley-ha-creado-un-monstruo-y-ellos-creen-que-no-son-responsables-ethic","status":"publish","type":"post","link":"https:\/\/losperiodistas.com.mx\/portal\/silicon-valley-ha-creado-un-monstruo-y-ellos-creen-que-no-son-responsables-ethic\/","title":{"rendered":"\u00abSilicon Valley ha creado un monstruo y ellos creen que no son responsables\u00bb | ethic"},"content":{"rendered":"\n<figure class=\"wp-block-image size-large is-style-default\"><img fetchpriority=\"high\" decoding=\"async\" width=\"1024\" height=\"614\" src=\"https:\/\/losperiodistas.com.mx\/portal\/wp-content\/uploads\/2023\/11\/isaac-marcet-entrevista-1024x614.jpg\" alt=\"\" class=\"wp-image-63899\" srcset=\"https:\/\/losperiodistas.com.mx\/portal\/wp-content\/uploads\/2023\/11\/isaac-marcet-entrevista-1024x614.jpg 1024w, https:\/\/losperiodistas.com.mx\/portal\/wp-content\/uploads\/2023\/11\/isaac-marcet-entrevista-300x180.jpg 300w, https:\/\/losperiodistas.com.mx\/portal\/wp-content\/uploads\/2023\/11\/isaac-marcet-entrevista-768x461.jpg 768w, https:\/\/losperiodistas.com.mx\/portal\/wp-content\/uploads\/2023\/11\/isaac-marcet-entrevista.jpg 1500w\" sizes=\"(max-width: 1024px) 100vw, 1024px\" \/><\/figure>\n\n\n\n<p><\/p>\n\n\n\n<p><\/p>\n\n\n\n<p class=\"has-vivid-red-color has-text-color has-medium-font-size\"><strong>ESTHER PE\u00d1AS \/ ETHIC<\/strong><\/p>\n\n\n\n<p><em>\u00abSe anega el ritual de la inocencia; los mejores no tienen convicci\u00f3n, y los peores rebosan de febril intensidad\u00bb. Los versos, de Yeats, pertenecen a su poema \u00abSegundo advenimiento\u00bb, y podr\u00edan reflejar con perfecta nitidez la situaci\u00f3n actual en cualquiera de sus categor\u00edas: \u00e9tica, pol\u00edtica, econ\u00f3mica\u2026 Al menos as\u00ed lo considera Isaac Marcet (Barcelona, 1990), fundador y auriga de PlayGround, un medio de comunicaci\u00f3n orientado a las redes y dirigido a los j\u00f3venes que lleg\u00f3 al top 10 internacional de los m\u00e1s le\u00eddos, con m\u00e1s de 16 millones de seguidores y 1.000 millones de reproducciones, y que, este mismo mes, tras quince a\u00f1os de actividad, ha culminado la fase de concurso de acreedores y liquidaci\u00f3n.<\/em><\/p>\n\n\n\n<p><em>En \u2018La\u00a0<a href=\"https:\/\/www.penguinlibros.com\/es\/historia\/331393-ebook-la-historia-del-futuro-9788401031229\" target=\"_blank\" rel=\"noreferrer noopener\">historia del futuro<\/a>\u2018 (Plaza&amp;Jan\u00e9s, 2023), Marcet se adentra en el espejismo que supone entramparnos con algo tan difuso, l\u00e1bil y embustero como el futuro, propone tentativas para disfrutar del presente, critica la ingenuidad que marc\u00f3 su experiencia en las procelosas agua de internet, tambi\u00e9n a quienes tratan de sojuzgar a los elementos con tal de que su crecimiento sea imparable (Silicon Valley) y lo hace con una prosa por momentos l\u00edrica, salpimentada de versos y de reflexiones m\u00e1s entroncadas con la filosof\u00eda que con el lenguaje tecnofinanciero que aprendi\u00f3 durante esos quince a\u00f1os.<\/em><\/p>\n\n\n\n<hr class=\"wp-block-separator\"\/>\n\n\n\n<p><strong>\u00a0\u00bfQu\u00e9 entorpece m\u00e1s el disfrute del presente, que adem\u00e1s de un tiempo verbal es, precisamente, eso mismo, un regalo, \u00bfel pasado, con su tentaci\u00f3n nost\u00e1lgica, o el futuro, ese territorio que est\u00e1 siempre por ver qu\u00e9 es<\/strong><\/p>\n\n\n\n<p>De los tres tiempos, el futuro fue la \u00faltima desgracia que guardaba la caja de Pandora. El futuro, adem\u00e1s de controlar a la humanidad, es una utop\u00eda, un no lugar que te llena la cabeza de p\u00e1jaros, ilusiones y esperanzas que no terminan de llegar nunca y, si lo hacen, seguramente sea a costa de la salud del medioambiente. A la vez, el pasado es un opi\u00e1ceo que te hace dormir. Por eso el tiempo en el que escribo el libro es el del mito, la narraci\u00f3n no temporal del \u00ab\u00e9rase una vez\u00bb o \u00ab<em>in hilo tempore<\/em>\u00bb, que queda m\u00e1s all\u00e1 del tiempo. Te dir\u00eda que tanto el futuro como el pasado son drogas poderosas y t\u00f3xicas por tanto nos queda abrazar una narrativa m\u00e1s mitol\u00f3gica que es la que te ancla a un presente continuo.<\/p>\n\n\n\n<p><strong>Ese territorio que propones, el del mito, pertenece a una categor\u00eda ajena a la verdad y la mentira, por tanto, no es f\u00e1cil de transitar en una \u00e9poca tan descre\u00edda como la nuestra\u2026<\/strong><\/p>\n\n\n\n<p>Es una ficci\u00f3n maravillosa; tambi\u00e9n se dijo que el capitalismo es un mito, pero no lo creo, no toda narraci\u00f3n tiene por qu\u00e9 ser mitol\u00f3gica. Los mitos permiten transmitir una sabidur\u00eda de hace miles de a\u00f1os y que sigue sirvi\u00e9ndonos para vivir y entender el presente. El mito excede lo temporal, lo geogr\u00e1fico y lo cultural. Ya no hay futuro, entre otras cosas porque cada vez estamos m\u00e1s dentro del simulacro digital que carece de tiempo; en internet no hay ma\u00f1ana, ni noche, ni ayer, por eso solo nos queda la esperanza de algo que tiene que llegar pero que no termina de hacerlo nunca. El mito es la \u00fanica soluci\u00f3n, porque nos habla de verdades. Arist\u00f3teles nos dice en la&nbsp;<em>Po\u00e9tica<\/em>&nbsp;que la diferencia entre un historiador y un poeta es que el primero se basa en los hechos, y el poeta tambi\u00e9n, pero adem\u00e1s reflexiona en aquello que podr\u00eda haber sido o deber\u00eda de haber sido. Los poetas nos recuerdan aquella realidad que no vemos, que pasa por dentro. El lenguaje de la poes\u00eda y del mito no es prosaico, por tanto, no es binario (blanco\/ negro, derecha\/izquierda, verdad\/mentira) y por eso ayuda a comprender emociones tan complejas como el amor, el miedo, el dolor.<\/p>\n\n\n\n<p><strong>Que el futuro no exista, \u00bfimplica que no hay que hacer un m\u00ednimo de previsi\u00f3n?<\/strong><\/p>\n\n\n\n<p>Dec\u00edan los suf\u00edes que todo lo que nos distraiga del presente es pecado\u2026<\/p>\n\n\n\n<p><strong>La reapropiaci\u00f3n del tiempo que propones en tu ensayo, \u00bfes una cuesti\u00f3n personal o comunitaria?<\/strong><\/p>\n\n\n\n<p>No creo que la revoluci\u00f3n, a corto o medio plazo, vaya a ser social o pol\u00edtica, pero s\u00ed que ha de empezar con algo muy personal, porque el tiempo que es muy personal, adem\u00e1s de relativo, como demostr\u00f3 Einstein. Es posible crear tu propio tiempo porque no deja de ser ciertos movimientos; si t\u00fa vas m\u00e1s r\u00e1pido, el tiempo se acelera, pero si vas m\u00e1s lento, el tiempo se aquieta. Esta revoluci\u00f3n de la que hablamos empieza con algo interior. El libro no es un manual de instrucciones de c\u00f3mo crear una suerte de utop\u00eda no temporal, pero se puede ir probando con el d\u00eda a d\u00eda, al menos intentar no dejarnos llevar por la hora del reloj, que es una hora ficticia y estandarizada, y escuchar el tiempo del coraz\u00f3n, del cuerpo, sabiendo que a la vez hay que trabajar, cumplir con determinados compromisos\u2026 Hay obligaciones, pero no todo lo que hacemos tiene que ser una.<\/p>\n\n\n\n<p><strong>Se trata de equilibrar el tiempo cronol\u00f3gico, ese que nos devora (Goya pint\u00f3 a Cronos devorando a sus hijos) y el tiempo&nbsp;<em>kair\u00f3tico<\/em>, tiempo de la vivencia interna, po\u00e9tico\u2026<\/strong><\/p>\n\n\n\n<p>Exacto.<\/p>\n\n\n\n<p><strong>Pero, sea de una naturaleza y otra, la revoluci\u00f3n que cambie este sistema que est\u00e1 acabando con los recursos parece m\u00e1s un deseo que una posibilidad real.<\/strong><\/p>\n\n\n\n<p>Dec\u00eda Fisher que somos m\u00e1s capaces de prever el fin del mundo que el fin del capitalismo. Pero estoy seguro de que hay una salida. Arist\u00f3teles ya dijo que el dinero es una ficci\u00f3n, la peor de las ficciones porque, adem\u00e1s, te encadena. Es cierto que esa revoluci\u00f3n no vendr\u00e1 a corto ni a mediano plazo, pero nosotros s\u00ed podemos comenzar a cambiar, tratando de vivir m\u00e1s humildemente, creando redes cercanas de cuidados, donde el&nbsp;<a href=\"https:\/\/ethic.es\/2023\/11\/la-sociedad-de-las-prisas\/\">tiempo<\/a>&nbsp;pasa de otra manera. Este tipo de cosas tambi\u00e9n son una forma de lucha. Este sistema va a caer, sin duda, todas las civilizaciones caen por su propio peso, pero que empiece a caer ya dentro de nosotros. No olvidemos que somos consumidores y que podemos consumir de otra manera, no especular con el dinero, no invertir en pisos para realquilarlos, no endeudarnos\u2026<\/p>\n\n\n\n<figure class=\"wp-block-pullquote\"><blockquote><p><em><strong>\u00abEl modelo de negocio basado en la econom\u00eda de la atenci\u00f3n en redes sociales es t\u00f3xico\u00bb<\/strong><\/em><\/p><\/blockquote><\/figure>\n\n\n\n<p><strong>Sin \u00e1nimo de ser impertinente: uno de los ejes de tu ensayo es la cr\u00edtica a un crecimiento voraz que compromete el futuro, una cr\u00edtica a un sistema que est\u00e1 acabando con los recursos del planeta, pero esto que ahora criticas es, de alguna manera, lo que supuso PlayGround\u2026<\/strong><\/p>\n\n\n\n<p>S\u00ed, absolutamente, escribo el libro fruto de una gran crisis personal, como una cr\u00edtica a lo que viv\u00ed, disparando hacia arriba, es decir, a Silicon Valley y de manera de destruir una industria que ya no existe, la de los medios de comunicaci\u00f3n para j\u00f3venes, con plataformas como Vice News o PlayGround, y como una cr\u00edtica personal, porque yo me cre\u00ed la idea de progreso, de futuro, la velocidad, la t\u00e9cnica, el capitalismo\u2026 siempre con alguna reserva, es cierto, pero me lo cre\u00ed. Me cre\u00ed que todo eso era el progreso.<\/p>\n\n\n\n<p><strong>Si volvieras a emprender un proyecto de estas caracter\u00edsticas, \u00bfqu\u00e9 cosas no repetir\u00edas?<\/strong><\/p>\n\n\n\n<p>Para empezar, mi lenguaje personal, como Isaac Marcet, no es capitalista. No creo que emprenda ninguna empresa y, si lo hiciera, lo har\u00eda con reglas completamente distintas a las que hubo en PlayGround, no ser\u00eda especulativa \u2014tampoco lo fue exactamente PlayGround\u2014, no me endeudar\u00eda, no har\u00eda planes a cinco a\u00f1os vista, sino muy cercanos al momento presente. Las reglas para quien emprende son cruentas y crueles. En los quince a\u00f1os de vida de PlayGround hubo momentos buenos y malos; los \u00faltimos cinco, con la ofensiva de Silicon Valley, fueron muy duros, tanto que pas\u00e9 una enfermedad autoinmune. No quiero volver a esa rueda vertiginosa nunca. Es un modelo de negocio destructor.<\/p>\n\n\n\n<p><strong>Quiz\u00e1 por desconocimiento, cuando escucho la perversidad que se le achaca a Silicon Valley, pienso en el Priorato de Si\u00f3n o en la conspiraci\u00f3n judeo-mas\u00f3nica, a quien se les achac\u00f3 todos los males del mundo\u2026<\/strong><\/p>\n\n\n\n<p>Cr\u00e9eme si te digo que el mal viene de Silicon Valley\u2026 el mal real. El pecado original de Silicon Valley ha sido crear un monopolio de monopolios, donde el 80% de la publicidad es digital, y la captan ellos. El resto recogen las migajas de lo que deber\u00eda de ser un negocio m\u00e1s equilibrado y regulado. Lo que no te dicen es que no hay una correlaci\u00f3n entre tener una mayor audiencia y mayor negocio; y como te obsesiones en aumentar la audiencia, al final te obliga a crear titulares llamativos, contenidos cada vez m\u00e1s sensacionalistas y pol\u00e9micos, m\u00e1s&nbsp;<em>clickables<\/em>&nbsp;y eso conduce a una prensa ultraveloz, violenta y polarizante. Silicon Valley no cree que el modelo de negocio digital puede ser una respuesta al futuro de la prensa, porque no contempla futuro alguno para la prensa rigurosa. &nbsp;Hace tiempo,&nbsp;<em>The<\/em>&nbsp;<em>New York Times<\/em>&nbsp;publicaba un art\u00edculo sobre c\u00f3mo Silicon Valley estaba emprendiendo una ofensiva contra los medios de comunicaci\u00f3n tradicionales, por eso es m\u00e1s caro cada vez publicitarse en Meta o X. Google ha despedido decenas de personas que regulan sus noticias. Lo terror\u00edfico es que Silicon Valley ha creado un monstruo, y ellos creen que no son responsables y la soluci\u00f3n que proponen es arrumbar a los medios de comunicaci\u00f3n. Creo que tiene que ver con el hecho de todo este funcionamiento est\u00e1 a punto de ser regulado, y cuanto m\u00e1s debilitados est\u00e9n los medios de comunicaci\u00f3n, m\u00e1s presi\u00f3n podr\u00e1n ejercer. Ha de regularse ya, es necesario, porque el modelo de negocio basado en la econom\u00eda de la atenci\u00f3n en redes sociales es algo t\u00f3xico que se deber\u00eda de eliminar por completo; las<a href=\"https:\/\/ethic.es\/2023\/11\/tecnopatias-las-enfermedades-3-0\/\">&nbsp;redes sociales<\/a>&nbsp;no deber\u00edan tener publicidad, es una tecnolog\u00eda demasiado potente como para permitir manipularnos con neuromarketing.<\/p>\n\n\n\n<p><strong>\u00bfQu\u00e9 le parece esta iniciativa de dos madres que est\u00e1n recogiendo firmas (ya llevan m\u00e1s de 40.000) para pedir que se proh\u00edba el&nbsp;<a href=\"https:\/\/ethic.es\/2023\/11\/razones-para-retrasar-el-uso-del-movil-la-perdida-de-la-atencion\/\">uso del m\u00f3vil<\/a>&nbsp;en menores de 16 a\u00f1os?<\/strong><\/p>\n\n\n\n<p>Me parece una gran idea; de hecho, yo no estoy en redes sociales y creo que es un modelo de negocio muy t\u00f3xico, tienen demasiado poder, no deber\u00edan permitirles recoger tanto datos y manipularlos. Es un riesgo tan grande como el fuego que rob\u00f3 Prometeo: modificaci\u00f3n gen\u00e9tica, inteligencia artificial\u2026 son armas demasiado poderosas en manos de capitalistas que buscan un crecimiento geom\u00e9trico e infinito. El suyo, claro. Una red social ha de ser p\u00fablica, porque hablamos de autopistas por donde va la informaci\u00f3n, que es lo que sustenta la democracia. Tambi\u00e9n los medios de comunicaci\u00f3n habr\u00edan de ser entidades p\u00fablico-privadas.<\/p>\n\n\n\n<p><strong>\u00bfTiene futuro el oficio de periodista?<\/strong><\/p>\n\n\n\n<p>S\u00ed, sin duda, y m\u00e1s en un mundo superpoblado como el que tenemos, tan complejo, necesitamos informaci\u00f3n veraz, y modelos de negocio que paguen bien a los periodistas por hacer su trabajo. Yo me equivoqu\u00e9 siguiendo las reglas voraces, pagando 70 euros por piezas que lleva tiempo y esfuerzo escribir. Esto no es hacer sostenible un negocio, es hacerlo monetizable.<\/p>\n\n\n\n<p><strong>Sin embargo, no somos capaces de discutir, los hechos importan menos que lo que se dice de ellos, preferimos salir impecables en la&nbsp;<em>selfie<\/em>, sin importarnos que los filtros que nos colocamos nos hacen irreconocibles\u2026<\/strong><\/p>\n\n\n\n<p>Tienes raz\u00f3n, pero el inter\u00e9s por la verdad, por ir al meollo de los asuntos, por entendernos y comprenderlos tambi\u00e9n es una cuesti\u00f3n de costumbres. Hemos acostumbrado a una sociedad entera a especular con la informaci\u00f3n, abarat\u00e1ndola, le hemos hecho creer que con leer un titular ya est\u00e1 informada, pero eso no quiere decir que no se pueda cambiar el h\u00e1bito y recuperar el amor por la verdad, porque es algo que necesitamos si queremos una sociedad m\u00e1s civilizada y democr\u00e1tica. Estamos disparando pol\u00edticamente a izquierda y derecha, pero a lo que nos enfrentamos es un problema estructural de la informaci\u00f3n, hay que poner fin y l\u00edmite a la gran ofensiva de Silicon Valley a prop\u00f3sito de c\u00f3mo est\u00e1n manipulando nuestros cerebros y sensibilidades a trav\u00e9s del m\u00f3vil y las redes sociales; estamos pele\u00e1ndonos los unos contra los otros cuando el enemigo es el algoritmo, el lenguaje tecnofinanciero que est\u00e1 dise\u00f1ado para crecer de manera infinita, un lenguaje que se basa en ratio-coste-beneficio en todo momento. Y que ha llegado hasta la pol\u00edtica: recuerdo c\u00f3mo me contaba la entonces presidenta del Congreso, Batet, que hab\u00eda diputados que gastaban una formas violentas y chuscas solo para conseguir&nbsp;<em>engagement<\/em>&nbsp;(es decir, audiencia), convirtiendo as\u00ed la pol\u00edtica en&nbsp;<a href=\"https:\/\/ethic.es\/2023\/07\/asi-impacta-la-television-en-las-elecciones\/\">espect\u00e1culo<\/a>, en entretenimiento.<\/p>\n\n\n\n<p><strong>Siguiendo su razonamiento, esta penosa carnavalizaci\u00f3n de la pol\u00edtica podr\u00eda combatirse al modo ilustrado, con educaci\u00f3n y conocimiento\u2026<\/strong><\/p>\n\n\n\n<p>S\u00ed, es cuesti\u00f3n incentivos, si nuestro incentivo es el click ajeno o si el incentivo es contribuir a un di\u00e1logo constructivo que nos haga crecer como sociedad e individuos. Ahora mismo no se puede, y creo que pasar\u00e1 mucho tiempo hasta que esta situaci\u00f3n empiece a cambiar.<\/p>\n\n\n\n<figure class=\"wp-block-pullquote\"><blockquote><p><strong><em>\u00abNecesitamos informaci\u00f3n veraz y modelos de negocio que paguen bien a los periodistas por hacer su trabajo\u00bb<\/em><\/strong><\/p><\/blockquote><\/figure>\n\n\n\n<p><strong>\u00bfHasta qu\u00e9 punto Silicon Valley controla&nbsp;<em>la m\u00e1quina<\/em>?<\/strong><\/p>\n\n\n\n<p>Quien tiene poder no son los cuatro hombres blancos de Silicon Valley, que tambi\u00e9n. Un ingeniero de Google me coment\u00f3 que realmente ya no saben qu\u00e9 pasa dentro de la m\u00e1quina. Toma decisiones tan r\u00e1pido, tan r\u00e1pido como que va a la velocidad de la luz, en tiempo real, y a la mente humana no le da tiempo a procesar, a asimilar en qu\u00e9 invierte la m\u00e1quina; es tal la automatizaci\u00f3n de sus procesos que nos enfrentamos a un monstruo como el que cre\u00f3 el doctor Frankenstein. Ese libro cuenta todo lo que est\u00e1 pasando a d\u00eda de hoy. Ese monstruo, creado de retazos de muertos, as\u00ed como la inteligencia est\u00e1 creada por retazos de recuerdos humanos, fotograf\u00edas, mapas, libros, melod\u00edas\u2026 El monstruo, la m\u00e1quina, ya anda sola, anda suelta. Y es una inmensa amenaza. Tendr\u00edamos que prohibir tanto la modificaci\u00f3n gen\u00e9tica como la inteligencia artificial hasta que conozcamos sus efectos secundarios, sus consecuencias. No vaya a ser que cuando queramos poner l\u00edmites sea demasiado tarde.<\/p>\n\n\n\n<p><strong>\u00bfQu\u00e9 papel desempe\u00f1a el azar en este desprop\u00f3sito?<\/strong><\/p>\n\n\n\n<p>Un papel imprevisible, claro. De todos modos, hemos llamado a la m\u00e1quina \u00abinteligente\u00bb cuando no lo es, Cicer\u00f3n acu\u00f1\u00f3 la palabra, inteligente, que significa \u00abaquel que es capaz de leer entre l\u00edneas\u00bb y las l\u00edneas de computo son las que decodifica la m\u00e1quina, nada que quede entre esas l\u00edneas es capaz de recoger. La m\u00e1quina no puede ser inteligente porque, al igual que es dinero, es una ficci\u00f3n, una abstracci\u00f3n. Aunque sea, como en el cuento de Borges, un mapa que se ha comido el territorio.<\/p>\n\n\n\n<p><strong>Del rigor en la ciencia, acaso el m\u00e1s breve del argentino\u2026 Un mapa a escala una milla por una milla\u2026<\/strong><\/p>\n\n\n\n<p>Exacto, pero es tan sencillo como romper el mapa. Cuando nos demos cuenta de que la inteligencia artificial no es tan inteligente como pensamos, ser\u00e1 m\u00e1s f\u00e1cil. Ahora mismo queremos ser enga\u00f1ados, no podemos dejar de creer en el futuro, en el progreso, porque en el fondo no podemos (todav\u00eda) de dejar de creer en el capitalismo, hay demasiados intereses.<\/p>\n\n\n\n<p><strong>De todas las promesas del futuro que recoges en el libro, \u00bfcu\u00e1l es la m\u00e1s da\u00f1ina?<\/strong><\/p>\n\n\n\n<p>La IA es una de ellas, otra es la creencia en que la tecnolog\u00eda va a solucionar los problemas del medio ambiente, aunque es cierto que puede servir de alivio en algunos casos, pero la \u00fanica soluci\u00f3n real pasa por un&nbsp;<a href=\"https:\/\/ethic.es\/2023\/10\/entrevista-fernando-valladares\/\">decrecimiento<\/a>&nbsp;real en todos los sentidos, incluso en el demogr\u00e1fico, aunque esto nadie se atreve a decirlo en voz alta, salvo algunos fil\u00f3sofos como Chomsky, \u017di\u017eek o Donna Haraway. Asimismo, hay que asumir que el PIB no deber\u00eda de ser la vara de medir la riqueza de un pa\u00eds, porque ya sabemos que la felicidad no va pareja con el PIB. Y, por \u00faltimo, esa promesa de que mejoraremos la especie con implantes neurol\u00f3gicos, avatares o biochips en el cerebro conectados a internet. Tampoco hay que confiar tanto en la psiquiatr\u00eda, nos medican demasiado. Antes, cuando uno estaba mal se iba a casa de sus padres o se met\u00eda en la cama, y entre todos cuidaban de \u00e9l. Hoy nos medicamos porque no podemos parar. La psiquiatr\u00eda est\u00e1 ayudando a la m\u00e1quina para que no paremos. El 80 por ciento de los j\u00f3venes est\u00e1 medicado de TDA, depresi\u00f3n, ansiedad\u2026<\/p>\n\n\n\n<figure class=\"wp-block-pullquote\"><blockquote><p>\u00ab<strong><em>Tendr\u00edamos que prohibir tanto la modificaci\u00f3n gen\u00e9tica como la IA hasta que conozcamos sus efectos secundario\u00bb<\/em><\/strong><\/p><\/blockquote><\/figure>\n\n\n\n<p><strong>Hablas de algo que se est\u00e1 rompiendo: el tejido afectivo, la comunidad\u2026<\/strong><\/p>\n\n\n\n<p>S\u00ed, eso mismo\u2026 el concepto de \u00abfamilia\u00bb se ha ido reduciendo hasta dej\u00e1ndolo casi vac\u00edo. Antes, las familias inclu\u00edan a muchos miembros, desde los nucleares a otros como vecinos. Hab\u00eda mucha solidaridad, en general, entre unos y otros, de alguna manera, todos se cuidaban entre s\u00ed.<\/p>\n\n\n\n<p><strong>El feminismo y&nbsp;<a href=\"https:\/\/ethic.es\/2022\/12\/el-ecologismo-ilustrado\/\">ecologismo<\/a>, \u00bfde qu\u00e9 manera contribuyen a construir un mundo m\u00e1s habitable?<\/strong><\/p>\n\n\n\n<p>Quien no sea feminista es cruel, el futuro es feminista o no ser\u00e1; la evoluci\u00f3n ha conocido muchos ciclos, ciclos matriarcales, ciclos patriarcales, pero ya lleva el hombre demasiado tiempo gobernando, es hora de que sean ellas quien tomen el relevo. El feminismo es mucho m\u00e1s antiguo de lo que pensamos, est\u00e1 en nuestro ADN. No es necesario romper con todo lo anterior, porque hay una l\u00ednea que conecta al primer hombre, a la primera mujer, con la mujer y el hombre de hoy. Somos parte de un linaje mucho m\u00e1s fascinante de lo que pensamos.<\/p>\n\n\n\n<p><strong>Una \u00faltima pregunta, sin frivolizar en absoluto: la quiebra de PlayGround, \u00bfte ha supuesto una suerte de epifan\u00eda?<\/strong><\/p>\n\n\n\n<p>No, estas ideas que barajo en el libro llevo dos d\u00e9cadas pens\u00e1ndolas, estudi\u00e1ndolas, trabaj\u00e1ndolas, salvo que PlayGround era una idea contraria a todo lo que he escrito, pero quien escribe este libro no es muy distinto a ese joven de 18 a\u00f1os que le\u00eda\u00a0<em>Los vedas<\/em>\u00a0y siempre ten\u00eda a mano un poema. Como dec\u00eda Whitman, uno contiene multitudes.<\/p>\n\n\n\n<p>Fuente: <a href=\"https:\/\/ethic.es\/2023\/11\/entrevista-isaac-marcet\/\">https:\/\/ethic.es\/2023\/11\/entrevista-isaac-marcet\/<\/a><\/p>\n\n\n\n<p><\/p>\n","protected":false},"excerpt":{"rendered":"<p>ESTHER PE\u00d1AS \/ ETHIC \u00abSe anega el ritual de la inocencia; los mejores no tienen convicci\u00f3n, y los peores rebosan [&hellip;]<\/p>\n","protected":false},"author":1,"featured_media":63899,"comment_status":"open","ping_status":"open","sticky":false,"template":"","format":"standard","meta":{"site-sidebar-layout":"default","site-content-layout":"","ast-site-content-layout":"default","site-content-style":"default","site-sidebar-style":"default","ast-global-header-display":"","ast-banner-title-visibility":"","ast-main-header-display":"","ast-hfb-above-header-display":"","ast-hfb-below-header-display":"","ast-hfb-mobile-header-display":"","site-post-title":"","ast-breadcrumbs-content":"","ast-featured-img":"","footer-sml-layout":"","theme-transparent-header-meta":"","adv-header-id-meta":"","stick-header-meta":"","header-above-stick-meta":"","header-main-stick-meta":"","header-below-stick-meta":"","astra-migrate-meta-layouts":"default","ast-page-background-enabled":"default","ast-page-background-meta":{"desktop":{"background-color":"var(--ast-global-color-4)","background-image":"","background-repeat":"repeat","background-position":"center center","background-size":"auto","background-attachment":"scroll","background-type":"","background-media":"","overlay-type":"","overlay-color":"","overlay-opacity":"","overlay-gradient":""},"tablet":{"background-color":"","background-image":"","background-repeat":"repeat","background-position":"center center","background-size":"auto","background-attachment":"scroll","background-type":"","background-media":"","overlay-type":"","overlay-color":"","overlay-opacity":"","overlay-gradient":""},"mobile":{"background-color":"","background-image":"","background-repeat":"repeat","background-position":"center center","background-size":"auto","background-attachment":"scroll","background-type":"","background-media":"","overlay-type":"","overlay-color":"","overlay-opacity":"","overlay-gradient":""}},"ast-content-background-meta":{"desktop":{"background-color":"var(--ast-global-color-5)","background-image":"","background-repeat":"repeat","background-position":"center center","background-size":"auto","background-attachment":"scroll","background-type":"","background-media":"","overlay-type":"","overlay-color":"","overlay-opacity":"","overlay-gradient":""},"tablet":{"background-color":"var(--ast-global-color-5)","background-image":"","background-repeat":"repeat","background-position":"center center","background-size":"auto","background-attachment":"scroll","background-type":"","background-media":"","overlay-type":"","overlay-color":"","overlay-opacity":"","overlay-gradient":""},"mobile":{"background-color":"var(--ast-global-color-5)","background-image":"","background-repeat":"repeat","background-position":"center center","background-size":"auto","background-attachment":"scroll","background-type":"","background-media":"","overlay-type":"","overlay-color":"","overlay-opacity":"","overlay-gradient":""}},"footnotes":""},"categories":[8],"tags":[20657,20661,1915,20660,20659,20658],"class_list":["post-63898","post","type-post","status-publish","format-standard","has-post-thumbnail","hentry","category-noticias","tag-isaac-marcet","tag-prohibir-celulares-a-menos-de-16-anos","tag-redes-sociales","tag-silicon-valley","tag-toxicidad-digital","tag-la-historia-del-futuro"],"_links":{"self":[{"href":"https:\/\/losperiodistas.com.mx\/portal\/wp-json\/wp\/v2\/posts\/63898","targetHints":{"allow":["GET"]}}],"collection":[{"href":"https:\/\/losperiodistas.com.mx\/portal\/wp-json\/wp\/v2\/posts"}],"about":[{"href":"https:\/\/losperiodistas.com.mx\/portal\/wp-json\/wp\/v2\/types\/post"}],"author":[{"embeddable":true,"href":"https:\/\/losperiodistas.com.mx\/portal\/wp-json\/wp\/v2\/users\/1"}],"replies":[{"embeddable":true,"href":"https:\/\/losperiodistas.com.mx\/portal\/wp-json\/wp\/v2\/comments?post=63898"}],"version-history":[{"count":1,"href":"https:\/\/losperiodistas.com.mx\/portal\/wp-json\/wp\/v2\/posts\/63898\/revisions"}],"predecessor-version":[{"id":63900,"href":"https:\/\/losperiodistas.com.mx\/portal\/wp-json\/wp\/v2\/posts\/63898\/revisions\/63900"}],"wp:featuredmedia":[{"embeddable":true,"href":"https:\/\/losperiodistas.com.mx\/portal\/wp-json\/wp\/v2\/media\/63899"}],"wp:attachment":[{"href":"https:\/\/losperiodistas.com.mx\/portal\/wp-json\/wp\/v2\/media?parent=63898"}],"wp:term":[{"taxonomy":"category","embeddable":true,"href":"https:\/\/losperiodistas.com.mx\/portal\/wp-json\/wp\/v2\/categories?post=63898"},{"taxonomy":"post_tag","embeddable":true,"href":"https:\/\/losperiodistas.com.mx\/portal\/wp-json\/wp\/v2\/tags?post=63898"}],"curies":[{"name":"wp","href":"https:\/\/api.w.org\/{rel}","templated":true}]}}