{"id":63895,"date":"2023-11-29T08:30:18","date_gmt":"2023-11-29T14:30:18","guid":{"rendered":"http:\/\/losperiodistas.com.mx\/portal\/?p=63895"},"modified":"2023-11-29T08:30:20","modified_gmt":"2023-11-29T14:30:20","slug":"dia-mundial-de-la-conservacion-del-jaguar-did","status":"publish","type":"post","link":"https:\/\/losperiodistas.com.mx\/portal\/dia-mundial-de-la-conservacion-del-jaguar-did\/","title":{"rendered":"D\u00eda Mundial de la Conservaci\u00f3n del Jaguar | DID"},"content":{"rendered":"\n<figure class=\"wp-block-image size-large is-style-default\"><img fetchpriority=\"high\" decoding=\"async\" width=\"1024\" height=\"678\" src=\"https:\/\/losperiodistas.com.mx\/portal\/wp-content\/uploads\/2023\/11\/Captura-de-Pantalla-2023-11-29-a-las-8.25.08-1024x678.jpg\" alt=\"\" class=\"wp-image-63896\" srcset=\"https:\/\/losperiodistas.com.mx\/portal\/wp-content\/uploads\/2023\/11\/Captura-de-Pantalla-2023-11-29-a-las-8.25.08-1024x678.jpg 1024w, https:\/\/losperiodistas.com.mx\/portal\/wp-content\/uploads\/2023\/11\/Captura-de-Pantalla-2023-11-29-a-las-8.25.08-300x198.jpg 300w, https:\/\/losperiodistas.com.mx\/portal\/wp-content\/uploads\/2023\/11\/Captura-de-Pantalla-2023-11-29-a-las-8.25.08-768x508.jpg 768w, https:\/\/losperiodistas.com.mx\/portal\/wp-content\/uploads\/2023\/11\/Captura-de-Pantalla-2023-11-29-a-las-8.25.08.jpg 1454w\" sizes=\"(max-width: 1024px) 100vw, 1024px\" \/><figcaption>Pixabay<\/figcaption><\/figure>\n\n\n\n<p class=\"has-vivid-red-color has-text-color has-medium-font-size\"><strong>REDACCI\u00d3N D\u00cdA INTERNACIONAL DE<\/strong><\/p>\n\n\n\n<p>El 29 de noviembre de 2018 se celebr\u00f3 por primera vez el&nbsp;<strong>D\u00eda Internacional del Jaguar<\/strong>, una iniciativa conjunta de varios pa\u00edses con la presencia de este felino.<\/p>\n\n\n\n<p>El\u00a0<strong>D\u00eda Internacional del Jaguar<\/strong>\u00a0ha sido anunciado por el\u00a0<strong>Programa de las Naciones Unidas para el Desarrollo (<em>PNUD<\/em>)<\/strong>, el\u00a0<strong>Fondo Mundial para la Vida Silvestre (<em>WWF<\/em>)<\/strong>, la Sociedad de\u00a0<strong>Conservaci\u00f3n de la Vida Silvestre (<em>WCS<\/em>)<\/strong>, la organizaci\u00f3n\u00a0<strong><em>Panthera<\/em><\/strong>\u00a0y algunos representantes de los gobiernos de la regi\u00f3n de Am\u00e9rica Latina.<\/p>\n\n\n\n<figure class=\"wp-block-embed is-type-video is-provider-youtube wp-block-embed-youtube wp-embed-aspect-16-9 wp-has-aspect-ratio\"><div class=\"wp-block-embed__wrapper\">\n<iframe title=\"Dia Internacional del Jaguar | WCS\" width=\"500\" height=\"281\" src=\"https:\/\/www.youtube.com\/embed\/k6nFJSgjY6E?feature=oembed\" frameborder=\"0\" allow=\"accelerometer; autoplay; clipboard-write; encrypted-media; gyroscope; picture-in-picture; web-share\" referrerpolicy=\"strict-origin-when-cross-origin\" allowfullscreen><\/iframe>\n<\/div><\/figure>\n\n\n\n<p><\/p>\n\n\n\n<h2 class=\"wp-block-heading\" id=\"resTit_2\">\u00bfPor qu\u00e9 se celebra el D\u00eda Internacional del Jaguar?<\/h2>\n\n\n\n<p>El\u00a0<strong>D\u00eda Internacional del Jaguar<\/strong>\u00a0tiene como objetivo concienciar sobre las amenazas a las que se enfrenta este felino, informar sobre los esfuerzos de conservaci\u00f3n que garantizan su supervivencia y sobre el papel fundamental del jaguar como una especie clave cuya presencia es indicativa de un ecosistema saludable.<\/p>\n\n\n\n<p>El jaguar est\u00e1 en la c\u00faspide de la cadena tr\u00f3fica, siendo el mayor depredador terrestre de Am\u00e9rica.<\/p>\n\n\n\n<h2 class=\"wp-block-heading\" id=\"resTit_3\">Plan Jaguar 2030<\/h2>\n\n\n\n<p>Esta conmemoraci\u00f3n, forma parte del&nbsp;<strong>Plan Jaguar 2030<\/strong>:&nbsp;<strong>Plan Regional para la Conservaci\u00f3n del Felino m\u00e1s grande del Continente y sus Ecosistemas<\/strong>, un compromiso global para salvar al jaguar.<\/p>\n\n\n\n<p>El&nbsp;<strong>Plan Jaguar 2030<\/strong>, busca fortalecer el llamado&nbsp;<strong>Corredor Jaguar<\/strong>, que se extiende desde M\u00e9xico hasta Argentina, y que propone asegurar 30 paisajes prioritarios para la conservaci\u00f3n de la especie.<\/p>\n\n\n\n<h2 class=\"wp-block-heading\" id=\"resTit_4\">\u00bfA qu\u00e9 amenazas se enfrenta el jaguar?<\/h2>\n\n\n\n<p>El jaguar es el felino m\u00e1s grande de Am\u00e9rica y el tercero m\u00e1s grande en el mundo y su poblaci\u00f3n est\u00e1 en declive por la caza ilegal y la p\u00e9rdida y fragmentaci\u00f3n de su h\u00e1bitat. En El Salvador y Uruguay est\u00e1 extinto.<\/p>\n\n\n\n<p>Ya sabes, celebra la existencia de este importante felino y si compartes algo en redes sociales no olvides etiquetarlo con los hashtags\u00a0<strong><em>#DiaInternacionalDelJaguar<\/em><\/strong>\u00a0<strong><em>#DiaMundialDelJaguar<\/em><\/strong>.<\/p>\n\n\n\n<p>Fuente: <a href=\"https:\/\/www.diainternacionalde.com\/ficha\/dia-mundial-jaguar\">https:\/\/www.diainternacionalde.com\/ficha\/dia-mundial-jaguar<\/a><\/p>\n","protected":false},"excerpt":{"rendered":"<p>REDACCI\u00d3N D\u00cdA INTERNACIONAL DE El 29 de noviembre de 2018 se celebr\u00f3 por primera vez el&nbsp;D\u00eda Internacional del Jaguar, una [&hellip;]<\/p>\n","protected":false},"author":1,"featured_media":63896,"comment_status":"open","ping_status":"open","sticky":false,"template":"","format":"standard","meta":{"site-sidebar-layout":"default","site-content-layout":"","ast-site-content-layout":"default","site-content-style":"default","site-sidebar-style":"default","ast-global-header-display":"","ast-banner-title-visibility":"","ast-main-header-display":"","ast-hfb-above-header-display":"","ast-hfb-below-header-display":"","ast-hfb-mobile-header-display":"","site-post-title":"","ast-breadcrumbs-content":"","ast-featured-img":"","footer-sml-layout":"","theme-transparent-header-meta":"","adv-header-id-meta":"","stick-header-meta":"","header-above-stick-meta":"","header-main-stick-meta":"","header-below-stick-meta":"","astra-migrate-meta-layouts":"default","ast-page-background-enabled":"default","ast-page-background-meta":{"desktop":{"background-color":"var(--ast-global-color-4)","background-image":"","background-repeat":"repeat","background-position":"center center","background-size":"auto","background-attachment":"scroll","background-type":"","background-media":"","overlay-type":"","overlay-color":"","overlay-opacity":"","overlay-gradient":""},"tablet":{"background-color":"","background-image":"","background-repeat":"repeat","background-position":"center center","background-size":"auto","background-attachment":"scroll","background-type":"","background-media":"","overlay-type":"","overlay-color":"","overlay-opacity":"","overlay-gradient":""},"mobile":{"background-color":"","background-image":"","background-repeat":"repeat","background-position":"center center","background-size":"auto","background-attachment":"scroll","background-type":"","background-media":"","overlay-type":"","overlay-color":"","overlay-opacity":"","overlay-gradient":""}},"ast-content-background-meta":{"desktop":{"background-color":"var(--ast-global-color-5)","background-image":"","background-repeat":"repeat","background-position":"center center","background-size":"auto","background-attachment":"scroll","background-type":"","background-media":"","overlay-type":"","overlay-color":"","overlay-opacity":"","overlay-gradient":""},"tablet":{"background-color":"var(--ast-global-color-5)","background-image":"","background-repeat":"repeat","background-position":"center center","background-size":"auto","background-attachment":"scroll","background-type":"","background-media":"","overlay-type":"","overlay-color":"","overlay-opacity":"","overlay-gradient":""},"mobile":{"background-color":"var(--ast-global-color-5)","background-image":"","background-repeat":"repeat","background-position":"center center","background-size":"auto","background-attachment":"scroll","background-type":"","background-media":"","overlay-type":"","overlay-color":"","overlay-opacity":"","overlay-gradient":""}},"footnotes":""},"categories":[8],"tags":[20656],"class_list":["post-63895","post","type-post","status-publish","format-standard","has-post-thumbnail","hentry","category-noticias","tag-diamundialdeljaguar"],"_links":{"self":[{"href":"https:\/\/losperiodistas.com.mx\/portal\/wp-json\/wp\/v2\/posts\/63895","targetHints":{"allow":["GET"]}}],"collection":[{"href":"https:\/\/losperiodistas.com.mx\/portal\/wp-json\/wp\/v2\/posts"}],"about":[{"href":"https:\/\/losperiodistas.com.mx\/portal\/wp-json\/wp\/v2\/types\/post"}],"author":[{"embeddable":true,"href":"https:\/\/losperiodistas.com.mx\/portal\/wp-json\/wp\/v2\/users\/1"}],"replies":[{"embeddable":true,"href":"https:\/\/losperiodistas.com.mx\/portal\/wp-json\/wp\/v2\/comments?post=63895"}],"version-history":[{"count":1,"href":"https:\/\/losperiodistas.com.mx\/portal\/wp-json\/wp\/v2\/posts\/63895\/revisions"}],"predecessor-version":[{"id":63897,"href":"https:\/\/losperiodistas.com.mx\/portal\/wp-json\/wp\/v2\/posts\/63895\/revisions\/63897"}],"wp:featuredmedia":[{"embeddable":true,"href":"https:\/\/losperiodistas.com.mx\/portal\/wp-json\/wp\/v2\/media\/63896"}],"wp:attachment":[{"href":"https:\/\/losperiodistas.com.mx\/portal\/wp-json\/wp\/v2\/media?parent=63895"}],"wp:term":[{"taxonomy":"category","embeddable":true,"href":"https:\/\/losperiodistas.com.mx\/portal\/wp-json\/wp\/v2\/categories?post=63895"},{"taxonomy":"post_tag","embeddable":true,"href":"https:\/\/losperiodistas.com.mx\/portal\/wp-json\/wp\/v2\/tags?post=63895"}],"curies":[{"name":"wp","href":"https:\/\/api.w.org\/{rel}","templated":true}]}}