{"id":63874,"date":"2023-11-29T06:12:00","date_gmt":"2023-11-29T12:12:00","guid":{"rendered":"http:\/\/losperiodistas.com.mx\/portal\/?p=63874"},"modified":"2023-11-28T21:43:11","modified_gmt":"2023-11-29T03:43:11","slug":"la-ambicion-es-valida-para-cambiar-la-realidad-rodrigoabdala","status":"publish","type":"post","link":"https:\/\/losperiodistas.com.mx\/portal\/la-ambicion-es-valida-para-cambiar-la-realidad-rodrigoabdala\/","title":{"rendered":"La ambici\u00f3n es v\u00e1lida para cambiar la realidad: #RodrigoAbdala"},"content":{"rendered":"\n<ul class=\"has-medium-font-size wp-block-list\"><li><em>\u201cEl poder debe servir para transformar lo<\/em> <em>que requiere Puebla capital\u201d<\/em><\/li><\/ul>\n\n\n\n<figure class=\"wp-block-image size-large is-style-default\"><img fetchpriority=\"high\" decoding=\"async\" width=\"1024\" height=\"683\" src=\"https:\/\/losperiodistas.com.mx\/portal\/wp-content\/uploads\/2023\/11\/FOTO-2-BOLETIN-04-1024x683.jpeg\" alt=\"\" class=\"wp-image-63875\" srcset=\"https:\/\/losperiodistas.com.mx\/portal\/wp-content\/uploads\/2023\/11\/FOTO-2-BOLETIN-04-1024x683.jpeg 1024w, https:\/\/losperiodistas.com.mx\/portal\/wp-content\/uploads\/2023\/11\/FOTO-2-BOLETIN-04-300x200.jpeg 300w, https:\/\/losperiodistas.com.mx\/portal\/wp-content\/uploads\/2023\/11\/FOTO-2-BOLETIN-04-768x512.jpeg 768w, https:\/\/losperiodistas.com.mx\/portal\/wp-content\/uploads\/2023\/11\/FOTO-2-BOLETIN-04-1536x1024.jpeg 1536w, https:\/\/losperiodistas.com.mx\/portal\/wp-content\/uploads\/2023\/11\/FOTO-2-BOLETIN-04-2048x1365.jpeg 2048w\" sizes=\"(max-width: 1024px) 100vw, 1024px\" \/><figcaption>Cortes\u00eda<\/figcaption><\/figure>\n\n\n\n<p class=\"has-vivid-red-color has-text-color has-medium-font-size\"><strong>COMUNICADO<\/strong><\/p>\n\n\n\n<p>Durante el recorrido realizado por las juntas auxiliares de San Miguel Canoa y de San Miguel Espejo del municipio de Puebla, Rodrigo Abdala, aspirante de Morena a la candidatura para la presidencia municipal de Puebla capital, transit\u00f3 nuevamente las calles, los comercios y dialog\u00f3 con sus simpatizantes. \u201cMe siento muy feliz cuando hay un v\u00ednculo y conexi\u00f3n con la gente para mejorar sus condiciones de vida, superar nuestras carencias con base en nuestras fortalezas\u201d as\u00ed lo dijo al paso de su caminata.<\/p>\n\n\n\n<p>El exdelegado de los programas de bienestar al ser cuestionado sobre su actual aspiraci\u00f3n pol\u00edtica y si obedece a la ambici\u00f3n por el poder, Rodrigo Abdala respondi\u00f3 que \u201cel poder por el poder no es v\u00e1lido; el poder debe servir para transformar lo que requiere Puebla capital\u201d y continu\u00f3 Abdala afirmando \u201ctengo la ambici\u00f3n por cambiar la realidad de nuestra gran ciudad y recuperar la capital de Puebla\u201d, asegur\u00f3.<\/p>\n\n\n\n<p>Al referirse a la realidad que viven las juntas auxiliares de Puebla, Rodrigo Abdala comparti\u00f3 uno de sus sue\u00f1os que es hacer que las juntas auxiliares dispongan de mayores recursos que sean potenciados con la organizaci\u00f3n de las colonias y barrios. \u201cMe consta -porque as\u00ed lo hice como funcionario-que la solidaridad provoca cohesi\u00f3n social para transformar nuestra realidad.\u201d<\/p>\n","protected":false},"excerpt":{"rendered":"<p>\u201cEl poder debe servir para transformar lo que requiere Puebla capital\u201d COMUNICADO Durante el recorrido realizado por las juntas auxiliares [&hellip;]<\/p>\n","protected":false},"author":1,"featured_media":63875,"comment_status":"open","ping_status":"open","sticky":false,"template":"","format":"standard","meta":{"site-sidebar-layout":"default","site-content-layout":"","ast-site-content-layout":"default","site-content-style":"default","site-sidebar-style":"default","ast-global-header-display":"","ast-banner-title-visibility":"","ast-main-header-display":"","ast-hfb-above-header-display":"","ast-hfb-below-header-display":"","ast-hfb-mobile-header-display":"","site-post-title":"","ast-breadcrumbs-content":"","ast-featured-img":"","footer-sml-layout":"","theme-transparent-header-meta":"","adv-header-id-meta":"","stick-header-meta":"","header-above-stick-meta":"","header-main-stick-meta":"","header-below-stick-meta":"","astra-migrate-meta-layouts":"default","ast-page-background-enabled":"default","ast-page-background-meta":{"desktop":{"background-color":"var(--ast-global-color-4)","background-image":"","background-repeat":"repeat","background-position":"center center","background-size":"auto","background-attachment":"scroll","background-type":"","background-media":"","overlay-type":"","overlay-color":"","overlay-opacity":"","overlay-gradient":""},"tablet":{"background-color":"","background-image":"","background-repeat":"repeat","background-position":"center center","background-size":"auto","background-attachment":"scroll","background-type":"","background-media":"","overlay-type":"","overlay-color":"","overlay-opacity":"","overlay-gradient":""},"mobile":{"background-color":"","background-image":"","background-repeat":"repeat","background-position":"center center","background-size":"auto","background-attachment":"scroll","background-type":"","background-media":"","overlay-type":"","overlay-color":"","overlay-opacity":"","overlay-gradient":""}},"ast-content-background-meta":{"desktop":{"background-color":"var(--ast-global-color-5)","background-image":"","background-repeat":"repeat","background-position":"center center","background-size":"auto","background-attachment":"scroll","background-type":"","background-media":"","overlay-type":"","overlay-color":"","overlay-opacity":"","overlay-gradient":""},"tablet":{"background-color":"var(--ast-global-color-5)","background-image":"","background-repeat":"repeat","background-position":"center center","background-size":"auto","background-attachment":"scroll","background-type":"","background-media":"","overlay-type":"","overlay-color":"","overlay-opacity":"","overlay-gradient":""},"mobile":{"background-color":"var(--ast-global-color-5)","background-image":"","background-repeat":"repeat","background-position":"center center","background-size":"auto","background-attachment":"scroll","background-type":"","background-media":"","overlay-type":"","overlay-color":"","overlay-opacity":"","overlay-gradient":""}},"footnotes":""},"categories":[8],"tags":[15580,725],"class_list":["post-63874","post","type-post","status-publish","format-standard","has-post-thumbnail","hentry","category-noticias","tag-rodrigoabdala","tag-morena-puebla"],"_links":{"self":[{"href":"https:\/\/losperiodistas.com.mx\/portal\/wp-json\/wp\/v2\/posts\/63874","targetHints":{"allow":["GET"]}}],"collection":[{"href":"https:\/\/losperiodistas.com.mx\/portal\/wp-json\/wp\/v2\/posts"}],"about":[{"href":"https:\/\/losperiodistas.com.mx\/portal\/wp-json\/wp\/v2\/types\/post"}],"author":[{"embeddable":true,"href":"https:\/\/losperiodistas.com.mx\/portal\/wp-json\/wp\/v2\/users\/1"}],"replies":[{"embeddable":true,"href":"https:\/\/losperiodistas.com.mx\/portal\/wp-json\/wp\/v2\/comments?post=63874"}],"version-history":[{"count":1,"href":"https:\/\/losperiodistas.com.mx\/portal\/wp-json\/wp\/v2\/posts\/63874\/revisions"}],"predecessor-version":[{"id":63876,"href":"https:\/\/losperiodistas.com.mx\/portal\/wp-json\/wp\/v2\/posts\/63874\/revisions\/63876"}],"wp:featuredmedia":[{"embeddable":true,"href":"https:\/\/losperiodistas.com.mx\/portal\/wp-json\/wp\/v2\/media\/63875"}],"wp:attachment":[{"href":"https:\/\/losperiodistas.com.mx\/portal\/wp-json\/wp\/v2\/media?parent=63874"}],"wp:term":[{"taxonomy":"category","embeddable":true,"href":"https:\/\/losperiodistas.com.mx\/portal\/wp-json\/wp\/v2\/categories?post=63874"},{"taxonomy":"post_tag","embeddable":true,"href":"https:\/\/losperiodistas.com.mx\/portal\/wp-json\/wp\/v2\/tags?post=63874"}],"curies":[{"name":"wp","href":"https:\/\/api.w.org\/{rel}","templated":true}]}}