{"id":63871,"date":"2023-11-28T21:24:52","date_gmt":"2023-11-29T03:24:52","guid":{"rendered":"http:\/\/losperiodistas.com.mx\/portal\/?p=63871"},"modified":"2023-11-28T21:24:54","modified_gmt":"2023-11-29T03:24:54","slug":"opinion-homenaje-a-don-manuel-diaz-cid","status":"publish","type":"post","link":"https:\/\/losperiodistas.com.mx\/portal\/opinion-homenaje-a-don-manuel-diaz-cid\/","title":{"rendered":"Opini\u00f3n | Homenaje a Don Manuel D\u00edaz Cid"},"content":{"rendered":"\n<p class=\"has-vivid-red-color has-text-color\" style=\"font-size:26px\"><strong><em>Por Humberto Aguilar Coronado<\/em><\/strong><\/p>\n\n\n\n<p>En la UPAEP se organiz\u00f3 una tarde de caf\u00e9 para recordar a Don Manuel D\u00edaz Cid, a 5 a\u00f1os de su partida con el que todo lo puede.<\/p>\n\n\n\n<p>Me invitaron a participar para compartir mi experiencia, misma que lo hago tambi\u00e9n con ustedes amables lectores.<\/p>\n\n\n\n<p>Conoc\u00ed a Don Manuel en 1978 en la prepa Fernando de Magallanes.<\/p>\n\n\n\n<p>En ese entonces Don Manuel ten\u00eda 40 a\u00f1os y me impresionaron sus conocimientos de lo que a m\u00ed me parec\u00eda, casi todo.<\/p>\n\n\n\n<p>En los tres a\u00f1os de preparatoria, a un grupo de rebeldes, nos dio clases de historia de M\u00e9xico, de psicolog\u00eda, de l\u00f3gica y pr\u00e1cticamente nos narraba la segunda guerra mundial.<\/p>\n\n\n\n<p>De esas materias, me apasionaron la historia de M\u00e9xico y la historia universal, de las cuales he seguido leyendo y aprendiendo, pero, sobre todo, la clase de l\u00f3gica.<\/p>\n\n\n\n<p>Quiz\u00e1 desde entonces entend\u00ed que el ejercicio de la pol\u00edtica se debe realizar con estricto apego a la \u00e9tica, pero tambi\u00e9n con actitudes apegadas a la l\u00f3gica.<\/p>\n\n\n\n<p>A\u00f1os despu\u00e9s tuve la fortuna de tenerlo como director de la escuela de ciencias pol\u00edticas y como profesor de diferentes materias durante los 5 a\u00f1os que dur\u00f3 la carrera.<\/p>\n\n\n\n<p>Con su ejemplo entend\u00ed que, para trascender, hab\u00eda que leer.<\/p>\n\n\n\n<p>Por su recomendaci\u00f3n, le\u00ed el capital de Carlos Marx; mi vida de rebelde de Angelica Balavanov o la acumulaci\u00f3n del capital de Rosa Luxemburgo, pensadores y activistas marxistas, revolucionarios o anarquistas, pero que dejaron un gran testimonio para la humanidad.<\/p>\n\n\n\n<p>Tambi\u00e9n le\u00ed y comprend\u00ed a los padres de la filosof\u00eda pol\u00edtica, a S\u00f3crates, Arist\u00f3teles, Plat\u00f3n, Tom\u00e1s Moro y tantos otros que Don Manuel nos compart\u00eda su pensamiento pol\u00edtico y nos motivaba a conocerlos.<\/p>\n\n\n\n<p>Desde entonces guardo muchos libros, pero quiz\u00e1 los libros de consulta y de lectura m\u00e1s apreciados, son el de Sabine, la historia de la teor\u00eda pol\u00edtica; los de la guerra cristera en M\u00e9xico; el de l\u00edderes de Richard Nixon y los de la segunda guerra mundial.<\/p>\n\n\n\n<p>Es altamente probable que por Don Manuel me haya inclinado a estudiar ciencia pol\u00edtica, porque quer\u00eda seguir aprendiendo algo de lo que \u00e9l sab\u00eda y porque sab\u00eda que s\u00ed era posible cambiar la pol\u00edtica en nuestro pa\u00eds con nuestra participaci\u00f3n.<\/p>\n\n\n\n<p>Con Don Manuel aprend\u00ed que los reg\u00edmenes totalitarios, concentradores de poder y populistas, cayeron por la exigencia de sus propios pueblos al darse cuenta del enga\u00f1o.<\/p>\n\n\n\n<p>As\u00ed cayeron los cesares en Roma; los luises en Francia y los zares en Rusia, por lo que mi vida de joven rebelde contra el autoritarismo que representaba el partido hegem\u00f3nico, en esos primeros a\u00f1os de los ochenta, me hac\u00eda creer y luchar porque alg\u00fan d\u00eda los iba a ver caer.<\/p>\n\n\n\n<p>Dios, me dio la oportunidad de contribuir para ver ese gran momento en el 2000 y de seguir aportando pol\u00edticamente para que, a mi edad madura, me siga haciendo ilusi\u00f3n pensar que pronto, va a caer el populismo en nuestro pa\u00eds, porque la esperanza ha cambiado de manos.<\/p>\n\n\n\n<p>Se extra\u00f1a a Don Manuel. Su an\u00e1lisis pol\u00edtico, su comentario puntual, su apertura ideol\u00f3gica y su tolerancia en el pensamiento y en la acci\u00f3n pol\u00edtica.<\/p>\n\n\n\n<p>Qu\u00e9 bueno que lo recordamos.<\/p>\n\n\n\n<p>*Es Diputado Federal del PAN<\/p>\n","protected":false},"excerpt":{"rendered":"<p>Por Humberto Aguilar Coronado En la UPAEP se organiz\u00f3 una tarde de caf\u00e9 para recordar a Don Manuel D\u00edaz Cid, [&hellip;]<\/p>\n","protected":false},"author":1,"featured_media":63872,"comment_status":"open","ping_status":"open","sticky":false,"template":"","format":"standard","meta":{"site-sidebar-layout":"default","site-content-layout":"","ast-site-content-layout":"default","site-content-style":"default","site-sidebar-style":"default","ast-global-header-display":"","ast-banner-title-visibility":"","ast-main-header-display":"","ast-hfb-above-header-display":"","ast-hfb-below-header-display":"","ast-hfb-mobile-header-display":"","site-post-title":"","ast-breadcrumbs-content":"","ast-featured-img":"","footer-sml-layout":"","theme-transparent-header-meta":"","adv-header-id-meta":"","stick-header-meta":"","header-above-stick-meta":"","header-main-stick-meta":"","header-below-stick-meta":"","astra-migrate-meta-layouts":"default","ast-page-background-enabled":"default","ast-page-background-meta":{"desktop":{"background-color":"var(--ast-global-color-4)","background-image":"","background-repeat":"repeat","background-position":"center center","background-size":"auto","background-attachment":"scroll","background-type":"","background-media":"","overlay-type":"","overlay-color":"","overlay-opacity":"","overlay-gradient":""},"tablet":{"background-color":"","background-image":"","background-repeat":"repeat","background-position":"center center","background-size":"auto","background-attachment":"scroll","background-type":"","background-media":"","overlay-type":"","overlay-color":"","overlay-opacity":"","overlay-gradient":""},"mobile":{"background-color":"","background-image":"","background-repeat":"repeat","background-position":"center center","background-size":"auto","background-attachment":"scroll","background-type":"","background-media":"","overlay-type":"","overlay-color":"","overlay-opacity":"","overlay-gradient":""}},"ast-content-background-meta":{"desktop":{"background-color":"var(--ast-global-color-5)","background-image":"","background-repeat":"repeat","background-position":"center center","background-size":"auto","background-attachment":"scroll","background-type":"","background-media":"","overlay-type":"","overlay-color":"","overlay-opacity":"","overlay-gradient":""},"tablet":{"background-color":"var(--ast-global-color-5)","background-image":"","background-repeat":"repeat","background-position":"center center","background-size":"auto","background-attachment":"scroll","background-type":"","background-media":"","overlay-type":"","overlay-color":"","overlay-opacity":"","overlay-gradient":""},"mobile":{"background-color":"var(--ast-global-color-5)","background-image":"","background-repeat":"repeat","background-position":"center center","background-size":"auto","background-attachment":"scroll","background-type":"","background-media":"","overlay-type":"","overlay-color":"","overlay-opacity":"","overlay-gradient":""}},"footnotes":""},"categories":[8,18],"tags":[18772],"class_list":["post-63871","post","type-post","status-publish","format-standard","has-post-thumbnail","hentry","category-noticias","category-palabra-de-tigre","tag-manuel-diaz-cid"],"_links":{"self":[{"href":"https:\/\/losperiodistas.com.mx\/portal\/wp-json\/wp\/v2\/posts\/63871","targetHints":{"allow":["GET"]}}],"collection":[{"href":"https:\/\/losperiodistas.com.mx\/portal\/wp-json\/wp\/v2\/posts"}],"about":[{"href":"https:\/\/losperiodistas.com.mx\/portal\/wp-json\/wp\/v2\/types\/post"}],"author":[{"embeddable":true,"href":"https:\/\/losperiodistas.com.mx\/portal\/wp-json\/wp\/v2\/users\/1"}],"replies":[{"embeddable":true,"href":"https:\/\/losperiodistas.com.mx\/portal\/wp-json\/wp\/v2\/comments?post=63871"}],"version-history":[{"count":1,"href":"https:\/\/losperiodistas.com.mx\/portal\/wp-json\/wp\/v2\/posts\/63871\/revisions"}],"predecessor-version":[{"id":63873,"href":"https:\/\/losperiodistas.com.mx\/portal\/wp-json\/wp\/v2\/posts\/63871\/revisions\/63873"}],"wp:featuredmedia":[{"embeddable":true,"href":"https:\/\/losperiodistas.com.mx\/portal\/wp-json\/wp\/v2\/media\/63872"}],"wp:attachment":[{"href":"https:\/\/losperiodistas.com.mx\/portal\/wp-json\/wp\/v2\/media?parent=63871"}],"wp:term":[{"taxonomy":"category","embeddable":true,"href":"https:\/\/losperiodistas.com.mx\/portal\/wp-json\/wp\/v2\/categories?post=63871"},{"taxonomy":"post_tag","embeddable":true,"href":"https:\/\/losperiodistas.com.mx\/portal\/wp-json\/wp\/v2\/tags?post=63871"}],"curies":[{"name":"wp","href":"https:\/\/api.w.org\/{rel}","templated":true}]}}