{"id":63860,"date":"2023-11-28T14:34:52","date_gmt":"2023-11-28T20:34:52","guid":{"rendered":"http:\/\/losperiodistas.com.mx\/portal\/?p=63860"},"modified":"2023-11-28T14:34:54","modified_gmt":"2023-11-28T20:34:54","slug":"claudia-rivera-va-tras-la-candidatura-a-la-alcaldia-de-puebla-oem","status":"publish","type":"post","link":"https:\/\/losperiodistas.com.mx\/portal\/claudia-rivera-va-tras-la-candidatura-a-la-alcaldia-de-puebla-oem\/","title":{"rendered":"Claudia Rivera va tras la candidatura a la alcald\u00eda de Puebla | OEM"},"content":{"rendered":"\n<h3 class=\"has-white-color has-vivid-red-background-color has-text-color has-background has-medium-font-size wp-block-heading\">La exalcaldesa de Puebla asegur\u00f3 que no se encuentra aferrada al poder ni a un cargo<\/h3>\n\n\n\n<figure class=\"wp-block-image size-large is-style-default\"><img fetchpriority=\"high\" decoding=\"async\" width=\"1024\" height=\"697\" src=\"https:\/\/losperiodistas.com.mx\/portal\/wp-content\/uploads\/2023\/11\/Captura-de-Pantalla-2023-11-28-a-las-14.27.24-1024x697.jpg\" alt=\"\" class=\"wp-image-63861\" srcset=\"https:\/\/losperiodistas.com.mx\/portal\/wp-content\/uploads\/2023\/11\/Captura-de-Pantalla-2023-11-28-a-las-14.27.24-1024x697.jpg 1024w, https:\/\/losperiodistas.com.mx\/portal\/wp-content\/uploads\/2023\/11\/Captura-de-Pantalla-2023-11-28-a-las-14.27.24-300x204.jpg 300w, https:\/\/losperiodistas.com.mx\/portal\/wp-content\/uploads\/2023\/11\/Captura-de-Pantalla-2023-11-28-a-las-14.27.24-768x523.jpg 768w, https:\/\/losperiodistas.com.mx\/portal\/wp-content\/uploads\/2023\/11\/Captura-de-Pantalla-2023-11-28-a-las-14.27.24.jpg 1502w\" sizes=\"(max-width: 1024px) 100vw, 1024px\" \/><\/figure>\n\n\n\n<p><\/p>\n\n\n\n<p class=\"has-vivid-red-color has-text-color has-medium-font-size\"><strong>JARED CARCA\u00d1O \/ EL SOL DE PUEBLA<\/strong><\/p>\n\n\n\n<p>Luego de perder la coordinaci\u00f3n estatal de los Comit\u00e9s de Defensa de la 4T,&nbsp;<strong>Claudia Rivera Vivanco, buscar\u00e1 la candidatura para la presidencia municipal de Puebla o llegar al Senado de la Rep\u00fablica,&nbsp;<\/strong>sin embargo, rechaz\u00f3 que se trate de una ambici\u00f3n por el poder y expres\u00f3 que estar\u00e1 donde sea m\u00e1s \u00fatil para consolidar el proyecto de Morena.<\/p>\n\n\n\n<p><em>\u201cLes hago manifiesto, me inscrib\u00ed para participar en el proceso interno de Morena, en la selecci\u00f3n de la precandidatura del municipio de Puebla, este trabajo es un esfuerzo muy importante que se tiene que hacer\u201d,<\/em>\u00a0mencion\u00f3 en conferencia de prensa.<\/p>\n\n\n\n<p>Argument\u00f3 que su decisi\u00f3n para contender por la alcald\u00eda obedece a que es una de las mujeres m\u00e1s competitivas del partido, seg\u00fan las<strong>&nbsp;mediciones internas de Regeneraci\u00f3n Nacional y cuenta con experiencia en el porque anteriormente gobern\u00f3 el territorio.<\/strong><\/p>\n\n\n\n<p>Simult\u00e1neamente, inform\u00f3 que&nbsp;<strong>busca encabezar la segunda f\u00f3rmula al Senado de la Rep\u00fablica&nbsp;<\/strong>porque la secretaria general de Morena, Citlalli Hern\u00e1ndez Mora, aclar\u00f3 en un video que las posiciones ser\u00e1n para los perfiles m\u00e1s competitivos.<\/p>\n\n\n\n<p>La precisi\u00f3n de la l\u00edder partidista ocurri\u00f3 despu\u00e9s de que circul\u00f3 el siglado presentado en el convenio de coalici\u00f3n, donde presuntamente al PT le corresponder\u00eda la segunda f\u00f3rmula al Senado, as\u00ed que c<strong>omenz\u00f3 a sonar el nombre de la extitular de la Secretar\u00eda de Bienestar, Lizeth S\u00e1nchez Garc\u00eda, quien fue la carta del PT por la coordinaci\u00f3n estatal,&nbsp;<\/strong>es decir, la precandidatura.<\/p>\n\n\n\n<p>A pesar de que busca uno de las dos posiciones, pero solo podr\u00e1 ocupar una, sostuvo que n<strong>o se encuentra aferrada al poder<\/strong>:&nbsp;<em>\u201cAl final de cuentas, lo he dicho, yo no estoy buscando cargo, ni chamba. As\u00ed que donde el partido y el pueblo me confiera, ah\u00ed estar\u00e9, solamente se puede una posici\u00f3n\u201d,&nbsp;<\/em>opin\u00f3.<\/p>\n\n\n\n<p><strong>Claudia Rivera consider\u00f3 que no habr\u00e1 una ruptura al interior del partido<\/strong>\u00a0en los procesos estatales, porque el partido ha puesto las reglas claras, tal como ocurri\u00f3 a nivel estatal:\u00a0<em>\u201cTodos los que se han inscrito tuvieron la obligaci\u00f3n de firmar su carta compromiso de que nada de berrinches ni pataleos\u201d,\u00a0<\/em>dijo.<\/p>\n\n\n\n<h2 class=\"wp-block-heading\"><strong>Claudia Rivera fue la primera presidenta municipal por Morena<\/strong><\/h2>\n\n\n\n<p><strong>Rivera Vivanco fue la primera alcaldesa de Morena en la capital.&nbsp;<\/strong>En las elecciones del 2018 logr\u00f3 el triunfo por el partido de izquierda y en abril del 2021 solicit\u00f3 licencia para buscar la reelecci\u00f3n.<\/p>\n\n\n\n<p>Sin embargo, en las urnas&nbsp;<strong>perdi\u00f3 ante el actual alcalde del Partido Acci\u00f3n Nacional<\/strong>&nbsp;(PAN), Eduardo Rivera P\u00e9rez. Posteriormente, estuvo enfocada en el trabajo interno del partido y este 2023 se inscribi\u00f3 a la contienda por la coordinaci\u00f3n estatal de los Comit\u00e9s de Defensa de la 4T.<\/p>\n\n\n\n<p>El Consejo Estatal \u00fanicamente seleccion\u00f3 a Julio Huerta G\u00f3mez, Ignacio Mier Velazco, Olivia Salom\u00f3n Vivaldo y Lizeth S\u00e1nchez Garc\u00eda, para avanzar en el proceso, pero la Comisi\u00f3n Nacional de Elecciones agreg\u00f3 a Alejandro Armenta, Claudia Rivera y Rodrigo Abdala.<\/p>\n\n\n\n<p>En la recta final del proceso quedaron el senador y la exalcaldesa, aunque, Alejandro Armenta consum\u00f3 la coordinaci\u00f3n estatal, as\u00ed que ser\u00e1 el candidato del partido para las elecciones del 2024.<\/p>\n\n\n\n<p>Fuente: <a href=\"https:\/\/www.elsoldepuebla.com.mx\/local\/claudia-rivera-va-tras-la-candidatura-a-la-alcaldia-de-puebla-11068546.html\">https:\/\/www.elsoldepuebla.com.mx\/local\/claudia-rivera-va-tras-la-candidatura-a-la-alcaldia-de-puebla-11068546.html<\/a><\/p>\n","protected":false},"excerpt":{"rendered":"<p>La exalcaldesa de Puebla asegur\u00f3 que no se encuentra aferrada al poder ni a un cargo JARED CARCA\u00d1O \/ EL [&hellip;]<\/p>\n","protected":false},"author":1,"featured_media":63861,"comment_status":"open","ping_status":"open","sticky":false,"template":"","format":"standard","meta":{"site-sidebar-layout":"default","site-content-layout":"","ast-site-content-layout":"default","site-content-style":"default","site-sidebar-style":"default","ast-global-header-display":"","ast-banner-title-visibility":"","ast-main-header-display":"","ast-hfb-above-header-display":"","ast-hfb-below-header-display":"","ast-hfb-mobile-header-display":"","site-post-title":"","ast-breadcrumbs-content":"","ast-featured-img":"","footer-sml-layout":"","theme-transparent-header-meta":"","adv-header-id-meta":"","stick-header-meta":"","header-above-stick-meta":"","header-main-stick-meta":"","header-below-stick-meta":"","astra-migrate-meta-layouts":"default","ast-page-background-enabled":"default","ast-page-background-meta":{"desktop":{"background-color":"var(--ast-global-color-4)","background-image":"","background-repeat":"repeat","background-position":"center center","background-size":"auto","background-attachment":"scroll","background-type":"","background-media":"","overlay-type":"","overlay-color":"","overlay-opacity":"","overlay-gradient":""},"tablet":{"background-color":"","background-image":"","background-repeat":"repeat","background-position":"center center","background-size":"auto","background-attachment":"scroll","background-type":"","background-media":"","overlay-type":"","overlay-color":"","overlay-opacity":"","overlay-gradient":""},"mobile":{"background-color":"","background-image":"","background-repeat":"repeat","background-position":"center center","background-size":"auto","background-attachment":"scroll","background-type":"","background-media":"","overlay-type":"","overlay-color":"","overlay-opacity":"","overlay-gradient":""}},"ast-content-background-meta":{"desktop":{"background-color":"var(--ast-global-color-5)","background-image":"","background-repeat":"repeat","background-position":"center center","background-size":"auto","background-attachment":"scroll","background-type":"","background-media":"","overlay-type":"","overlay-color":"","overlay-opacity":"","overlay-gradient":""},"tablet":{"background-color":"var(--ast-global-color-5)","background-image":"","background-repeat":"repeat","background-position":"center center","background-size":"auto","background-attachment":"scroll","background-type":"","background-media":"","overlay-type":"","overlay-color":"","overlay-opacity":"","overlay-gradient":""},"mobile":{"background-color":"var(--ast-global-color-5)","background-image":"","background-repeat":"repeat","background-position":"center center","background-size":"auto","background-attachment":"scroll","background-type":"","background-media":"","overlay-type":"","overlay-color":"","overlay-opacity":"","overlay-gradient":""}},"footnotes":""},"categories":[8],"tags":[20648,5486,725],"class_list":["post-63860","post","type-post","status-publish","format-standard","has-post-thumbnail","hentry","category-noticias","tag-riveravivanco_","tag-elecciones-2024","tag-morena-puebla"],"_links":{"self":[{"href":"https:\/\/losperiodistas.com.mx\/portal\/wp-json\/wp\/v2\/posts\/63860","targetHints":{"allow":["GET"]}}],"collection":[{"href":"https:\/\/losperiodistas.com.mx\/portal\/wp-json\/wp\/v2\/posts"}],"about":[{"href":"https:\/\/losperiodistas.com.mx\/portal\/wp-json\/wp\/v2\/types\/post"}],"author":[{"embeddable":true,"href":"https:\/\/losperiodistas.com.mx\/portal\/wp-json\/wp\/v2\/users\/1"}],"replies":[{"embeddable":true,"href":"https:\/\/losperiodistas.com.mx\/portal\/wp-json\/wp\/v2\/comments?post=63860"}],"version-history":[{"count":1,"href":"https:\/\/losperiodistas.com.mx\/portal\/wp-json\/wp\/v2\/posts\/63860\/revisions"}],"predecessor-version":[{"id":63863,"href":"https:\/\/losperiodistas.com.mx\/portal\/wp-json\/wp\/v2\/posts\/63860\/revisions\/63863"}],"wp:featuredmedia":[{"embeddable":true,"href":"https:\/\/losperiodistas.com.mx\/portal\/wp-json\/wp\/v2\/media\/63861"}],"wp:attachment":[{"href":"https:\/\/losperiodistas.com.mx\/portal\/wp-json\/wp\/v2\/media?parent=63860"}],"wp:term":[{"taxonomy":"category","embeddable":true,"href":"https:\/\/losperiodistas.com.mx\/portal\/wp-json\/wp\/v2\/categories?post=63860"},{"taxonomy":"post_tag","embeddable":true,"href":"https:\/\/losperiodistas.com.mx\/portal\/wp-json\/wp\/v2\/tags?post=63860"}],"curies":[{"name":"wp","href":"https:\/\/api.w.org\/{rel}","templated":true}]}}