{"id":63740,"date":"2023-11-27T03:42:10","date_gmt":"2023-11-27T09:42:10","guid":{"rendered":"http:\/\/losperiodistas.com.mx\/portal\/?p=63740"},"modified":"2023-11-27T03:42:12","modified_gmt":"2023-11-27T09:42:12","slug":"salen-7462-millones-de-dolares-de-inversion-en-cartera-en-el-tercer-trimestre-el-economista%ef%bf%bc","status":"publish","type":"post","link":"https:\/\/losperiodistas.com.mx\/portal\/salen-7462-millones-de-dolares-de-inversion-en-cartera-en-el-tercer-trimestre-el-economista%ef%bf%bc\/","title":{"rendered":"Salen 7,462 millones de d\u00f3lares de inversi\u00f3n en cartera en el tercer trimestre | El Economista\ufffc"},"content":{"rendered":"\n<p class=\"has-pale-cyan-blue-background-color has-background has-medium-font-size\">Han salido capitales en 12 de los \u00faltimos 14 trimestres, es decir, desde el segundo trimestre\u00a0del 2020, cuando se declar\u00f3 la pandemia.<\/p>\n\n\n\n<p><\/p>\n\n\n\n<figure class=\"wp-block-image size-large\"><img fetchpriority=\"high\" decoding=\"async\" width=\"1024\" height=\"631\" src=\"https:\/\/losperiodistas.com.mx\/portal\/wp-content\/uploads\/2023\/11\/Captura-de-pantalla-2023-11-27-a-las-3.36.56\u202fa.m.-1024x631.png\" alt=\"\" class=\"wp-image-63741\" srcset=\"https:\/\/losperiodistas.com.mx\/portal\/wp-content\/uploads\/2023\/11\/Captura-de-pantalla-2023-11-27-a-las-3.36.56\u202fa.m.-1024x631.png 1024w, https:\/\/losperiodistas.com.mx\/portal\/wp-content\/uploads\/2023\/11\/Captura-de-pantalla-2023-11-27-a-las-3.36.56\u202fa.m.-300x185.png 300w, https:\/\/losperiodistas.com.mx\/portal\/wp-content\/uploads\/2023\/11\/Captura-de-pantalla-2023-11-27-a-las-3.36.56\u202fa.m.-768x474.png 768w, https:\/\/losperiodistas.com.mx\/portal\/wp-content\/uploads\/2023\/11\/Captura-de-pantalla-2023-11-27-a-las-3.36.56\u202fa.m..png 1518w\" sizes=\"(max-width: 1024px) 100vw, 1024px\" \/><\/figure>\n\n\n\n<p><\/p>\n\n\n\n<p class=\"has-vivid-red-color has-text-color has-medium-font-size\"><strong>YOLANDA MORALES \/ EL ECONOMISTA<\/strong><\/p>\n\n\n\n<p>Inversionistas extranjeros liquidaron posiciones en el mercado mexicano por 7,462 millones de d\u00f3lares durante el tercer trimestre del a\u00f1o, inform\u00f3 el Banco de M\u00e9xico.<\/p>\n\n\n\n<p>Con esta salida se hilaron dos trimestres consecutivos de desinversi\u00f3n desde los 4,075 millones registrados durante el segundo trimestre del a\u00f1o y supera la salida que tambi\u00e9n se observ\u00f3 en el mismo lapso del a\u00f1o pasado, es decir, de julio a septiembre del 2022, cuando sum\u00f3 310 millones de d\u00f3lares.<\/p>\n\n\n\n<p>En el detalle de la informaci\u00f3n contenida en la Balanza de Pagos del tercer trimestre, se observa que la Inversi\u00f3n Directa, mostr\u00f3 un flujo de 1,859 millones de d\u00f3lares la cual fue f\u00e1cilmente superada por la inversi\u00f3n directa en el resto del mundo por parte de empresas en M\u00e9xico (-3,377 millones de pesos) para un pr\u00e9stamo neto de 1,818 millones de pesos.<\/p>\n\n\n\n<p>Esto porque los inversionistas mexicanos llevaron 3,677 millones de d\u00f3lares de su capital productivo fuera de M\u00e9xico por segundo trimestre consecutivo.<\/p>\n\n\n\n<h2 class=\"wp-block-heading\">Siguen desinvirtiendo<\/h2>\n\n\n\n<p>En el detalle de la cuenta de capital, se observa que el resultado en inversiones de cartera por 7,462 millones de d\u00f3lares, provino de entradas de divisas por 2,329 millones de d\u00f3lares y una disminuci\u00f3n de pasivos externos por 5,133 millones de d\u00f3lares de los cuales 2,556 millones correspondieron a Pemex y CFE.<\/p>\n\n\n\n<p>La directora de An\u00e1lisis econ\u00f3mico y financiero de banco Base, Gabriela Siller matiz\u00f3 que han salido capitales en 12 de los \u00faltimos 14 trimestres, es decir, desde el segundo trimestre del 2020, cuando se declar\u00f3 la pandemia.<\/p>\n\n\n\n<p>En este lapso de 42 meses, los inversionistas extranjeros s\u00f3lo han tomado t\u00edtulos mexicanos durante el \u00faltimo trimestre del a\u00f1o pasado y en el primero de este 2023, por un total de 5,337 millones de d\u00f3lares.<\/p>\n\n\n\n<h2 class=\"wp-block-heading\">Cuenta financiera<\/h2>\n\n\n\n<p>De acuerdo con los datos divulgados por el Banxico, la cuenta financiera result\u00f3 en el tercer trimestre con un pr\u00e9stamo neto con el resto del mundo por 4,316 millones de d\u00f3lares, originado por un pr\u00e9stamo neto de 1,818 millones de d\u00f3lares en Inversi\u00f3n Extranjera Directa y de 537 millones de d\u00f3lares en derivados financieros, una disminuci\u00f3n en activos de reserva por 115 millones, As\u00ed como de un endeudamiento neto de (-)5,386 millones en otra inversi\u00f3n.<\/p>\n\n\n\n<p>El rubro de errores y omisiones, cerr\u00f3 con 1,732 millones de d\u00f3lares desde 453 millones registrados en el trimestre previo, mientras que en el mismo periodo del 2022 la cifra fue de (-)570 millones de d\u00f3lares. Vale la pena recordar que errores y omisiones es una partida de ajuste donde se reflejan las discrepancias estad\u00edsticas y las transacciones no declaradas para que la balanza de pagos cierre contablemente.<\/p>\n\n\n\n<p>Los expertos consideran que el diferencial de tasas ser\u00e1 clave para el desempe\u00f1o de la cuenta financiera.<\/p>\n\n\n\n<h2 class=\"wp-block-heading\">Acumulado del a\u00f1o<\/h2>\n\n\n\n<p>De acuerdo con la informaci\u00f3n del Banxico, en los nueve meses del a\u00f1o se registr\u00f3 un endeudamiento neto en la cuenta financiera de M\u00e9xico con el resto del mundo por 8,904 millones de d\u00f3lares, que result\u00f3 53.3% menor al observado en el mismo periodo de 2022 que fue de 19,080 millones de d\u00f3lares.<\/p>\n\n\n\n<p>La inversi\u00f3n directa mostr\u00f3 un pr\u00e9stamo neto equivalente a 27,867 millones de d\u00f3lares, que representa un crecimiento de 17.9% respecto del mismo periodo del 2022.<\/p>\n\n\n\n<p>La inversi\u00f3n de cartera acumula un endeudamiento neto por 9,549 millones de d\u00f3lares mostrando un crecimiento neto de 12.32% respecto del observado en el mismo periodo del a\u00f1o pasado.<\/p>\n\n\n\n<p>Fuente: <a href=\"https:\/\/www.eleconomista.com.mx\/sectorfinanciero\/Salen-7462-millones-de-dolares-de-inversion-en-cartera-en-el-tercer-trimestre-20231126-0072.html\">https:\/\/www.eleconomista.com.mx\/sectorfinanciero\/Salen-7462-millones-de-dolares-de-inversion-en-cartera-en-el-tercer-trimestre-20231126-0072.html<\/a><\/p>\n","protected":false},"excerpt":{"rendered":"<p>Han salido capitales en 12 de los \u00faltimos 14 trimestres, es decir, desde el segundo trimestre\u00a0del 2020, cuando se declar\u00f3 [&hellip;]<\/p>\n","protected":false},"author":1,"featured_media":63741,"comment_status":"open","ping_status":"open","sticky":false,"template":"","format":"standard","meta":{"site-sidebar-layout":"default","site-content-layout":"","ast-site-content-layout":"default","site-content-style":"default","site-sidebar-style":"default","ast-global-header-display":"","ast-banner-title-visibility":"","ast-main-header-display":"","ast-hfb-above-header-display":"","ast-hfb-below-header-display":"","ast-hfb-mobile-header-display":"","site-post-title":"","ast-breadcrumbs-content":"","ast-featured-img":"","footer-sml-layout":"","theme-transparent-header-meta":"","adv-header-id-meta":"","stick-header-meta":"","header-above-stick-meta":"","header-main-stick-meta":"","header-below-stick-meta":"","astra-migrate-meta-layouts":"default","ast-page-background-enabled":"default","ast-page-background-meta":{"desktop":{"background-color":"var(--ast-global-color-4)","background-image":"","background-repeat":"repeat","background-position":"center center","background-size":"auto","background-attachment":"scroll","background-type":"","background-media":"","overlay-type":"","overlay-color":"","overlay-opacity":"","overlay-gradient":""},"tablet":{"background-color":"","background-image":"","background-repeat":"repeat","background-position":"center center","background-size":"auto","background-attachment":"scroll","background-type":"","background-media":"","overlay-type":"","overlay-color":"","overlay-opacity":"","overlay-gradient":""},"mobile":{"background-color":"","background-image":"","background-repeat":"repeat","background-position":"center center","background-size":"auto","background-attachment":"scroll","background-type":"","background-media":"","overlay-type":"","overlay-color":"","overlay-opacity":"","overlay-gradient":""}},"ast-content-background-meta":{"desktop":{"background-color":"var(--ast-global-color-5)","background-image":"","background-repeat":"repeat","background-position":"center center","background-size":"auto","background-attachment":"scroll","background-type":"","background-media":"","overlay-type":"","overlay-color":"","overlay-opacity":"","overlay-gradient":""},"tablet":{"background-color":"var(--ast-global-color-5)","background-image":"","background-repeat":"repeat","background-position":"center center","background-size":"auto","background-attachment":"scroll","background-type":"","background-media":"","overlay-type":"","overlay-color":"","overlay-opacity":"","overlay-gradient":""},"mobile":{"background-color":"var(--ast-global-color-5)","background-image":"","background-repeat":"repeat","background-position":"center center","background-size":"auto","background-attachment":"scroll","background-type":"","background-media":"","overlay-type":"","overlay-color":"","overlay-opacity":"","overlay-gradient":""}},"footnotes":""},"categories":[8],"tags":[20604,20605,20603],"class_list":["post-63740","post","type-post","status-publish","format-standard","has-post-thumbnail","hentry","category-noticias","tag-7462-mdd-salen-de-mexico","tag-fuga-de-capitales","tag-inversiones-extranjeras-mexico"],"_links":{"self":[{"href":"https:\/\/losperiodistas.com.mx\/portal\/wp-json\/wp\/v2\/posts\/63740","targetHints":{"allow":["GET"]}}],"collection":[{"href":"https:\/\/losperiodistas.com.mx\/portal\/wp-json\/wp\/v2\/posts"}],"about":[{"href":"https:\/\/losperiodistas.com.mx\/portal\/wp-json\/wp\/v2\/types\/post"}],"author":[{"embeddable":true,"href":"https:\/\/losperiodistas.com.mx\/portal\/wp-json\/wp\/v2\/users\/1"}],"replies":[{"embeddable":true,"href":"https:\/\/losperiodistas.com.mx\/portal\/wp-json\/wp\/v2\/comments?post=63740"}],"version-history":[{"count":1,"href":"https:\/\/losperiodistas.com.mx\/portal\/wp-json\/wp\/v2\/posts\/63740\/revisions"}],"predecessor-version":[{"id":63742,"href":"https:\/\/losperiodistas.com.mx\/portal\/wp-json\/wp\/v2\/posts\/63740\/revisions\/63742"}],"wp:featuredmedia":[{"embeddable":true,"href":"https:\/\/losperiodistas.com.mx\/portal\/wp-json\/wp\/v2\/media\/63741"}],"wp:attachment":[{"href":"https:\/\/losperiodistas.com.mx\/portal\/wp-json\/wp\/v2\/media?parent=63740"}],"wp:term":[{"taxonomy":"category","embeddable":true,"href":"https:\/\/losperiodistas.com.mx\/portal\/wp-json\/wp\/v2\/categories?post=63740"},{"taxonomy":"post_tag","embeddable":true,"href":"https:\/\/losperiodistas.com.mx\/portal\/wp-json\/wp\/v2\/tags?post=63740"}],"curies":[{"name":"wp","href":"https:\/\/api.w.org\/{rel}","templated":true}]}}