{"id":63731,"date":"2023-11-26T18:45:55","date_gmt":"2023-11-27T00:45:55","guid":{"rendered":"http:\/\/losperiodistas.com.mx\/portal\/?p=63731"},"modified":"2023-11-26T18:45:57","modified_gmt":"2023-11-27T00:45:57","slug":"pri-entrega-gubernatura-alcaldia-al-pan-por-primera-formula-al-senado-oem","status":"publish","type":"post","link":"https:\/\/losperiodistas.com.mx\/portal\/pri-entrega-gubernatura-alcaldia-al-pan-por-primera-formula-al-senado-oem\/","title":{"rendered":"PRI entrega &#8216;gubernatura-alcald\u00eda&#8217; al PAN por primera f\u00f3rmula al Senado | OEM"},"content":{"rendered":"\n<h3 class=\"has-medium-font-size wp-block-heading\">El PRI lanzar\u00e1 candidatos en las demarcaciones de Huauchinango, Zacatl\u00e1n, Teziutl\u00e1n, Libres, 6 y 11 de Puebla, e Iz\u00facar de Matamoros<\/h3>\n\n\n\n<figure class=\"wp-block-image size-large is-style-default\"><img fetchpriority=\"high\" decoding=\"async\" width=\"1024\" height=\"696\" src=\"https:\/\/losperiodistas.com.mx\/portal\/wp-content\/uploads\/2023\/11\/Captura-de-Pantalla-2023-11-26-a-las-18.41.04-1024x696.jpg\" alt=\"\" class=\"wp-image-63732\" srcset=\"https:\/\/losperiodistas.com.mx\/portal\/wp-content\/uploads\/2023\/11\/Captura-de-Pantalla-2023-11-26-a-las-18.41.04-1024x696.jpg 1024w, https:\/\/losperiodistas.com.mx\/portal\/wp-content\/uploads\/2023\/11\/Captura-de-Pantalla-2023-11-26-a-las-18.41.04-300x204.jpg 300w, https:\/\/losperiodistas.com.mx\/portal\/wp-content\/uploads\/2023\/11\/Captura-de-Pantalla-2023-11-26-a-las-18.41.04-768x522.jpg 768w, https:\/\/losperiodistas.com.mx\/portal\/wp-content\/uploads\/2023\/11\/Captura-de-Pantalla-2023-11-26-a-las-18.41.04.jpg 1498w\" sizes=\"(max-width: 1024px) 100vw, 1024px\" \/><\/figure>\n\n\n\n<p><\/p>\n\n\n\n<p class=\"has-vivid-red-color has-text-color has-medium-font-size\"><strong>VICTORIA VENTURA \/ EL SOL DE PUEBLA<\/strong><\/p>\n\n\n\n<p>El Partido Revolucionario Institucional (PRI) otorg\u00f3 la&nbsp;<strong>candidatura a la gubernatura y la alcald\u00eda de Puebla al Partido Acci\u00f3n Nacional (PAN),<\/strong>&nbsp;a cambio de encabezar la primera f\u00f3rmula al Senado de la Rep\u00fablica, as\u00ed como siete candidaturas federales.<\/p>\n\n\n\n<p>As\u00ed lo revel\u00f3 el coordinador de los diputados locales del tricolor Jorge Estefan Chidiac, quien precis\u00f3 que las negociaciones entre las dirigencias que forman parte del bloque opositor en la entidad se acord\u00f3,\u00a0<strong>en el caso de Puebla, ceder al instituto albiazul las candidaturas a la gubernatura y la alcald\u00eda capitalina.<\/strong><\/p>\n\n\n\n<p>En este sentido, confirm\u00f3 que el PRI se sumar\u00e1 a la dupla panista de Eduardo Rivera y Mario Riestra, para la contienda electoral del 2024 y hacer frente a Morena en dos de los cargos m\u00e1s importantes a nivel estatal.<\/p>\n\n\n\n<p class=\"has-cyan-bluish-gray-background-color has-background\"><a href=\"https:\/\/www.elsoldepuebla.com.mx\/local\/\">LOCAL<\/a><\/p>\n\n\n\n<figure class=\"wp-block-image is-style-default\"><a href=\"https:\/\/www.elsoldepuebla.com.mx\/local\/alianza-pan-pri-prd-se-formalizara-a-mas-tardar-en-la-segunda-semana-de-diciembre-11036138.html\"><img decoding=\"async\" src=\"https:\/\/www.elsoldepuebla.com.mx\/local\/lfj2h9-alianza-pan-pri-prd-se-formalizara-a-mas-tardar-en-la-segunda-semana-de-diciembre\/alternates\/LANDSCAPE_200\/Alianza%20PAN-PRI-PRD%20se%20formalizar%C3%A1%20a%20m%C3%A1s%20tardar%20en%20la%20segunda%20semana%20de%20diciembre\" alt=\"\" title=\"Alianza PAN-PRI-PRD se formalizar\u00e1 a m\u00e1s tardar en la segunda semana de diciembre\"\/><\/a><\/figure>\n\n\n\n<h4 class=\"wp-block-heading\"><a href=\"https:\/\/www.elsoldepuebla.com.mx\/local\/alianza-pan-pri-prd-se-formalizara-a-mas-tardar-en-la-segunda-semana-de-diciembre-11036138.html\">Alianza PAN-PRI-PRD se formalizar\u00e1 a m\u00e1s tardar en la segunda semana de diciembre<\/a><\/h4>\n\n\n\n<p>Sin embargo, lament\u00f3 que l<strong>as decisiones entre las dirigencias del PAN PRI y PRD se hayan tomado por acuerdos pol\u00edticos y no con encuestas<\/strong>&nbsp;y mediciones internas.<\/p>\n\n\n\n<p><em>\u201cEduardo Rivera y Mario [Riestra] van a tener todo nuestro respaldo y apoyo, que no haya duda de que el PRI se va a sumar con todo para hacer un gran equipo y ganar las elecciones\u201d,<\/em>&nbsp;expres\u00f3.<\/p>\n\n\n\n<p>En este sentido,\u00a0<strong>Estefan Chidiac reconoci\u00f3 que el tricolor va a encabezar la primera f\u00f3rmula al Senado de la Rep\u00fablica y el albiazul la segunda posici\u00f3n,\u00a0<\/strong>as\u00ed como siete de las 16 candidaturas a diputaciones federales de mayor\u00eda relativa en el estado, pero precis\u00f3 que falta definir el bloque de competitividad y el g\u00e9nero de cada uno de los espacios.<\/p>\n\n\n\n<p>No obstante, seg\u00fan el listado nacional, el PRI logr\u00f3 postular en las demarcaciones de Huauchinango, Zacatl\u00e1n, Teziutl\u00e1n, Libres, 6 y 11 de Puebla, e Iz\u00facar de Matamoros el tricolor postular\u00e1 candidatos.<\/p>\n\n\n\n<p>Por otra parte, en los&nbsp;<strong>distritos 9 y 12 de Puebla, San Pedro Cholula, Atlixco y Tehuac\u00e1n,<\/strong>&nbsp;ser\u00e1 el partido blanquiazul el que postule a los abanderados.<\/p>\n\n\n\n<p>En tanto el Partido de la Revoluci\u00f3n Democr\u00e1tica (PRD) se encargar\u00e1 de postular perfiles en los distritos de San Mart\u00edn Texmelucan, Tepeaca, Chalchicomula de Sesma y Ajalpan.<\/p>\n\n\n\n<p>Fuente: <a href=\"https:\/\/www.elsoldepuebla.com.mx\/local\/pri-entrega-gubernatura-alcaldia-al-pan-por-primera-formula-al-senado-11040436.html\">https:\/\/www.elsoldepuebla.com.mx\/local\/pri-entrega-gubernatura-alcaldia-al-pan-por-primera-formula-al-senado-11040436.html<\/a><\/p>\n","protected":false},"excerpt":{"rendered":"<p>El PRI lanzar\u00e1 candidatos en las demarcaciones de Huauchinango, Zacatl\u00e1n, Teziutl\u00e1n, Libres, 6 y 11 de Puebla, e Iz\u00facar de [&hellip;]<\/p>\n","protected":false},"author":1,"featured_media":63732,"comment_status":"open","ping_status":"open","sticky":false,"template":"","format":"standard","meta":{"site-sidebar-layout":"default","site-content-layout":"","ast-site-content-layout":"default","site-content-style":"default","site-sidebar-style":"default","ast-global-header-display":"","ast-banner-title-visibility":"","ast-main-header-display":"","ast-hfb-above-header-display":"","ast-hfb-below-header-display":"","ast-hfb-mobile-header-display":"","site-post-title":"","ast-breadcrumbs-content":"","ast-featured-img":"","footer-sml-layout":"","theme-transparent-header-meta":"","adv-header-id-meta":"","stick-header-meta":"","header-above-stick-meta":"","header-main-stick-meta":"","header-below-stick-meta":"","astra-migrate-meta-layouts":"default","ast-page-background-enabled":"default","ast-page-background-meta":{"desktop":{"background-color":"var(--ast-global-color-4)","background-image":"","background-repeat":"repeat","background-position":"center center","background-size":"auto","background-attachment":"scroll","background-type":"","background-media":"","overlay-type":"","overlay-color":"","overlay-opacity":"","overlay-gradient":""},"tablet":{"background-color":"","background-image":"","background-repeat":"repeat","background-position":"center center","background-size":"auto","background-attachment":"scroll","background-type":"","background-media":"","overlay-type":"","overlay-color":"","overlay-opacity":"","overlay-gradient":""},"mobile":{"background-color":"","background-image":"","background-repeat":"repeat","background-position":"center center","background-size":"auto","background-attachment":"scroll","background-type":"","background-media":"","overlay-type":"","overlay-color":"","overlay-opacity":"","overlay-gradient":""}},"ast-content-background-meta":{"desktop":{"background-color":"var(--ast-global-color-5)","background-image":"","background-repeat":"repeat","background-position":"center center","background-size":"auto","background-attachment":"scroll","background-type":"","background-media":"","overlay-type":"","overlay-color":"","overlay-opacity":"","overlay-gradient":""},"tablet":{"background-color":"var(--ast-global-color-5)","background-image":"","background-repeat":"repeat","background-position":"center center","background-size":"auto","background-attachment":"scroll","background-type":"","background-media":"","overlay-type":"","overlay-color":"","overlay-opacity":"","overlay-gradient":""},"mobile":{"background-color":"var(--ast-global-color-5)","background-image":"","background-repeat":"repeat","background-position":"center center","background-size":"auto","background-attachment":"scroll","background-type":"","background-media":"","overlay-type":"","overlay-color":"","overlay-opacity":"","overlay-gradient":""}},"footnotes":""},"categories":[8],"tags":[1286,5486,20602,1978,4293],"class_list":["post-63731","post","type-post","status-publish","format-standard","has-post-thumbnail","hentry","category-noticias","tag-eduardo-rivera","tag-elecciones-2024","tag-mario-riestra-jorge-estefan-chidiac","tag-pri","tag-senado"],"_links":{"self":[{"href":"https:\/\/losperiodistas.com.mx\/portal\/wp-json\/wp\/v2\/posts\/63731","targetHints":{"allow":["GET"]}}],"collection":[{"href":"https:\/\/losperiodistas.com.mx\/portal\/wp-json\/wp\/v2\/posts"}],"about":[{"href":"https:\/\/losperiodistas.com.mx\/portal\/wp-json\/wp\/v2\/types\/post"}],"author":[{"embeddable":true,"href":"https:\/\/losperiodistas.com.mx\/portal\/wp-json\/wp\/v2\/users\/1"}],"replies":[{"embeddable":true,"href":"https:\/\/losperiodistas.com.mx\/portal\/wp-json\/wp\/v2\/comments?post=63731"}],"version-history":[{"count":1,"href":"https:\/\/losperiodistas.com.mx\/portal\/wp-json\/wp\/v2\/posts\/63731\/revisions"}],"predecessor-version":[{"id":63733,"href":"https:\/\/losperiodistas.com.mx\/portal\/wp-json\/wp\/v2\/posts\/63731\/revisions\/63733"}],"wp:featuredmedia":[{"embeddable":true,"href":"https:\/\/losperiodistas.com.mx\/portal\/wp-json\/wp\/v2\/media\/63732"}],"wp:attachment":[{"href":"https:\/\/losperiodistas.com.mx\/portal\/wp-json\/wp\/v2\/media?parent=63731"}],"wp:term":[{"taxonomy":"category","embeddable":true,"href":"https:\/\/losperiodistas.com.mx\/portal\/wp-json\/wp\/v2\/categories?post=63731"},{"taxonomy":"post_tag","embeddable":true,"href":"https:\/\/losperiodistas.com.mx\/portal\/wp-json\/wp\/v2\/tags?post=63731"}],"curies":[{"name":"wp","href":"https:\/\/api.w.org\/{rel}","templated":true}]}}