{"id":63579,"date":"2023-11-24T07:11:03","date_gmt":"2023-11-24T13:11:03","guid":{"rendered":"http:\/\/losperiodistas.com.mx\/portal\/?p=63579"},"modified":"2023-11-24T07:13:45","modified_gmt":"2023-11-24T13:13:45","slug":"propone-candidatos-la-corriente-critica-del-pri","status":"publish","type":"post","link":"https:\/\/losperiodistas.com.mx\/portal\/propone-candidatos-la-corriente-critica-del-pri\/","title":{"rendered":"Opini\u00f3n | Propone candidatos la Corriente Cr\u00edtica del PRI"},"content":{"rendered":"\n<p class=\"has-medium-font-size\">*El tricolor se reintegra a la sociedad, afirman; cumple 40 a\u00f1os Balcones del Sur<\/p>\n\n\n\n<figure class=\"wp-block-image size-large is-style-default\"><img fetchpriority=\"high\" decoding=\"async\" width=\"1024\" height=\"589\" src=\"https:\/\/losperiodistas.com.mx\/portal\/wp-content\/uploads\/2023\/11\/CORRIENTE-CRI\u0301TICA-DEL-PRI-1024x589.jpeg\" alt=\"\" class=\"wp-image-63580\" srcset=\"https:\/\/losperiodistas.com.mx\/portal\/wp-content\/uploads\/2023\/11\/CORRIENTE-CRI\u0301TICA-DEL-PRI-1024x589.jpeg 1024w, https:\/\/losperiodistas.com.mx\/portal\/wp-content\/uploads\/2023\/11\/CORRIENTE-CRI\u0301TICA-DEL-PRI-300x173.jpeg 300w, https:\/\/losperiodistas.com.mx\/portal\/wp-content\/uploads\/2023\/11\/CORRIENTE-CRI\u0301TICA-DEL-PRI-768x442.jpeg 768w, https:\/\/losperiodistas.com.mx\/portal\/wp-content\/uploads\/2023\/11\/CORRIENTE-CRI\u0301TICA-DEL-PRI-1536x884.jpeg 1536w, https:\/\/losperiodistas.com.mx\/portal\/wp-content\/uploads\/2023\/11\/CORRIENTE-CRI\u0301TICA-DEL-PRI-2048x1178.jpeg 2048w\" sizes=\"(max-width: 1024px) 100vw, 1024px\" \/><\/figure>\n\n\n\n<p><\/p>\n\n\n\n<p class=\"has-vivid-red-color has-text-color\" style=\"font-size:26px\"><strong><em>Por Ra\u00fal Torres Salmer\u00f3n<\/em><\/strong><\/p>\n\n\n\n<p>Tras destacar que N\u00e9stor Camarillo Medina, es el peor dirigente estatal que ha tenido el Partido Revolucionario Institucional (PRI), en la historia de Puebla, el Presidente Nacional de la Corriente Cr\u00edtica (CC), del partido Genaro Morales Renter\u00eda y el Coordinador de la Corriente Cr\u00edtica en el Estado de Puebla, Erik Salgado Trujillo, coincidieron en que el PRI se encuentra en proceso de reintegrarse a la sociedad civil sumando nuevos valores y gente que no hab\u00eda tenido la oportunidad de enarbolar un cargo de elecci\u00f3n popular.<\/p>\n\n\n\n<p>En reuni\u00f3n con el grupo de columnistas en Casa Reyna, se le pregunt\u00f3 al dirigente nacional de la CC respecto a qui\u00e9n iban a apoyar, si Alejandro Armenta o Eduardo Rivera P\u00e9rez, Genaro Morales manifest\u00f3: \u201cEl coraz\u00f3n dice una cosa y la raz\u00f3n dice otra\u201d, ah\u00ed se las dejo para su an\u00e1lisis.<\/p>\n\n\n\n<p>Salgado Trujillo, manifest\u00f3 que N\u00e9stor Camarillo tuvo la oportunidad de hacer un relevo generacional, pero, no lo hizo, todo lo contrario, dej\u00f3 que el PRI se hundiera m\u00e1s todav\u00eda.<\/p>\n\n\n\n<p>Presentaron la propuesta de la Corriente Cr\u00edtica en Puebla: Para las diputaciones federales por la v\u00eda plurinominal, N\u00e9stor Camarillo Medina, Lucero Salda\u00f1a P\u00e9rez y L\u00e1zaro Jim\u00e9nez Aquino; en tanto que para las diputaciones federales por mayor\u00eda relativa se encuentran Karina Romero Alcal\u00e1, Rosiceli D\u00edaz, Norma Reyes, Michelle Islas Ganime, Lorenzo Rivera Nava, Juan de Dios Bravo y Ambrosio Corona Carbar\u00edn.<\/p>\n\n\n\n<p>En tanto que para las diputaciones locales en los 26 distritos de Puebla est\u00e1n Guadalupe Vargas, Laura Ivonne Zapata, Enrique Rivera, Jos\u00e9 Luis M\u00e1rquez, Yasm\u00edn Tecozautla, Iv\u00e1n Camacho, Ana Munguia Zarate, Mely Macoto, Erika Lima, Erik Salgado, Roc\u00edo Toxqui, Alberto Gil, Arturo Soto, Felipe de Jes\u00fas Morales, Diana Villegas, Ram\u00f3n Soriano, Shirley Luna, Luz Mar\u00eda Diez de Urdanivia, Erika Alatorre, Lidia Oca\u00f1a, Miguel Ord\u00f3\u00f1ez, Antorcha Campesina, Rosa Hern\u00e1ndez Rebolledo, Rafael Tammer, Maricarmen Garc\u00eda de la Cadena y Antorcha Campesina..<\/p>\n\n\n\n<p>Para la diputaciones locales por la v\u00eda plurinominal apoyan a Delfina Pozos, Claudio Ba\u00f1uelos y Lidia Oca\u00f1a.<\/p>\n\n\n\n<p>Para la alcald\u00eda de Puebla Capital su propuesta es: Xitlallic Ceja o Javier Casique Zarate, adem\u00e1s, Erik Salgado argument\u00f3 que la Corriente va a proponer candidatos para las 216 alcald\u00edas de los municipios del interior del estado y regidur\u00edas.<\/p>\n\n\n\n<p>Finalmente, Genaro Morales Renter\u00eda, manifest\u00f3 que Alejandro Armenta Mier es el ganador de la pr\u00f3xima contienda electoral, salvo que Eduardo Rivera P\u00e9rez, deje de ser el mirrey, en otras palabras deje de comer en buenos y caros restaurantes, utilizar menos camionetas caras y realizar menos gastos ostentosos.<\/p>\n\n\n\n<p>Tiene que volver pueblo, saludar a la gente y acercarse m\u00e1s a las clases desprotegidas, de no hacerlo estar\u00eda perdiendo la gubernatura del estado, dijo finalmente el dirigente de la CC.<\/p>\n\n\n\n<p>EL 40 ANIVERSARIO DE BALCONES DEL SUR<\/p>\n\n\n\n<p>Lluvia S\u00e1nchez Hern\u00e1ndez, l\u00edder del Movimiento Antorchista en la regi\u00f3n suroriente de Puebla Capital, invit\u00f3 a todos los poblanos a participar en el festejo que han preparado en el marco del 40 aniversario de la colonia Balcones del Sur.<\/p>\n\n\n\n<p>Con m\u00e1s de 3 mil 600 habitantes, Balcones cumple 40 a\u00f1os de su fundaci\u00f3n y de progreso como fruto del trabajo organizado que han realizado de la mano de Antorcha.<\/p>\n\n\n\n<p>Una regi\u00f3n que naci\u00f3 entre la pobreza, conmemora este 24, 25 y 26 de noviembre, el desarrollo educativo, deportivo, cultural y espiritual, que cualquier colonia de la periferia capitalina podr\u00eda adquirir.<\/p>\n\n\n\n<p>Los festejos inician el viernes 24 de noviembre con un desfile de m\u00e1s de 5 mil participantes, compuesto por todos los estudiantes de las escuelas de Balcones pues tiene instituciones b\u00e1sicas hasta la superior, posteriormente habr\u00e1 un programa cultural en el campo de b\u00e9isbol de la Unidad Deportiva.<\/p>\n\n\n\n<p>El s\u00e1bado 25 de noviembre habr\u00e1 lucha libre, boxeo, exhibici\u00f3n de carros tuning y motos y un sensacional baile con cinco grupos: Chicos Aventura, Mexikolombia, Adolescentes Orquesta, Sonora Altepexana y Banda Real de Tlaxcala.<\/p>\n\n\n\n<p>Finalmente, el domingo 26 de noviembre, adem\u00e1s de tener Misa de acci\u00f3n de gracias, concurso gastron\u00f3mico, jornada nacional de baloncesto y exhibici\u00f3n de globos de Cantoya, habr\u00e1 un evento pol\u00edtico cultural con la presencia de 10 mil antorchistas y asistir\u00e1 el Secretario General del Movimiento Antorchista, Aquiles C\u00f3rdova Mor\u00e1n.<\/p>\n\n\n\n<p>En fin, como dice la copla flamenca:<\/p>\n\n\n\n<p>Elecciones, elecciones,<\/p>\n\n\n\n<p>calent\u00e1is los corazones<\/p>\n\n\n\n<p>prometiendo libertad.<\/p>\n\n\n\n<p>Abajo ir\u00e1n los mandones,<\/p>\n\n\n\n<p>se destruir\u00e1n sus razones.<\/p>\n\n\n\n<p>raultorress@hotmail.com<\/p>\n","protected":false},"excerpt":{"rendered":"<p>*El tricolor se reintegra a la sociedad, afirman; cumple 40 a\u00f1os Balcones del Sur Por Ra\u00fal Torres Salmer\u00f3n Tras destacar [&hellip;]<\/p>\n","protected":false},"author":1,"featured_media":63580,"comment_status":"open","ping_status":"open","sticky":false,"template":"","format":"standard","meta":{"site-sidebar-layout":"default","site-content-layout":"","ast-site-content-layout":"default","site-content-style":"default","site-sidebar-style":"default","ast-global-header-display":"","ast-banner-title-visibility":"","ast-main-header-display":"","ast-hfb-above-header-display":"","ast-hfb-below-header-display":"","ast-hfb-mobile-header-display":"","site-post-title":"","ast-breadcrumbs-content":"","ast-featured-img":"","footer-sml-layout":"","theme-transparent-header-meta":"","adv-header-id-meta":"","stick-header-meta":"","header-above-stick-meta":"","header-main-stick-meta":"","header-below-stick-meta":"","astra-migrate-meta-layouts":"default","ast-page-background-enabled":"default","ast-page-background-meta":{"desktop":{"background-color":"var(--ast-global-color-4)","background-image":"","background-repeat":"repeat","background-position":"center center","background-size":"auto","background-attachment":"scroll","background-type":"","background-media":"","overlay-type":"","overlay-color":"","overlay-opacity":"","overlay-gradient":""},"tablet":{"background-color":"","background-image":"","background-repeat":"repeat","background-position":"center center","background-size":"auto","background-attachment":"scroll","background-type":"","background-media":"","overlay-type":"","overlay-color":"","overlay-opacity":"","overlay-gradient":""},"mobile":{"background-color":"","background-image":"","background-repeat":"repeat","background-position":"center center","background-size":"auto","background-attachment":"scroll","background-type":"","background-media":"","overlay-type":"","overlay-color":"","overlay-opacity":"","overlay-gradient":""}},"ast-content-background-meta":{"desktop":{"background-color":"var(--ast-global-color-5)","background-image":"","background-repeat":"repeat","background-position":"center center","background-size":"auto","background-attachment":"scroll","background-type":"","background-media":"","overlay-type":"","overlay-color":"","overlay-opacity":"","overlay-gradient":""},"tablet":{"background-color":"var(--ast-global-color-5)","background-image":"","background-repeat":"repeat","background-position":"center center","background-size":"auto","background-attachment":"scroll","background-type":"","background-media":"","overlay-type":"","overlay-color":"","overlay-opacity":"","overlay-gradient":""},"mobile":{"background-color":"var(--ast-global-color-5)","background-image":"","background-repeat":"repeat","background-position":"center center","background-size":"auto","background-attachment":"scroll","background-type":"","background-media":"","overlay-type":"","overlay-color":"","overlay-opacity":"","overlay-gradient":""}},"footnotes":""},"categories":[8,19],"tags":[20532,18579,3949,9641],"class_list":["post-63579","post","type-post","status-publish","format-standard","has-post-thumbnail","hentry","category-noticias","category-sin-limites-2","tag-corriente-critica-puebla","tag-erik-salgado-trujillo","tag-nestor-camarillo-medina","tag-pri-puebla"],"_links":{"self":[{"href":"https:\/\/losperiodistas.com.mx\/portal\/wp-json\/wp\/v2\/posts\/63579","targetHints":{"allow":["GET"]}}],"collection":[{"href":"https:\/\/losperiodistas.com.mx\/portal\/wp-json\/wp\/v2\/posts"}],"about":[{"href":"https:\/\/losperiodistas.com.mx\/portal\/wp-json\/wp\/v2\/types\/post"}],"author":[{"embeddable":true,"href":"https:\/\/losperiodistas.com.mx\/portal\/wp-json\/wp\/v2\/users\/1"}],"replies":[{"embeddable":true,"href":"https:\/\/losperiodistas.com.mx\/portal\/wp-json\/wp\/v2\/comments?post=63579"}],"version-history":[{"count":2,"href":"https:\/\/losperiodistas.com.mx\/portal\/wp-json\/wp\/v2\/posts\/63579\/revisions"}],"predecessor-version":[{"id":63582,"href":"https:\/\/losperiodistas.com.mx\/portal\/wp-json\/wp\/v2\/posts\/63579\/revisions\/63582"}],"wp:featuredmedia":[{"embeddable":true,"href":"https:\/\/losperiodistas.com.mx\/portal\/wp-json\/wp\/v2\/media\/63580"}],"wp:attachment":[{"href":"https:\/\/losperiodistas.com.mx\/portal\/wp-json\/wp\/v2\/media?parent=63579"}],"wp:term":[{"taxonomy":"category","embeddable":true,"href":"https:\/\/losperiodistas.com.mx\/portal\/wp-json\/wp\/v2\/categories?post=63579"},{"taxonomy":"post_tag","embeddable":true,"href":"https:\/\/losperiodistas.com.mx\/portal\/wp-json\/wp\/v2\/tags?post=63579"}],"curies":[{"name":"wp","href":"https:\/\/api.w.org\/{rel}","templated":true}]}}