{"id":63575,"date":"2023-11-24T06:50:50","date_gmt":"2023-11-24T12:50:50","guid":{"rendered":"http:\/\/losperiodistas.com.mx\/portal\/?p=63575"},"modified":"2023-11-24T06:50:52","modified_gmt":"2023-11-24T12:50:52","slug":"toda-mi-vida-politica-y-publica-he-incidido-positivamente-con-resultados-rodrigoabdala","status":"publish","type":"post","link":"https:\/\/losperiodistas.com.mx\/portal\/toda-mi-vida-politica-y-publica-he-incidido-positivamente-con-resultados-rodrigoabdala\/","title":{"rendered":"Toda mi vida pol\u00edtica y p\u00fablica he incidido positivamente con resultados: #RodrigoAbdala"},"content":{"rendered":"\n<ul class=\"has-medium-font-size wp-block-list\"><li><em>\u201cEl trabajo que he realizado desde hace muchos a\u00f1os respalda mis aspiraciones\u201d<\/em><\/li><\/ul>\n\n\n\n<figure class=\"wp-block-image size-large is-style-default\"><img fetchpriority=\"high\" decoding=\"async\" width=\"1024\" height=\"545\" src=\"https:\/\/losperiodistas.com.mx\/portal\/wp-content\/uploads\/2023\/11\/FOTO-3-BOLETIN-03-1024x545.jpeg\" alt=\"\" class=\"wp-image-63576\" srcset=\"https:\/\/losperiodistas.com.mx\/portal\/wp-content\/uploads\/2023\/11\/FOTO-3-BOLETIN-03-1024x545.jpeg 1024w, https:\/\/losperiodistas.com.mx\/portal\/wp-content\/uploads\/2023\/11\/FOTO-3-BOLETIN-03-300x160.jpeg 300w, https:\/\/losperiodistas.com.mx\/portal\/wp-content\/uploads\/2023\/11\/FOTO-3-BOLETIN-03-768x408.jpeg 768w, https:\/\/losperiodistas.com.mx\/portal\/wp-content\/uploads\/2023\/11\/FOTO-3-BOLETIN-03.jpeg 1228w\" sizes=\"(max-width: 1024px) 100vw, 1024px\" \/><figcaption>Cortes\u00eda<\/figcaption><\/figure>\n\n\n\n<p class=\"has-vivid-red-color has-text-color has-medium-font-size\"><strong>COMUNICADO<\/strong><\/p>\n\n\n\n<p>Rodrigo Abdala, aspirante a la candidatura para la presidencia municipal de Puebla capital, extern\u00f3 que su inscripci\u00f3n al cargo que se definir\u00e1 en pr\u00f3ximos meses es leg\u00edtima, por lo que enfocar\u00e1 todos sus esfuerzos para lograr la candidatura y gobernar la cuarta ciudad m\u00e1s importante de todo M\u00e9xico \u201cHoy me toca hablar por m\u00ed, por mis acciones y resultados que siempre han estado basados en absoluta probidad; mis cartas credenciales est\u00e1n demostradas. <\/p>\n\n\n\n<p>Me he desempe\u00f1ado en el terreno p\u00fablico durante muchos a\u00f1os, como asesor legislativo, como legislador, como funcionario p\u00fablico. No soy un improvisado\u201d afirm\u00f3 el ex delegado de los programas del Bienestar en Puebla.<\/p>\n\n\n\n<p>En el mismo sentido, Rodrigo Abdala, asever\u00f3 que su trabajo solo ha buscado incidir de manera positiva siempre con la consigna de velar por el bienestar de las y los ciudadanos de Puebla \u201cMi vida pol\u00edtica y como funcionario ha sido -y lo ser\u00e1 siempre- motivada para incidir de manera positiva en mi entorno; he tomado decisiones o he ayudado a tomarlas para engrandecer la vida de mi ciudad, de mi estado y de mi pa\u00eds.\u201d.<\/p>\n\n\n\n<p>Por \u00faltimo, Abdala, enfatiz\u00f3 sobre la necesidad de transitar en unidad y con objetivos en com\u00fan para que los resultados sean favorables.<\/p>\n","protected":false},"excerpt":{"rendered":"<p>\u201cEl trabajo que he realizado desde hace muchos a\u00f1os respalda mis aspiraciones\u201d COMUNICADO Rodrigo Abdala, aspirante a la candidatura para [&hellip;]<\/p>\n","protected":false},"author":1,"featured_media":63577,"comment_status":"open","ping_status":"open","sticky":false,"template":"","format":"standard","meta":{"site-sidebar-layout":"default","site-content-layout":"","ast-site-content-layout":"default","site-content-style":"default","site-sidebar-style":"default","ast-global-header-display":"","ast-banner-title-visibility":"","ast-main-header-display":"","ast-hfb-above-header-display":"","ast-hfb-below-header-display":"","ast-hfb-mobile-header-display":"","site-post-title":"","ast-breadcrumbs-content":"","ast-featured-img":"","footer-sml-layout":"","theme-transparent-header-meta":"","adv-header-id-meta":"","stick-header-meta":"","header-above-stick-meta":"","header-main-stick-meta":"","header-below-stick-meta":"","astra-migrate-meta-layouts":"default","ast-page-background-enabled":"default","ast-page-background-meta":{"desktop":{"background-color":"var(--ast-global-color-4)","background-image":"","background-repeat":"repeat","background-position":"center center","background-size":"auto","background-attachment":"scroll","background-type":"","background-media":"","overlay-type":"","overlay-color":"","overlay-opacity":"","overlay-gradient":""},"tablet":{"background-color":"","background-image":"","background-repeat":"repeat","background-position":"center center","background-size":"auto","background-attachment":"scroll","background-type":"","background-media":"","overlay-type":"","overlay-color":"","overlay-opacity":"","overlay-gradient":""},"mobile":{"background-color":"","background-image":"","background-repeat":"repeat","background-position":"center center","background-size":"auto","background-attachment":"scroll","background-type":"","background-media":"","overlay-type":"","overlay-color":"","overlay-opacity":"","overlay-gradient":""}},"ast-content-background-meta":{"desktop":{"background-color":"var(--ast-global-color-5)","background-image":"","background-repeat":"repeat","background-position":"center center","background-size":"auto","background-attachment":"scroll","background-type":"","background-media":"","overlay-type":"","overlay-color":"","overlay-opacity":"","overlay-gradient":""},"tablet":{"background-color":"var(--ast-global-color-5)","background-image":"","background-repeat":"repeat","background-position":"center center","background-size":"auto","background-attachment":"scroll","background-type":"","background-media":"","overlay-type":"","overlay-color":"","overlay-opacity":"","overlay-gradient":""},"mobile":{"background-color":"var(--ast-global-color-5)","background-image":"","background-repeat":"repeat","background-position":"center center","background-size":"auto","background-attachment":"scroll","background-type":"","background-media":"","overlay-type":"","overlay-color":"","overlay-opacity":"","overlay-gradient":""}},"footnotes":""},"categories":[8],"tags":[15580,5486,725,1928],"class_list":["post-63575","post","type-post","status-publish","format-standard","has-post-thumbnail","hentry","category-noticias","tag-rodrigoabdala","tag-elecciones-2024","tag-morena-puebla","tag-puebla-capital"],"_links":{"self":[{"href":"https:\/\/losperiodistas.com.mx\/portal\/wp-json\/wp\/v2\/posts\/63575","targetHints":{"allow":["GET"]}}],"collection":[{"href":"https:\/\/losperiodistas.com.mx\/portal\/wp-json\/wp\/v2\/posts"}],"about":[{"href":"https:\/\/losperiodistas.com.mx\/portal\/wp-json\/wp\/v2\/types\/post"}],"author":[{"embeddable":true,"href":"https:\/\/losperiodistas.com.mx\/portal\/wp-json\/wp\/v2\/users\/1"}],"replies":[{"embeddable":true,"href":"https:\/\/losperiodistas.com.mx\/portal\/wp-json\/wp\/v2\/comments?post=63575"}],"version-history":[{"count":1,"href":"https:\/\/losperiodistas.com.mx\/portal\/wp-json\/wp\/v2\/posts\/63575\/revisions"}],"predecessor-version":[{"id":63578,"href":"https:\/\/losperiodistas.com.mx\/portal\/wp-json\/wp\/v2\/posts\/63575\/revisions\/63578"}],"wp:featuredmedia":[{"embeddable":true,"href":"https:\/\/losperiodistas.com.mx\/portal\/wp-json\/wp\/v2\/media\/63577"}],"wp:attachment":[{"href":"https:\/\/losperiodistas.com.mx\/portal\/wp-json\/wp\/v2\/media?parent=63575"}],"wp:term":[{"taxonomy":"category","embeddable":true,"href":"https:\/\/losperiodistas.com.mx\/portal\/wp-json\/wp\/v2\/categories?post=63575"},{"taxonomy":"post_tag","embeddable":true,"href":"https:\/\/losperiodistas.com.mx\/portal\/wp-json\/wp\/v2\/tags?post=63575"}],"curies":[{"name":"wp","href":"https:\/\/api.w.org\/{rel}","templated":true}]}}