{"id":63572,"date":"2023-11-24T06:28:11","date_gmt":"2023-11-24T12:28:11","guid":{"rendered":"http:\/\/losperiodistas.com.mx\/portal\/?p=63572"},"modified":"2023-11-24T06:28:14","modified_gmt":"2023-11-24T12:28:14","slug":"patricia-hill-collins-sociologa-los-intelectuales-hemos-retratado-un-mundo-horrible-y-los-jovenes-estan-desangelados-ideas","status":"publish","type":"post","link":"https:\/\/losperiodistas.com.mx\/portal\/patricia-hill-collins-sociologa-los-intelectuales-hemos-retratado-un-mundo-horrible-y-los-jovenes-estan-desangelados-ideas\/","title":{"rendered":"Patricia Hill Collins, soci\u00f3loga: \u201cLos intelectuales hemos retratado un mundo horrible y los j\u00f3venes est\u00e1n desangelados\u201d | Ideas"},"content":{"rendered":"\n<h2 class=\"has-background has-medium-font-size wp-block-heading\" style=\"background-color:#74efb4\">La pensadora estadounidense, experta en pensamiento negro, sostiene que la \u00e9lite cultural y acad\u00e9mica debe salir de la zona de confort y escuchar a las nuevas generaciones<\/h2>\n\n\n\n<figure class=\"wp-block-image size-large is-style-default\"><img fetchpriority=\"high\" decoding=\"async\" width=\"1024\" height=\"768\" src=\"https:\/\/losperiodistas.com.mx\/portal\/wp-content\/uploads\/2023\/11\/Captura-de-Pantalla-2023-11-24-a-las-6.22.52-1024x768.jpg\" alt=\"\" class=\"wp-image-63573\" srcset=\"https:\/\/losperiodistas.com.mx\/portal\/wp-content\/uploads\/2023\/11\/Captura-de-Pantalla-2023-11-24-a-las-6.22.52-1024x768.jpg 1024w, https:\/\/losperiodistas.com.mx\/portal\/wp-content\/uploads\/2023\/11\/Captura-de-Pantalla-2023-11-24-a-las-6.22.52-300x225.jpg 300w, https:\/\/losperiodistas.com.mx\/portal\/wp-content\/uploads\/2023\/11\/Captura-de-Pantalla-2023-11-24-a-las-6.22.52-768x576.jpg 768w, https:\/\/losperiodistas.com.mx\/portal\/wp-content\/uploads\/2023\/11\/Captura-de-Pantalla-2023-11-24-a-las-6.22.52.jpg 1520w\" sizes=\"(max-width: 1024px) 100vw, 1024px\" \/><figcaption>La soci\u00f3loga y profesora Patricia Hill Collins en la Universidad de Cambridge (Inglaterra), el 13 de noviembre. IONE SAIZAR<\/figcaption><\/figure>\n\n\n\n<p class=\"has-vivid-red-color has-text-color has-medium-font-size\"><strong>RAFA DE MIGUEL \/ IDEAS<\/strong><\/p>\n\n\n\n<p>Patricia Hill Collins (Filadelfia, EE UU, 75 a\u00f1os) disfruta enormemente la relaci\u00f3n con sus j\u00f3venes alumnos en el Centro para Estudios de G\u00e9nero de la Universidad de Cambridge, donde est\u00e1 pasando unos meses como profesora visitante. Pero se nota que esta fil\u00f3sofa, soci\u00f3loga y activista estadounidense, consciente de que&nbsp;<a href=\"https:\/\/elpais.com\/ideas\/2023-09-19\/protestas-virales-que-recorrido-tienen-realmente.html\" target=\"_blank\" rel=\"noreferrer noopener\">es en la calle<\/a>, en los proyectos de ayuda a la comunidad, donde se cambian las conciencias y se forja&nbsp;<a href=\"https:\/\/elpais.com\/mamas-papas\/expertos\/2023-07-27\/eduardo-infante-filosofo-la-justicia-social-no-es-poner-un-ipad-en-las-manos-de-un-nino-de-un-barrio-obrero-sino-darle-un-texto-de-homero.html\" target=\"_blank\" rel=\"noreferrer noopener\">la lucha por una mayor justicia social<\/a>, no termina de adaptarse al elitismo acad\u00e9mico de esta ciudad universitaria brit\u00e1nica. Hace fr\u00edo y viento, a pesar de que el sol radiante extraiga de \u00e1rboles y praderas las tonalidades m\u00e1s vivas del verde. Hill Collins se deja fotografiar. Contribuye con ganas a esta entrevista. Acaba de recibir el Premio Berggruen 2023, dotado con un mill\u00f3n de d\u00f3lares (unos 920.000 euros), uno de los premios m\u00e1s importantes de pensamiento, que concede cada a\u00f1o un jurado independiente a las personas \u201ccuyas ideas modelan la autocomprensi\u00f3n del ser humano\u201d.<\/p>\n\n\n\n<p><a href=\"https:\/\/elpais.com\/economia\/negocios\/2022-04-23\/la-mirada-feminista-se-abre-paso-en-la-economia.html\" target=\"_blank\" rel=\"noreferrer noopener\"><em>Black Feminist Thought<\/em><\/a>(pensamiento feminista negro, no publicada en espa\u00f1ol), escrita por Hill Collins hace ya m\u00e1s de treinta a\u00f1os, bebi\u00f3 de las fuentes de la ficci\u00f3n, la poes\u00eda, la m\u00fasica y la narraci\u00f3n oral para describir la fortaleza de las mujeres negras, bajo el doble yugo del g\u00e9nero y la raza. Hoy es un canon imprescindible para comprender los m\u00faltiples matices del feminismo, el racismo y la conquista de la libertad.<\/p>\n\n\n\n<p class=\"has-cyan-bluish-gray-background-color has-background\">M\u00c1S INFORMACI\u00d3N<a href=\"https:\/\/elpais.com\/ideas\/2023-11-13\/laurent-de-sutter-filosofo-la-vida-es-una-catastrofe.html#?rel=mas_sumario\">Laurent de Sutter, fil\u00f3sofo: \u201cLa vida es una cat\u00e1strofe\u201d<\/a><\/p>\n\n\n\n<p><strong>PREGUNTA.<\/strong>&nbsp;\u201c\u00bfQu\u00e9 es necesario para que la gente negra sea libre?\u201d. Esa ha sido la pregunta b\u00e1sica que ha tratado de responder durante d\u00e9cadas. \u00bfEst\u00e1 m\u00e1s cerca de lograrlo?<\/p>\n\n\n\n<p><strong>RESPUESTA.<\/strong>&nbsp;No creo que est\u00e9 m\u00e1s cerca, pero creo que tengo un conocimiento mucho m\u00e1s profundo de lo que significa. La libertad es algo que solo puedes imaginar o plantearte. Nunca la vas a alcanzar del todo. Es una pregunta lineal, que te conduce hacia el objetivo al que aspiras. Lo que hago es observar todo lo que las personas hacen para acercarse m\u00e1s a ese sue\u00f1o. Y es algo inspirador. Cuando hablo y trabajo con la gente joven puedo percibir c\u00f3mo creen en las posibilidades que tienen frente a ellos.<\/p>\n\n\n\n<p><strong>P.<\/strong>&nbsp;Su gran m\u00e9todo de an\u00e1lisis ha sido la&nbsp;<a href=\"https:\/\/elpais.com\/planeta-futuro\/migrados\/2022-01-07\/y-la-presencia-de-las-mujeres-migrantes-y-racializadas-en-la-educacion-donde-queda.html\" target=\"_blank\" rel=\"noreferrer noopener\">interseccionalidad<\/a>: reconocer que no basta una perspectiva para responder a las grandes preguntas.<\/p>\n\n\n\n<p><strong>R.<\/strong>&nbsp;Porque la pregunta con la que hemos comenzado a conversar, por ejemplo, no concierne en exclusiva a la gente negra. Es una cuesti\u00f3n referida m\u00e1s bien a una plenitud humana m\u00e1s amplia. Y en ese sentido, parte de mi trabajo tambi\u00e9n consiste en criticar la actualidad y se\u00f1alar d\u00f3nde son necesarios cambios. Tenemos l\u00edderes que nos han fallado. Que no son l\u00edderes, sino actores. Que negocian con nuestros miedos.&nbsp;<a href=\"https:\/\/elpais.com\/internacional\/2023-11-02\/las-amenazas-a-la-democracia-crecen-en-el-mundo-con-cada-vez-mas-elecciones-y-derechos-en-peligro.html\" target=\"_blank\" rel=\"noreferrer noopener\">Que retrasan las posibilidades de m\u00e1s libertad<\/a>, ya sea individual, para las personas negras o para que la propia humanidad pueda vivir en el planeta. Nos corresponde a nosotros aprender a percibir la diferencia entre aquellos que pueden sonar convincentes, pero que no tienen otro compromiso m\u00e1s que con ellos mismos de los que est\u00e1n comprometidos con causas m\u00e1s importantes que ellos mismos.<\/p>\n\n\n\n<p><strong>P.<\/strong>&nbsp;Nos corresponde la b\u00fasqueda de un consenso\u2026<\/p>\n\n\n\n<p><strong>R.<\/strong>&nbsp;Es una cuesti\u00f3n de organizaci\u00f3n del trabajo. Imaginemos a grupos de personas centrados en cuestiones de raza, de clase o de g\u00e9nero. Se organizan desde esa perspectiva particular y desde ella realizan su trabajo intelectual. Por lo general, suelen ignorar otras perspectivas, y asumen que la suya es una respuesta universal. Siempre replicar\u00e9 a quien me diga que la causa de todo lo que sucede es el colonialismo, o el racismo.&nbsp;<a href=\"https:\/\/elpais.com\/salud-y-bienestar\/2023-10-31\/cancer-y-patriarcado.html\" target=\"_blank\" rel=\"noreferrer noopener\">O el patriarcado<\/a>. Pero no se trata de decir a estas personas que aquella perspectiva en la que se han especializado est\u00e1 equivocada, sino de preguntarles qu\u00e9 pueden aportar desde ella a las grandes preguntas: c\u00f3mo alcanzar la justicia social, la verdad o la libertad. \u00bfCu\u00e1l es el coraz\u00f3n \u00e9tico de todas estas indagaciones? \u00bfC\u00f3mo superamos el conflicto y alcanzamos el consenso? El desaf\u00edo radica en crear el espacio intelectual para que se desarrollen esas conversaciones.<\/p>\n\n\n\n<p><strong>P.<\/strong>&nbsp;\u00bfCu\u00e1les son las grandes preguntas de nuestro tiempo?<\/p>\n\n\n\n<p><strong>R.<\/strong>&nbsp;En primer lugar, dir\u00eda que la esperanza. Los intelectuales hemos hecho un gran trabajo a la hora de convencer a la gente de lo horrible que es el mundo, hasta el punto de que los j\u00f3venes est\u00e9n actualmente desangelados. Yo me considero optimista. Si no lo fuera, \u00bfqu\u00e9 sentido tendr\u00eda mi trabajo? Tengo que creer que con mi trabajo contribuyo a mejorar las cosas. Nunca me hab\u00eda imaginado que la&nbsp;<a href=\"https:\/\/elpais.com\/opinion\/2022-01-04\/la-precariedad-de-los-jovenes-amenaza-la-democracia.html\" target=\"_blank\" rel=\"noreferrer noopener\">gente joven tuviera ahora una visi\u00f3n tan nihilista<\/a>. Y que su m\u00e1xima preocupaci\u00f3n fuera, precisamente, la segunda gran cuesti\u00f3n: el cambio clim\u00e1tico. Siempre he trabajado con gente negra joven. Y recuerdo la conmoci\u00f3n que me provoc\u00f3 hace a\u00f1os una reuni\u00f3n en Cincinnati, Ohio, en la que una activista que trabajaba en proyectos de barrio me explic\u00f3 c\u00f3mo el principal problema de su comunidad era que ni\u00f1os de 12 o 14 a\u00f1os no ve\u00edan un futuro para s\u00ed mismos. \u00bfC\u00f3mo es posible que un ni\u00f1o reniegue de su propio futuro? Hay un modo de vincular la esperanza con estos grandes asuntos sin pecar de voluntarismo. Se trata de entender que retos como el cambio clim\u00e1tico van a necesitar de un esfuerzo colectivo con muchos actores en lugares diferentes. Y normalmente son los j\u00f3venes, o los m\u00e1s oprimidos, los que despliegan una mayor energ\u00eda.&nbsp;<a href=\"https:\/\/elpais.com\/eps\/2023-11-03\/generacion-drill-rimas-salvajes-para-una-juventud-sin-horizonte.html\" target=\"_blank\" rel=\"noreferrer noopener\">Lo vemos en fen\u00f3menos culturales como el hip hop<\/a>.<\/p>\n\n\n\n<p><strong>P.<\/strong>&nbsp;Curioso, porque usted se\u00f1al\u00f3 primero al hip hop como un veh\u00edculo que daba una imagen equivocada e hipersensual de la mujer negra\u2026<\/p>\n\n\n\n<p><strong>R.<\/strong>&nbsp;Empez\u00f3 siendo algo muy masculino y patriarcal, pero&nbsp;<a href=\"https:\/\/elpais.com\/cultura\/2023-08-11\/hip-hop-50-anos-de-la-cnn-del-gueto.html\" target=\"_blank\" rel=\"noreferrer noopener\">bajo el paraguas del hip hop comenzaron a ocurrir muchas cosas<\/a>. Entre otras, que las mujeres se incorporaron para desafiar el modo en que se hac\u00eda esa forma de arte. El arte ha sido siempre una forma de salvaci\u00f3n para la gente. Por eso tantas mujeres j\u00f3venes se sienten tan atra\u00eddas por el mundo de la moda. Es fascinante. Esa est\u00e9tica. Ese modo de reivindicar su propio cuerpo. Como ocurri\u00f3 con el hip hop. \u201cVoy a reivindicar mi cuerpo de un modo que quiz\u00e1 te ofenda a ti, pero estoy en mi derecho de hacerlo\u201d, nos dicen.<\/p>\n\n\n\n<p><strong>P.<\/strong>&nbsp;Y ah\u00ed surge el conflicto con las feministas cl\u00e1sicas de la vieja escuela.<\/p>\n\n\n\n<p><strong>R.<\/strong>&nbsp;Bueno, las feministas cl\u00e1sicas, ir\u00f3nicamente, eran mucho m\u00e1s respetuosas con los sistemas de poder de lo que ellas cre\u00edan ser. Y son estas mujeres j\u00f3venes las que les dicen: \u201c\u00bfNo peleaste t\u00fa por nuestro derecho a&nbsp;<a href=\"https:\/\/elpais.com\/sociedad\/2023-11-03\/pepa-solana-el-feminismo-nos-da-poder-ser-como-queremos-ser-y-no-como-quieren-que-seamos.html\" target=\"_blank\" rel=\"noreferrer noopener\">ejercer el control sobre nuestros propios cuerpos y por ejercer este tipo de libertad<\/a>? Podemos entender que tu batalla no persegu\u00eda ese uso de nuestros cuerpos para que las grandes compa\u00f1\u00edas se enriquezcan. Pero si sabemos lo que estamos haciendo y somos conscientes de ello, \u00bfpor qu\u00e9 no vamos a poder?\u201d. Admito que al principio me result\u00f3 duro admitir este discurso. Pero debemos salir de nuestra zona de confort y escuchar lo que la gente joven nos est\u00e1 diciendo sobre qu\u00e9 significa ser joven, sobre la fuente de poder que manejan y sobre su poder para forjar una cultura.<\/p>\n\n\n\n<p><a href=\"https:\/\/eur01.safelinks.protection.outlook.com\/?url=https%3A%2F%2Fplus.elpais.com%2Fnewsletters%2Flnp%2F1%2F398&amp;data=04%7C01%7Cgdelser%40grupoprisa.com%7C6d927260ec0049f7d85408d92028fd12%7Cc4fd49f3e15a44d882e2c909735d2e45%7C0%7C0%7C637576182693994301%7CUnknown%7CTWFpbGZsb3d8eyJWIjoiMC4wLjAwMDAiLCJQIjoiV2luMzIiLCJBTiI6Ik1haWwiLCJXVCI6Mn0%3D%7C1000&amp;sdata=n19423in%2Fq91jJ7HsGFtYWt%2Fl4NFxQ9h71jgFpN%2BNZk%3D&amp;reserved=0\"><em>Ap\u00fantate aqu\u00ed\u00a0<\/em><\/a><em>a la newsletter semanal de Ideas.<\/em><\/p>\n\n\n\n<p>Fuente: <a href=\"https:\/\/elpais.com\/ideas\/2023-11-21\/patricia-hill-collins-sociologa-los-intelectuales-hemos-retratado-un-mundo-horrible-y-los-jovenes-estan-desangelados.html\">https:\/\/elpais.com\/ideas\/2023-11-21\/patricia-hill-collins-sociologa-los-intelectuales-hemos-retratado-un-mundo-horrible-y-los-jovenes-estan-desangelados.html<\/a><\/p>\n","protected":false},"excerpt":{"rendered":"<p>La pensadora estadounidense, experta en pensamiento negro, sostiene que la \u00e9lite cultural y acad\u00e9mica debe salir de la zona de [&hellip;]<\/p>\n","protected":false},"author":1,"featured_media":63573,"comment_status":"open","ping_status":"open","sticky":false,"template":"","format":"standard","meta":{"site-sidebar-layout":"default","site-content-layout":"","ast-site-content-layout":"default","site-content-style":"default","site-sidebar-style":"default","ast-global-header-display":"","ast-banner-title-visibility":"","ast-main-header-display":"","ast-hfb-above-header-display":"","ast-hfb-below-header-display":"","ast-hfb-mobile-header-display":"","site-post-title":"","ast-breadcrumbs-content":"","ast-featured-img":"","footer-sml-layout":"","theme-transparent-header-meta":"","adv-header-id-meta":"","stick-header-meta":"","header-above-stick-meta":"","header-main-stick-meta":"","header-below-stick-meta":"","astra-migrate-meta-layouts":"default","ast-page-background-enabled":"default","ast-page-background-meta":{"desktop":{"background-color":"var(--ast-global-color-4)","background-image":"","background-repeat":"repeat","background-position":"center center","background-size":"auto","background-attachment":"scroll","background-type":"","background-media":"","overlay-type":"","overlay-color":"","overlay-opacity":"","overlay-gradient":""},"tablet":{"background-color":"","background-image":"","background-repeat":"repeat","background-position":"center center","background-size":"auto","background-attachment":"scroll","background-type":"","background-media":"","overlay-type":"","overlay-color":"","overlay-opacity":"","overlay-gradient":""},"mobile":{"background-color":"","background-image":"","background-repeat":"repeat","background-position":"center center","background-size":"auto","background-attachment":"scroll","background-type":"","background-media":"","overlay-type":"","overlay-color":"","overlay-opacity":"","overlay-gradient":""}},"ast-content-background-meta":{"desktop":{"background-color":"var(--ast-global-color-5)","background-image":"","background-repeat":"repeat","background-position":"center center","background-size":"auto","background-attachment":"scroll","background-type":"","background-media":"","overlay-type":"","overlay-color":"","overlay-opacity":"","overlay-gradient":""},"tablet":{"background-color":"var(--ast-global-color-5)","background-image":"","background-repeat":"repeat","background-position":"center center","background-size":"auto","background-attachment":"scroll","background-type":"","background-media":"","overlay-type":"","overlay-color":"","overlay-opacity":"","overlay-gradient":""},"mobile":{"background-color":"var(--ast-global-color-5)","background-image":"","background-repeat":"repeat","background-position":"center center","background-size":"auto","background-attachment":"scroll","background-type":"","background-media":"","overlay-type":"","overlay-color":"","overlay-opacity":"","overlay-gradient":""}},"footnotes":""},"categories":[8],"tags":[4367,20530,5730,20529,20531,15364],"class_list":["post-63572","post","type-post","status-publish","format-standard","has-post-thumbnail","hentry","category-noticias","tag-feminismo","tag-juventud","tag-libertad-de-expresion","tag-pensamiento-negro","tag-relaciones-genero","tag-sociologia"],"_links":{"self":[{"href":"https:\/\/losperiodistas.com.mx\/portal\/wp-json\/wp\/v2\/posts\/63572","targetHints":{"allow":["GET"]}}],"collection":[{"href":"https:\/\/losperiodistas.com.mx\/portal\/wp-json\/wp\/v2\/posts"}],"about":[{"href":"https:\/\/losperiodistas.com.mx\/portal\/wp-json\/wp\/v2\/types\/post"}],"author":[{"embeddable":true,"href":"https:\/\/losperiodistas.com.mx\/portal\/wp-json\/wp\/v2\/users\/1"}],"replies":[{"embeddable":true,"href":"https:\/\/losperiodistas.com.mx\/portal\/wp-json\/wp\/v2\/comments?post=63572"}],"version-history":[{"count":1,"href":"https:\/\/losperiodistas.com.mx\/portal\/wp-json\/wp\/v2\/posts\/63572\/revisions"}],"predecessor-version":[{"id":63574,"href":"https:\/\/losperiodistas.com.mx\/portal\/wp-json\/wp\/v2\/posts\/63572\/revisions\/63574"}],"wp:featuredmedia":[{"embeddable":true,"href":"https:\/\/losperiodistas.com.mx\/portal\/wp-json\/wp\/v2\/media\/63573"}],"wp:attachment":[{"href":"https:\/\/losperiodistas.com.mx\/portal\/wp-json\/wp\/v2\/media?parent=63572"}],"wp:term":[{"taxonomy":"category","embeddable":true,"href":"https:\/\/losperiodistas.com.mx\/portal\/wp-json\/wp\/v2\/categories?post=63572"},{"taxonomy":"post_tag","embeddable":true,"href":"https:\/\/losperiodistas.com.mx\/portal\/wp-json\/wp\/v2\/tags?post=63572"}],"curies":[{"name":"wp","href":"https:\/\/api.w.org\/{rel}","templated":true}]}}