{"id":63557,"date":"2023-11-23T11:34:19","date_gmt":"2023-11-23T17:34:19","guid":{"rendered":"http:\/\/losperiodistas.com.mx\/portal\/?p=63557"},"modified":"2023-11-23T11:34:21","modified_gmt":"2023-11-23T17:34:21","slug":"el-tabaco","status":"publish","type":"post","link":"https:\/\/losperiodistas.com.mx\/portal\/el-tabaco\/","title":{"rendered":"El Tabaco"},"content":{"rendered":"\n<p class=\"has-medium-font-size\">#ElRinconDeZalacain | <em>\u201cDigan lo que quieran Arist\u00f3teles y toda la filosof\u00eda, no hay nada igual al tabaco; es el vicio de las personas decentes, y quien vive sin tabaco no es digno de vivir\u00bb, Zalaca\u00edn enciende un Partag\u00e1s, regalado!<\/em><\/p>\n\n\n\n<figure class=\"wp-block-embed is-type-video is-provider-youtube wp-block-embed-youtube wp-embed-aspect-16-9 wp-has-aspect-ratio\"><div class=\"wp-block-embed__wrapper\">\n<iframe title=\"El Tabaco | noviembre 23 de 2023\" width=\"500\" height=\"281\" src=\"https:\/\/www.youtube.com\/embed\/N4KEX8sJNg0?feature=oembed\" frameborder=\"0\" allow=\"accelerometer; autoplay; clipboard-write; encrypted-media; gyroscope; picture-in-picture; web-share\" referrerpolicy=\"strict-origin-when-cross-origin\" allowfullscreen><\/iframe>\n<\/div><\/figure>\n\n\n\n<p><\/p>\n\n\n\n<p><\/p>\n\n\n\n<p class=\"has-vivid-red-color has-text-color\" style=\"font-size:26px\"><strong><em>Por Jes\u00fas Manuel Hern\u00e1ndez*<\/em><\/strong><\/p>\n\n\n\n<p>Sobre el consumo e influencia del tabaco se ha escrito mucho; los mesoamericanos sorprendieron a los europeos en el consumo de unas hojas secas, liadas, armadas para ser \u201cfumadas\u201d, le llamaron \u201ctabaco\u201d.<\/p>\n\n\n\n<p>La pr\u00e1ctica fue condenada por la Iglesia Cat\u00f3lica, se relacion\u00f3 la inhalaci\u00f3n y exhalaci\u00f3n del humo con pr\u00e1cticas demon\u00edacas, pero al final se impuso la \u201cmoda\u201d de fumar e inund\u00f3 la pr\u00e1ctica a la intelectualidad de los principales c\u00edrculos europeos, a grado tal su consumo se arraig\u00f3 y los arquitectos se vieron en la necesidad de a\u00f1adir a los palacios los <strong>\u201csalones de fumadores\u201d.<\/strong><\/p>\n\n\n\n<p>En Puebla hubo uno muy famoso, desapareci\u00f3 cuando la familia propietaria de una residencia en la avenida Reforma se vio en la necesidad de venderla, aquella casa se convirti\u00f3 en la sede de la C\u00e1mara de Comercio y luego oficina de la Loter\u00eda Nacional y del Ayuntamiento de Puebla.<\/p>\n\n\n\n<p><strong>\u201cFumar es un placer\u201d<\/strong> se convirti\u00f3 en una premisa de una generaci\u00f3n y las im\u00e1genes de <strong>Sarita Montiel<\/strong> avalaron la pr\u00e1ctica de aquel vicio.<\/p>\n\n\n\n<p>El tango \u201cFumando espero\u201d fue compuesto por Ignacio Corsino y lo hizo famoso Libertad Lamarque, Argentino Ledesma e Imperio Argentina, pero Sarita Montiel interpret\u00f3 el tango en la pel\u00edcula \u201cEl \u00faltimo cupl\u00e9\u201d, de donde se hizo m\u00e1s famosa la letra.<\/p>\n\n\n\n<p>Zalaca\u00edn repasaba una caja de puros reci\u00e9n obsequiada, Habanos, Partag\u00e1s unos, Cohiba otros, vaya placeres derivados de la amistad.<\/p>\n\n\n\n<p>Para Zalaca\u00edn el tabaco hab\u00eda llegado apenas asom\u00f3 su adolescencia, la picadura de tabaco para pipa primero y despu\u00e9s el consumo de los llamados \u201cpuros\u201d, a\u00f1os despu\u00e9s conocer\u00eda los \u201chabanos\u201d.<\/p>\n\n\n\n<p>Y la pr\u00e1ctica de fumar fue de la mano de la ense\u00f1anza de <strong>\u201csaber fumar\u201d<\/strong>, no solo de ponerle fuego al puro, m\u00e1s bien de <strong>prepararlo para obtener sus bondades<\/strong>, en la boca, en la nariz y en el placer todo de disfrutar un buen puro.<\/p>\n\n\n\n<p>Una frase le hab\u00eda dejado huella, su querido amigo el escultor <strong>Santiago de Santiago <\/strong>se la hab\u00eda repetido a finales del siglo XX en un escenario donde el orujo de <strong>Mart\u00edn C\u00f3dax<\/strong> hab\u00eda culminado la noche.<\/p>\n\n\n\n<p><strong><em>\u201cNunca enciendas un puro apagado, ni un amor terminado\u201d<\/em><\/strong> le hab\u00eda dicho.<\/p>\n\n\n\n<p>La raz\u00f3n era muy simple, el puro una vez bien encendido deb\u00eda permanecer en activo bajo el cuidado del fumador; <strong>si el habano no hab\u00eda sido bien encendido entonces se apagaba<\/strong> y al intentar volver a ponerle fuego, el olor era verdaderamente desagradable, de donde el buen fumador era bien juzgado por esa habilidad de mantener encendido el puro sin acercarle&nbsp;nuevamente el fuego.<\/p>\n\n\n\n<p>El aventurero hab\u00eda le\u00eddo en alg\u00fan ensayo un p\u00e1rrafo, copiado y pegado en una de las cajas donde se conservan los puros, \u201chumidificadores\u201d les dicen los expertos.<\/p>\n\n\n\n<p>Dec\u00eda el texto: \u201c<em>Digan lo que quieran Arist\u00f3teles y toda la filosof\u00eda, no hay nada igual al tabaco; es el vicio de las personas decentes, y quien vive sin tabaco no es digno de vivir. Pues no solamente recrea y limpia el cerebro del hombre, sino que tambi\u00e9n induce al esp\u00edritu a la virtud, y permite conocer a las gentes de bien. \u00bfNo os hab\u00e9is dado cuenta, entre los que lo usan, de la amable manera con que se ofrece a diestro y siniestro? Ni siquiera se aguarda a que lo pidan, sino que uno se anticipa al deseo de los dem\u00e1s. \u00a1Tan cierto es que el tabaco inspira sentimientos de honor y de virtud!\u201d.<\/em><\/p>\n\n\n\n<p>Ese texto correspond\u00eda a uno de los di\u00e1logos escritos por <strong>Moli\u00e8re<\/strong> en 1662, en su obra <strong>\u201cDon Juan o El Fest\u00edn de Pierre\u201d<\/strong> estrenada en 1665 y era pronunciado por <strong>Sganarelle<\/strong> un personaje muy humano y con sentido de la comicidad.<\/p>\n\n\n\n<p>Otra de las cajas de puros ten\u00eda un peque\u00f1o grabado atribuido al venezolano <strong>Tito Salas<\/strong> y hab\u00eda servido para acompa\u00f1ar <strong>la poes\u00eda de Andr\u00e9s Bello \u201cLa agricultura de la Zona T\u00f3rrida\u201d<\/strong>, publicada por vez primera en \u201cRepertorio Americano\u201d en Londres en 1826, uno de sus p\u00e1rrafos hablaba de las virtudes del tabaco, y el texto se encontraba a un lado de la ilustraci\u00f3n y dec\u00eda as\u00ed:<\/p>\n\n\n\n<p><em>\u201cEl vino es tuyo, que la herida agave,<\/em><\/p>\n\n\n\n<p><em>Para los hijos vierte<\/em><\/p>\n\n\n\n<p><em>Del An\u00e1huac feliz; y la hoja es tuya,<\/em><\/p>\n\n\n\n<p><em>Que, cuando de suave<\/em><\/p>\n\n\n\n<p><em>Humo en espirales vaporosas huya,<\/em><\/p>\n\n\n\n<p><em>Solazar\u00e1 el fastidio al ocio inerte\u2026\u201d.<\/em><\/p>\n\n\n\n<p>Vaya curiosidades hab\u00edan vuelto a la cabeza de Zalaca\u00edn aquella tarde tan solo motivado por el valioso obsequio.<\/p>\n\n\n\n<p>Y sin m\u00e1s, para conmemorar la distinci\u00f3n <strong>se dispuso a fumar un habano, escogi\u00f3 el Partag\u00e1s pir\u00e1mide<\/strong>, curiosamente el mismo puro hab\u00eda fumado unas 3 d\u00e9cadas atr\u00e1s con Santiago de Santiago asombrado por la firmeza y el tama\u00f1o de la ceniza, casi medio puro se mantuvo sin desprenderse, cuesti\u00f3n de experiencia, de saber fumar, de respetar al tabaco, pero esa, esa es otra historia.<\/p>\n\n\n\n<p>*Autor de \u201cOr\u00edgenes de la Cocina Poblana, Ed. Planeta<br><br><a href=\"mailto:elrincondezalacain@gmail.com\">elrincondezalacain@gmail.com<\/a><\/p>\n","protected":false},"excerpt":{"rendered":"<p>#ElRinconDeZalacain | \u201cDigan lo que quieran Arist\u00f3teles y toda la filosof\u00eda, no hay nada igual al tabaco; es el vicio [&hellip;]<\/p>\n","protected":false},"author":1,"featured_media":63558,"comment_status":"open","ping_status":"open","sticky":false,"template":"","format":"standard","meta":{"site-sidebar-layout":"default","site-content-layout":"","ast-site-content-layout":"default","site-content-style":"default","site-sidebar-style":"default","ast-global-header-display":"","ast-banner-title-visibility":"","ast-main-header-display":"","ast-hfb-above-header-display":"","ast-hfb-below-header-display":"","ast-hfb-mobile-header-display":"","site-post-title":"","ast-breadcrumbs-content":"","ast-featured-img":"","footer-sml-layout":"","theme-transparent-header-meta":"","adv-header-id-meta":"","stick-header-meta":"","header-above-stick-meta":"","header-main-stick-meta":"","header-below-stick-meta":"","astra-migrate-meta-layouts":"default","ast-page-background-enabled":"default","ast-page-background-meta":{"desktop":{"background-color":"var(--ast-global-color-4)","background-image":"","background-repeat":"repeat","background-position":"center center","background-size":"auto","background-attachment":"scroll","background-type":"","background-media":"","overlay-type":"","overlay-color":"","overlay-opacity":"","overlay-gradient":""},"tablet":{"background-color":"","background-image":"","background-repeat":"repeat","background-position":"center center","background-size":"auto","background-attachment":"scroll","background-type":"","background-media":"","overlay-type":"","overlay-color":"","overlay-opacity":"","overlay-gradient":""},"mobile":{"background-color":"","background-image":"","background-repeat":"repeat","background-position":"center center","background-size":"auto","background-attachment":"scroll","background-type":"","background-media":"","overlay-type":"","overlay-color":"","overlay-opacity":"","overlay-gradient":""}},"ast-content-background-meta":{"desktop":{"background-color":"var(--ast-global-color-5)","background-image":"","background-repeat":"repeat","background-position":"center center","background-size":"auto","background-attachment":"scroll","background-type":"","background-media":"","overlay-type":"","overlay-color":"","overlay-opacity":"","overlay-gradient":""},"tablet":{"background-color":"var(--ast-global-color-5)","background-image":"","background-repeat":"repeat","background-position":"center center","background-size":"auto","background-attachment":"scroll","background-type":"","background-media":"","overlay-type":"","overlay-color":"","overlay-opacity":"","overlay-gradient":""},"mobile":{"background-color":"var(--ast-global-color-5)","background-image":"","background-repeat":"repeat","background-position":"center center","background-size":"auto","background-attachment":"scroll","background-type":"","background-media":"","overlay-type":"","overlay-color":"","overlay-opacity":"","overlay-gradient":""}},"footnotes":""},"categories":[8,4],"tags":[20522,20523,20524,20526,20525,7346],"class_list":["post-63557","post","type-post","status-publish","format-standard","has-post-thumbnail","hentry","category-noticias","category-zalacain","tag-fumando-espero","tag-fumar-es-un-placer","tag-libertad-lamarque","tag-quien-vive-sin-tabaco-no-es-digno-de-vivir","tag-sarita-montiel","tag-tabaco"],"_links":{"self":[{"href":"https:\/\/losperiodistas.com.mx\/portal\/wp-json\/wp\/v2\/posts\/63557","targetHints":{"allow":["GET"]}}],"collection":[{"href":"https:\/\/losperiodistas.com.mx\/portal\/wp-json\/wp\/v2\/posts"}],"about":[{"href":"https:\/\/losperiodistas.com.mx\/portal\/wp-json\/wp\/v2\/types\/post"}],"author":[{"embeddable":true,"href":"https:\/\/losperiodistas.com.mx\/portal\/wp-json\/wp\/v2\/users\/1"}],"replies":[{"embeddable":true,"href":"https:\/\/losperiodistas.com.mx\/portal\/wp-json\/wp\/v2\/comments?post=63557"}],"version-history":[{"count":1,"href":"https:\/\/losperiodistas.com.mx\/portal\/wp-json\/wp\/v2\/posts\/63557\/revisions"}],"predecessor-version":[{"id":63559,"href":"https:\/\/losperiodistas.com.mx\/portal\/wp-json\/wp\/v2\/posts\/63557\/revisions\/63559"}],"wp:featuredmedia":[{"embeddable":true,"href":"https:\/\/losperiodistas.com.mx\/portal\/wp-json\/wp\/v2\/media\/63558"}],"wp:attachment":[{"href":"https:\/\/losperiodistas.com.mx\/portal\/wp-json\/wp\/v2\/media?parent=63557"}],"wp:term":[{"taxonomy":"category","embeddable":true,"href":"https:\/\/losperiodistas.com.mx\/portal\/wp-json\/wp\/v2\/categories?post=63557"},{"taxonomy":"post_tag","embeddable":true,"href":"https:\/\/losperiodistas.com.mx\/portal\/wp-json\/wp\/v2\/tags?post=63557"}],"curies":[{"name":"wp","href":"https:\/\/api.w.org\/{rel}","templated":true}]}}