{"id":63554,"date":"2023-11-23T11:20:27","date_gmt":"2023-11-23T17:20:27","guid":{"rendered":"http:\/\/losperiodistas.com.mx\/portal\/?p=63554"},"modified":"2023-11-23T11:20:29","modified_gmt":"2023-11-23T17:20:29","slug":"dia-mundial-del-cafe-espreso-o-cafe-express-did","status":"publish","type":"post","link":"https:\/\/losperiodistas.com.mx\/portal\/dia-mundial-del-cafe-espreso-o-cafe-express-did\/","title":{"rendered":"D\u00eda Mundial del Caf\u00e9 Espreso o Caf\u00e9 Express | DID"},"content":{"rendered":"\n<figure class=\"wp-block-image size-large is-style-default\"><img fetchpriority=\"high\" decoding=\"async\" width=\"1024\" height=\"576\" src=\"https:\/\/losperiodistas.com.mx\/portal\/wp-content\/uploads\/2023\/11\/Captura-de-Pantalla-2023-11-23-a-las-11.08.29-1024x576.jpg\" alt=\"\" class=\"wp-image-63555\" srcset=\"https:\/\/losperiodistas.com.mx\/portal\/wp-content\/uploads\/2023\/11\/Captura-de-Pantalla-2023-11-23-a-las-11.08.29-1024x576.jpg 1024w, https:\/\/losperiodistas.com.mx\/portal\/wp-content\/uploads\/2023\/11\/Captura-de-Pantalla-2023-11-23-a-las-11.08.29-300x169.jpg 300w, https:\/\/losperiodistas.com.mx\/portal\/wp-content\/uploads\/2023\/11\/Captura-de-Pantalla-2023-11-23-a-las-11.08.29-768x432.jpg 768w, https:\/\/losperiodistas.com.mx\/portal\/wp-content\/uploads\/2023\/11\/Captura-de-Pantalla-2023-11-23-a-las-11.08.29.jpg 1372w\" sizes=\"(max-width: 1024px) 100vw, 1024px\" \/><\/figure>\n\n\n\n<p><\/p>\n\n\n\n<p><\/p>\n\n\n\n<p class=\"has-vivid-red-color has-text-color has-medium-font-size\"><strong>REDACCI\u00d3N D\u00cdA INTERNACIONAL DE<\/strong><\/p>\n\n\n\n<p>El 23 de noviembre se rinde homenaje a una de las bebidas arom\u00e1ticas m\u00e1s preferidas en el mundo. Se celebra el&nbsp;<strong>D\u00eda Mundial del Caf\u00e9 Espresso o Caf\u00e9 Expr\u00e9s<\/strong>.<\/p>\n\n\n\n<h2 class=\"wp-block-heading\" id=\"resTit_1\">El Caf\u00e9 Expreso: una tradici\u00f3n italiana<\/h2>\n\n\n\n<p>El<strong>&nbsp;caf\u00e9 expreso<\/strong>&nbsp;es una bebida originaria de Italia que se prepara en una cafetera expreso, de manera f\u00e1cil y r\u00e1pida. Es tambi\u00e9n conocido con las siguientes denominaciones:&nbsp;<strong>caf\u00e9 express<\/strong>,&nbsp;<strong>caf\u00e9 expr\u00e9s<\/strong>&nbsp;o&nbsp;<strong>caf\u00e9 espresso<\/strong>.<\/p>\n\n\n\n<p>De acuerdo a la RAE (Real Academia de la Lengua Espa\u00f1ola), la forma correcta de escribir este t\u00e9rmino es\u00a0<strong>\u00abexpr\u00e9s\u00bb<\/strong>\u00a0con acento, ya que es una palabra grave y no\u00a0<strong>\u00abexpress\u00bb<\/strong>.<\/p>\n\n\n\n<p>El<strong>&nbsp;caf\u00e9 espresso<\/strong>&nbsp;es considerado un tipo de caf\u00e9 de alta calidad debido a la manera como es elaborado, con un sabor \u00fanico, intenso y diferente al caf\u00e9 tradicional.<\/p>\n\n\n\n<h2 class=\"wp-block-heading\" id=\"resTit_2\">\u00bfC\u00f3mo se elabora el caf\u00e9 expr\u00e9s?<\/h2>\n\n\n\n<p>Se debe hervir agua a presi\u00f3n que no exceda de los 90\u00b0 en una cafetera expreso, colocando caf\u00e9 en grano reci\u00e9n molido para dar intensidad al sabor del caf\u00e9.<\/p>\n\n\n\n<p>Se sirve en una taza, preferiblemente de porcelana y no de otro material, formando una crema de color marr\u00f3n con tonalidad dorada. Se agrega az\u00facar al gusto y ya est\u00e1 listo para disfrutar de esta ex\u00f3tica y aromatizante bebida caliente.<\/p>\n\n\n\n<h2 class=\"wp-block-heading\" id=\"resTit_3\">Tipos de Caf\u00e9 Expr\u00e9s<\/h2>\n\n\n\n<p>A continuaci\u00f3n mostramos los tipos de&nbsp;<strong>caf\u00e9 expr\u00e9s<\/strong>&nbsp;m\u00e1s conocidos en todo el mundo \u00bfCu\u00e1l es tu favorito?<\/p>\n\n\n\n<ul class=\"wp-block-list\"><li><strong>Capuchino:<\/strong>&nbsp;preparado con leche caliente y espuma de leche en partes iguales, decorado con cacao o canela en polvo.<\/li><li><strong>Cortado o macchiato:&nbsp;<\/strong>se mezcla con 10 a 15 mililitros de leche caliente o fr\u00eda.<\/li><li><strong>Corto o ristretto:&nbsp;<\/strong>se prepara con 15 mililitros de caf\u00e9 molido y agua, obteniendo una bebida concentrada.<\/li><li><strong>Doble o doppio:&nbsp;<\/strong>se prepara con 60 mililitros de caf\u00e9 molido y agua.<\/li><li><strong>Largo o lungo:&nbsp;<\/strong>se prepara con unos 7,5 gramos de caf\u00e9 y 40 mililitros de agua.<\/li><li><strong>Latte macchiato:&nbsp;<\/strong>se elabora con una taza de leche entera o cremada y una peque\u00f1a cantidad de caf\u00e9 expreso.<\/li><li><strong>Simple, sencillo o solo:&nbsp;<\/strong>se prepara con caf\u00e9 molido y agua a 88 \u00b0C.<\/li><\/ul>\n\n\n\n<p>Puedes consultar informaci\u00f3n adicional sobre este tema, en los art\u00edculos sobre el&nbsp;<a href=\"https:\/\/www.diainternacionalde.com\/ficha\/dia-internacional-del-cafe\" target=\"_blank\" rel=\"noreferrer noopener\"><strong>D\u00eda Internacional del Caf\u00e9<\/strong><\/a>&nbsp;y el&nbsp;<a href=\"https:\/\/www.diainternacionalde.com\/dias-raros\/dia-cafe-irlandes\" target=\"_blank\" rel=\"noreferrer noopener\"><strong>D\u00eda del Caf\u00e9 Irland\u00e9s<\/strong><\/a>.<\/p>\n\n\n\n<p>Comparte informaci\u00f3n \u00fatil e interesante sobre el\u00a0<strong>D\u00eda Mundial del Caf\u00e9 Espresso o Caf\u00e9 Expr\u00e9s<\/strong>\u00a0en las redes sociales. Utiliza el hashtag\u00a0<strong><em>#coffeeday<\/em><\/strong><\/p>\n\n\n\n<p>Fuente: <a href=\"https:\/\/www.diainternacionalde.com\/dias-raros\/dia-mundial-cafe-espreso-express\">https:\/\/www.diainternacionalde.com\/dias-raros\/dia-mundial-cafe-espreso-express<\/a><\/p>\n","protected":false},"excerpt":{"rendered":"<p>REDACCI\u00d3N D\u00cdA INTERNACIONAL DE El 23 de noviembre se rinde homenaje a una de las bebidas arom\u00e1ticas m\u00e1s preferidas en [&hellip;]<\/p>\n","protected":false},"author":1,"featured_media":63555,"comment_status":"open","ping_status":"open","sticky":false,"template":"","format":"standard","meta":{"site-sidebar-layout":"default","site-content-layout":"","ast-site-content-layout":"default","site-content-style":"default","site-sidebar-style":"default","ast-global-header-display":"","ast-banner-title-visibility":"","ast-main-header-display":"","ast-hfb-above-header-display":"","ast-hfb-below-header-display":"","ast-hfb-mobile-header-display":"","site-post-title":"","ast-breadcrumbs-content":"","ast-featured-img":"","footer-sml-layout":"","theme-transparent-header-meta":"","adv-header-id-meta":"","stick-header-meta":"","header-above-stick-meta":"","header-main-stick-meta":"","header-below-stick-meta":"","astra-migrate-meta-layouts":"default","ast-page-background-enabled":"default","ast-page-background-meta":{"desktop":{"background-color":"var(--ast-global-color-4)","background-image":"","background-repeat":"repeat","background-position":"center center","background-size":"auto","background-attachment":"scroll","background-type":"","background-media":"","overlay-type":"","overlay-color":"","overlay-opacity":"","overlay-gradient":""},"tablet":{"background-color":"","background-image":"","background-repeat":"repeat","background-position":"center center","background-size":"auto","background-attachment":"scroll","background-type":"","background-media":"","overlay-type":"","overlay-color":"","overlay-opacity":"","overlay-gradient":""},"mobile":{"background-color":"","background-image":"","background-repeat":"repeat","background-position":"center center","background-size":"auto","background-attachment":"scroll","background-type":"","background-media":"","overlay-type":"","overlay-color":"","overlay-opacity":"","overlay-gradient":""}},"ast-content-background-meta":{"desktop":{"background-color":"var(--ast-global-color-5)","background-image":"","background-repeat":"repeat","background-position":"center center","background-size":"auto","background-attachment":"scroll","background-type":"","background-media":"","overlay-type":"","overlay-color":"","overlay-opacity":"","overlay-gradient":""},"tablet":{"background-color":"var(--ast-global-color-5)","background-image":"","background-repeat":"repeat","background-position":"center center","background-size":"auto","background-attachment":"scroll","background-type":"","background-media":"","overlay-type":"","overlay-color":"","overlay-opacity":"","overlay-gradient":""},"mobile":{"background-color":"var(--ast-global-color-5)","background-image":"","background-repeat":"repeat","background-position":"center center","background-size":"auto","background-attachment":"scroll","background-type":"","background-media":"","overlay-type":"","overlay-color":"","overlay-opacity":"","overlay-gradient":""}},"footnotes":""},"categories":[8],"tags":[11257,20521,5814],"class_list":["post-63554","post","type-post","status-publish","format-standard","has-post-thumbnail","hentry","category-noticias","tag-cafe-espresso","tag-cafe-expres-2","tag-cafe-express"],"_links":{"self":[{"href":"https:\/\/losperiodistas.com.mx\/portal\/wp-json\/wp\/v2\/posts\/63554","targetHints":{"allow":["GET"]}}],"collection":[{"href":"https:\/\/losperiodistas.com.mx\/portal\/wp-json\/wp\/v2\/posts"}],"about":[{"href":"https:\/\/losperiodistas.com.mx\/portal\/wp-json\/wp\/v2\/types\/post"}],"author":[{"embeddable":true,"href":"https:\/\/losperiodistas.com.mx\/portal\/wp-json\/wp\/v2\/users\/1"}],"replies":[{"embeddable":true,"href":"https:\/\/losperiodistas.com.mx\/portal\/wp-json\/wp\/v2\/comments?post=63554"}],"version-history":[{"count":1,"href":"https:\/\/losperiodistas.com.mx\/portal\/wp-json\/wp\/v2\/posts\/63554\/revisions"}],"predecessor-version":[{"id":63556,"href":"https:\/\/losperiodistas.com.mx\/portal\/wp-json\/wp\/v2\/posts\/63554\/revisions\/63556"}],"wp:featuredmedia":[{"embeddable":true,"href":"https:\/\/losperiodistas.com.mx\/portal\/wp-json\/wp\/v2\/media\/63555"}],"wp:attachment":[{"href":"https:\/\/losperiodistas.com.mx\/portal\/wp-json\/wp\/v2\/media?parent=63554"}],"wp:term":[{"taxonomy":"category","embeddable":true,"href":"https:\/\/losperiodistas.com.mx\/portal\/wp-json\/wp\/v2\/categories?post=63554"},{"taxonomy":"post_tag","embeddable":true,"href":"https:\/\/losperiodistas.com.mx\/portal\/wp-json\/wp\/v2\/tags?post=63554"}],"curies":[{"name":"wp","href":"https:\/\/api.w.org\/{rel}","templated":true}]}}