{"id":63550,"date":"2023-11-23T10:30:32","date_gmt":"2023-11-23T16:30:32","guid":{"rendered":"http:\/\/losperiodistas.com.mx\/portal\/?p=63550"},"modified":"2023-11-23T10:30:33","modified_gmt":"2023-11-23T16:30:33","slug":"viaje-al-centro-de-la-leyenda-de-jose-alfredo-jimenez-el-pais","status":"publish","type":"post","link":"https:\/\/losperiodistas.com.mx\/portal\/viaje-al-centro-de-la-leyenda-de-jose-alfredo-jimenez-el-pais\/","title":{"rendered":"Viaje al centro de la leyenda de Jos\u00e9 Alfredo Jim\u00e9nez | El Pa\u00eds"},"content":{"rendered":"\n<h2 class=\"has-vivid-green-cyan-background-color has-background has-medium-font-size wp-block-heading\">Cuando se cumplen 50 a\u00f1os de la muerte del rey de las rancheras, su figura se disputa entre las luces de un m\u00fasico brillante y las sombras de un hombre consumido por el alcohol y acusado de maltrato. EL PA\u00cdS viaja a los or\u00edgenes del cantante para intentar descifrar el mito y conocer a la persona<\/h2>\n\n\n\n<figure class=\"wp-block-image size-large is-style-default\"><img fetchpriority=\"high\" decoding=\"async\" width=\"1024\" height=\"814\" src=\"https:\/\/losperiodistas.com.mx\/portal\/wp-content\/uploads\/2023\/11\/Captura-de-Pantalla-2023-11-23-a-las-10.24.04-1024x814.jpg\" alt=\"\" class=\"wp-image-63551\" srcset=\"https:\/\/losperiodistas.com.mx\/portal\/wp-content\/uploads\/2023\/11\/Captura-de-Pantalla-2023-11-23-a-las-10.24.04-1024x814.jpg 1024w, https:\/\/losperiodistas.com.mx\/portal\/wp-content\/uploads\/2023\/11\/Captura-de-Pantalla-2023-11-23-a-las-10.24.04-300x239.jpg 300w, https:\/\/losperiodistas.com.mx\/portal\/wp-content\/uploads\/2023\/11\/Captura-de-Pantalla-2023-11-23-a-las-10.24.04-768x611.jpg 768w, https:\/\/losperiodistas.com.mx\/portal\/wp-content\/uploads\/2023\/11\/Captura-de-Pantalla-2023-11-23-a-las-10.24.04-1536x1222.jpg 1536w, https:\/\/losperiodistas.com.mx\/portal\/wp-content\/uploads\/2023\/11\/Captura-de-Pantalla-2023-11-23-a-las-10.24.04-2048x1629.jpg 2048w\" sizes=\"(max-width: 1024px) 100vw, 1024px\" \/><figcaption>Jos\u00e9 Alfredo Jim\u00e9nez. ARCHIVO FAMILIAR JIM\u00c9NEZ GALVEZ<\/figcaption><\/figure>\n\n\n\n<p class=\"has-vivid-red-color has-text-color has-medium-font-size\"><strong>ALEJANDRO SANTOS CID \/ Dolores Hidalgo \/ EL PA\u00cdS<\/strong><\/p>\n\n\n\n<p>Es la d\u00e9cada de los sesenta y en una habitaci\u00f3n preadolescente del Distrito Federal suena el primer disco de los Beatles. El vinilo gira bajo la aguja de un peque\u00f1o tocadiscos, uno de esos que al cerrarse se convierte en una maletita. Esta es de color rosa, un regalo que&nbsp;<a href=\"https:\/\/elpais.com\/eps\/2023-10-31\/jose-alfredo-habia-un-hombre-en-mexico-que-lo-significaba-todo.html\">Jos\u00e9 Alfredo Jim\u00e9nez<\/a>&nbsp;ha tra\u00eddo para su hija Paloma desde Los \u00c1ngeles, probablemente tras una de sus \u00faltimas giras. Se lo compr\u00f3 a su amigo Larry, que tiene una tienda de electrodom\u00e9sticos en la ciudad de Hollywood. Padre e hija suelen pasar las tardes escuchando m\u00fasica juntos, tumbados en la cama de Paloma. Son los a\u00f1os en los que el rock and roll empieza a poner patas arriba la industria musical y el cantante, el rey sin trono de la m\u00fasica ranchera, mira con curiosidad y recelo el avance imparable de esa corriente de guitarras el\u00e9ctricas y tipos estrafalarios.<\/p>\n\n\n\n<p>\u00c9l, tras sus giras, suele traer a casa discos de los artistas que triunfan en el extranjero, como Elvis, otro tipo de rey al norte de la frontera. Pero el \u00e1lbum de los&nbsp;<a href=\"https:\/\/elpais.com\/cultura\/2023-11-13\/the-beatles-vision-caleidoscopica.html\">Beatles&nbsp;<\/a>lo ha comprado Paloma. Y al compositor de&nbsp;<a href=\"https:\/\/www.youtube.com\/watch?v=MXTyk0oLqDU\" target=\"_blank\" rel=\"noreferrer noopener\"><em>Que te vaya bonito<\/em><\/a>, quiz\u00e1 la despedida m\u00e1s hermosa, digna y desgarradora de la historia de la m\u00fasica, le encantan los cuatro melenudos de Liverpool. \u201cEstos s\u00ed son muy buenos m\u00fasicos\u201d, le dice a su hija. Otras tardes, busca respuestas en el viento con&nbsp;<a href=\"https:\/\/elpais.com\/elpais\/2021\/05\/22\/album\/1621698682_220289.html\">Bob Dylan<\/a>&nbsp;o se pierde en la psicodelia de Pink Floyd, en los que le introduce su otro hijo, Jos\u00e9 Alfredo Jim\u00e9nez Jr.<\/p>\n\n\n\n<p>La leyenda cuenta que Jos\u00e9 Alfredo era el cantante de las cantinas, la parranda y el exceso. Pero \u201ccuando estaba en casa, quer\u00eda estar ah\u00ed\u201d, replica Paloma (69 a\u00f1os), que seis d\u00e9cadas despu\u00e9s todav\u00eda atesora en la memoria aquellas tardes con su padre. Lo mismo escuchando rock en ingl\u00e9s que tangos de&nbsp;<a href=\"https:\/\/elpais.com\/argentina\/2022-08-08\/felipe-pigna-carlos-gardel-fue-el-primer-gran-idolo-latinoamericano.html\">Carlos Gardel<\/a>. O los \u00e1lbumes reci\u00e9n salidos del horno del propio compositor. \u201cVen\u00eda con el disco bajo el brazo como el pan calientito\u201d, recuerda. \u201cSiempre hab\u00eda m\u00fasica en casa\u201d.<\/p>\n\n\n\n<figure class=\"wp-block-image is-style-default\"><img decoding=\"async\" src=\"https:\/\/imagenes.elpais.com\/resizer\/RxgtZckdZpoRSdIK2YxdsYrXWLE=\/414x0\/cloudfront-eu-central-1.images.arcpublishing.com\/prisa\/YU6MIHQF35BYDBNT6UQNNOOPDE.jpg\" alt=\"El primer disco como solista de Jos\u00e9 Alfredo Jim\u00e9nez, visto en la casa- museo del artista.\"\/><figcaption>El primer disco como solista de Jos\u00e9 Alfredo Jim\u00e9nez, visto en la casa- museo del artista.I\u00d1AKI MALVIDO<\/figcaption><\/figure>\n\n\n\n<p>El 23 de noviembre de 1973, Jos\u00e9 Alfredo Jim\u00e9nez<a href=\"https:\/\/elpais.com\/internacional\/2016\/01\/19\/mexico\/1453195641_879217.html\">&nbsp;muri\u00f3 de una cirrosis hep\u00e1tica<\/a>&nbsp;en un hospital de la capital mexicana a los 47 a\u00f1os. Cincuenta a\u00f1os despu\u00e9s, su figura ha crecido hasta convertirse en una quimera mitol\u00f3gica; un personaje pol\u00e9mico envuelto en la niebla de la leyenda, dif\u00edcil de disipar para llegar a la persona de carne y hueso.&nbsp;<a href=\"https:\/\/elpais.com\/diario\/1998\/11\/10\/cultura\/910652410_850215.html\">Joaqu\u00edn Sabina<\/a>&nbsp;dijo una vez que el cantante \u201cencarn\u00f3 el alma de M\u00e9xico (lindo y querido) como nadie en este siglo\u201d. Las voces cr\u00edticas le replicar\u00edan que, de ser as\u00ed, podr\u00eda simbolizar tambi\u00e9n su cara oscura, la del machismo y la masculinidad violenta: fue acusado de maltrato por su \u00faltima pareja, Alicia Ju\u00e1rez, fallecida en 2017.<\/p>\n\n\n\n<p>A Jos\u00e9 Alfredo, la prensa, la televisi\u00f3n y el cine le hicieron un traje a medida: el del hombre de campo, rudo pero cari\u00f1oso, mujeriego pero familiar, generoso, intempestivo. Y los lugares comunes lo encumbraron como una suerte de autor de la marginalidad. \u201cEl gran poeta popular del siglo XX en M\u00e9xico\u201d, lo defini\u00f3 Carlos Monsiv\u00e1is. Un vaquero sentimental que compuso la banda sonora de los borrachos despechados \u2014\u201cla \u00e9pica de la embriaguez\u201d, resumi\u00f3, de nuevo, Monsiv\u00e1is\u2014. Dicen los que lo conocieron que definirlo no es f\u00e1cil: el compositor fue un hombre de extremos, con tendencia a la depresi\u00f3n y la euforia; la ternura y, en ocasiones, la violencia.<\/p>\n\n\n\n<h3 class=\"wp-block-heading\">Un charro de ciudad<\/h3>\n\n\n\n<p>Si para algunos Jos\u00e9 Alfredo es el s\u00edmbolo del hombre mexicano del siglo XX, su tierra, Guanajuato, podr\u00eda ser un fotograma del M\u00e9xico de las pel\u00edculas de la&nbsp;<a href=\"https:\/\/elpais.com\/mexico\/2022-11-17\/revolucion-mexicana-historia-de-traiciones-poder-y-mitos.html\">Revoluci\u00f3n<\/a>. El polvo y los cerros, los nopales y las vacas, las aldeas fantasmas a orillas de la carretera. El cantante naci\u00f3 en 1926 en una casa del centro de Dolores Hidalgo, el pueblo que lleva la patri\u00f3tica etiqueta de ser la \u201ccuna de la independencia nacional\u201d; donde, en 1810,&nbsp;<a href=\"https:\/\/elpais.com\/mexico\/2023-09-13\/miguel-hidalgo-la-otra-cara-del-padre-de-la-patria-apostador-de-la-epoca-y-mason.html\">Miguel Hidalgo<\/a>&nbsp;hizo sonar la campana de la iglesia en lo que fue el pistoletazo de salida de la independencia mexicana.<\/p>\n\n\n\n<p>Cuando el cantante lleg\u00f3 al mundo, aquella efem\u00e9ride pol\u00edtica ya quedaba lejos. Era la d\u00e9cada posterior a la Revoluci\u00f3n, tiempo de nacionalismo, promesas y patrias. El Gobierno buscaba consolidar la idea de una \u00fanica identidad mexicana en un pa\u00eds tan inabarcable y diverso como M\u00e9xico. Eligi\u00f3 la figura del&nbsp;<a href=\"https:\/\/elpais.com\/elpais\/2015\/03\/13\/album\/1426248793_404661.html\">charro<\/a>, el estereot\u00edpico hombre de campo con su eterno sombrero calado, el papel que Jos\u00e9 Alfredo represent\u00f3 toda su vida frente a los focos.<\/p>\n\n\n\n<figure class=\"wp-block-image is-style-default\"><img decoding=\"async\" src=\"https:\/\/imagenes.elpais.com\/resizer\/Mbdf1tAKzoDtDgN759T1hiFOhKY=\/414x0\/cloudfront-eu-central-1.images.arcpublishing.com\/prisa\/WQDW6IBUNZGBBJK7LLCCZKP37U.jpg\" alt=\"La iglesia de Dolores Hidalgo, el 15 de noviembre.\"\/><figcaption>La iglesia de Dolores Hidalgo, el 15 de noviembre.I\u00d1AKI MALVIDO<\/figcaption><\/figure>\n\n\n\n<p>Visitar la casa en la que creci\u00f3, hoy un museo sobre su figura, ayuda a ver lo alejado que estaba en realidad el cantante de ese s\u00edmbolo rural. La residencia no es, ni mucho menos, la casa de un campesino, sino la de una familia de provincias acomodada para la \u00e9poca. Es uno de esos hogares t\u00edpicos del campo mexicano: de un solo piso, sin ventanas al exterior, pero con tres patios interiores en torno a los que se encuentran las habitaciones. Su padre fue el primer farmac\u00e9utico del pueblo, un puesto por aquel entonces bien situado. \u201cEl problema es cuando el pap\u00e1 se muere en 1936. Para Jos\u00e9 Alfredo es un golpazo y tiene que ir a [Ciudad de] M\u00e9xico a ganarse la vida\u201d, narra Jos\u00e9 Azanza (62 a\u00f1os), sobrino del cantante y director de la casa-museo, durante una visita guiada.<\/p>\n\n\n\n<p>Tras la conmoci\u00f3n por la muerte de su padre, con 10 a\u00f1os el cantante se muda a la colonia Santa Mar\u00eda de la Ribera, en el Distrito Federal, junto a su t\u00eda Cuca. Compone sus primeras canciones a silbidos \u2014 preocupado por perder su toque, nunca llega a aprender lenguaje musical\u2014. Deja los estudios en la secundaria. Comienza a trabajar en un restaurante. Forma el tr\u00edo musical Los Rebeldes, con el que recorre los bares y balcones del barrio serenando a los vecinos a cambio de unos pesos. En una carambola de la vida, juega de portero \u2014el f\u00fatbol, tras la m\u00fasica, es su gran pasi\u00f3n\u2014 en primera divisi\u00f3n, primero en el Oviedo y luego en el Marte, donde ser\u00e1 suplente de otra leyenda, Antonio&nbsp;<em>Tota&nbsp;<\/em>Carbajal,&nbsp;<a href=\"https:\/\/elpais.com\/mexico\/2023-05-09\/muere-antonio-tota-carbajal-el-primer-futbolista-en-jugar-cinco-mundiales.html\">el primer futbolista en vestir la camiseta de la selecci\u00f3n mexicana en cinco mundiales<\/a>.<\/p>\n\n\n\n<p>A finales de los a\u00f1os cuarenta lo descubre el m\u00fasico Andr\u00e9s Huerta. Lo lleva a la radio. En un pa\u00eds cada vez m\u00e1s enganchado al transistor, la voz de Jos\u00e9 Alfredo se cuela en los hogares de todo el pa\u00eds. En unos a\u00f1os es ya uno de los cantantes m\u00e1s cotizados. Encumbrado como el mejor compositor de M\u00e9xico, sus canciones suenan en boca de la flor y nata del panorama musical:&nbsp;<a href=\"https:\/\/elpais.com\/diario\/1991\/05\/10\/radiotv\/673826418_850215.html\">Jorge Negrete<\/a>, Pedro Infante,&nbsp;<a href=\"https:\/\/elpais.com\/diario\/1996\/03\/26\/cultura\/827794810_850215.html\">Lola Beltr\u00e1n<\/a>&nbsp;o&nbsp;<a href=\"https:\/\/elpais.com\/diario\/2005\/08\/09\/revistaverano\/1123538410_850215.html\">Pedro Vargas<\/a>. Participa en una veintena de pel\u00edculas, se codea con las \u00e9lites art\u00edsticas.<\/p>\n\n\n\n<figure class=\"wp-block-image is-style-default\"><img decoding=\"async\" src=\"https:\/\/imagenes.elpais.com\/resizer\/eoZ5Py3NaGmBwsoh1rE8nNZaUXY=\/414x0\/cloudfront-eu-central-1.images.arcpublishing.com\/prisa\/5PGTS7WVAFC5NFNT4XCXFJ6FN4.jpg\" alt=\"La letra de 'Vino y mujeres', una canci\u00f3n in\u00e9dita hasta que la interpret\u00f3 El Tri de Alex Lora, escrita a mano en un cuaderno por Jos\u00e9 Alfredo.\"\/><figcaption>La letra de &#8216;Vino y mujeres&#8217;, una canci\u00f3n in\u00e9dita hasta que la interpret\u00f3 El Tri de Alex Lora, escrita a mano en un cuaderno por Jos\u00e9 Alfredo.I\u00d1AKI MALVIDO<\/figcaption><\/figure>\n\n\n\n<figure class=\"wp-block-image is-style-default\"><img decoding=\"async\" src=\"https:\/\/imagenes.elpais.com\/resizer\/tAamAYy6PHbH-wCVtba8M50s3VI=\/414x0\/cloudfront-eu-central-1.images.arcpublishing.com\/prisa\/TQQ43PWV6NCAZPMHIVORMVS7BE.jpg\" alt=\"Un traje que utilizaba Jos\u00e9 Alfredo, visto en la casa-museo.\"\/><\/figure>\n\n\n\n<figure class=\"wp-block-image is-style-default\"><img decoding=\"async\" src=\"https:\/\/imagenes.elpais.com\/resizer\/zms0a00cJjbJcr9g_tVtJvvUeCo=\/414x0\/cloudfront-eu-central-1.images.arcpublishing.com\/prisa\/TYGXMPUWCFGBFLWLRX6TFE7ALA.jpg\" alt=\"Jos\u00e9 Alfredo Jim\u00e9nez de ni\u00f1o.\n\"\/><\/figure>\n\n\n\n<figure class=\"wp-block-image is-style-default\"><img decoding=\"async\" src=\"https:\/\/imagenes.elpais.com\/resizer\/r5Ralc_lM-7wxaP1BX8X9XWBkDk=\/414x0\/cloudfront-eu-central-1.images.arcpublishing.com\/prisa\/E2SRA5A3ZZGWTJJKGGQILUHMII.jpg\" alt=\"La grabadora y el micr\u00f3fono con el que Jos\u00e9 Alfredo grababa las tonadas de las canciones que se le ocurr\u00edan.\"\/><\/figure>\n\n\n\n<figure class=\"wp-block-image is-style-default\"><img decoding=\"async\" src=\"https:\/\/imagenes.elpais.com\/resizer\/B3P-KD_V9BTWbJ4qrAWd8NHSgqE=\/414x0\/cloudfront-eu-central-1.images.arcpublishing.com\/prisa\/R4W4DG4INNFVTBUUKLRLOEV6KQ.jpg\" alt=\"Jos\u00e9 Alfredo en una fotograf\u00eda de cuando jugaba f\u00fatbol como portero, vista en la casa-museo Jos\u00e9 Alfredo Jim\u00e9nez.\"\/><\/figure>\n\n\n\n<h3 class=\"wp-block-heading\">Cara A \/ Cara B<\/h3>\n\n\n\n<p>Sus canciones hablan de desamor, olvido, sufrimiento. Pero tambi\u00e9n de alegr\u00eda, borracheras y cantinas. De esos a\u00f1os son las famosas noches cerrando la plaza&nbsp;<a href=\"https:\/\/elpais.com\/mexico\/2021-12-13\/entre-la-tristeza-y-las-criticas-la-despedida-de-los-mariachis-de-la-plaza-garibaldi-a-vicente-fernandez.html\">Garibaldi<\/a>, acodado en la barra del Tenampa con&nbsp;<a href=\"https:\/\/elpais.com\/cultura\/2012\/08\/07\/actualidad\/1344320831_353555.html\">Chavela Vargas<\/a>. De recorrer el pa\u00eds de punta a punta con la&nbsp;<a href=\"https:\/\/elpais.com\/mexico\/2023-06-24\/la-caravana-corona-ha-vuelto-a-la-ciudad-una-exposicion-recrea-el-espectaculo-itinerante-que-reunio-al-pueblo-mexicano-con-grandes-artistas-del-siglo-xx.html\">Caravana Corona<\/a>, aquel espect\u00e1culo ambulante que reun\u00eda a las grandes voces de la \u00e9poca. Marco Antonio Mu\u00f1iz (90 a\u00f1os), hist\u00f3rico cantante de boleros, es uno de los \u00fanicos testigos que todav\u00eda vive para recordarlo. Adem\u00e1s de la Caravana, comparti\u00f3 con Jos\u00e9 Alfredo muchos momentos en televisi\u00f3n y un par de pel\u00edculas. \u201cNos conocimos en un bar. \u00c9l siempre tuvo inclinaci\u00f3n por la copita, pero, despu\u00e9s de dos copas, con lo que ten\u00eda al ladito, una libreta, una servilleta, cualquier cosa, se pon\u00eda a sacar una letra y ah\u00ed nac\u00edan las canciones, con una facilidad, con una calidad, estupenda. Yo lo recuerdo entre mis grandes amigos\u201d, dice Mu\u00f1iz, sentado en su casa de Coyoac\u00e1n, Ciudad de M\u00e9xico, en una habitaci\u00f3n presidida por sus discos de oro.<\/p>\n\n\n\n<p>Esa era la cara reluciente, el \u00e9xito de un compositor que escrib\u00eda canciones brillantes e hizo de los bares de la ciudad su residencia art\u00edstica. En el lado oscuro habitaban los problemas con el alcohol que lo acabar\u00edan matando, las depresiones, la violencia. \u201cTal vez&nbsp;<a href=\"https:\/\/elpais.com\/cultura\/2016\/11\/23\/actualidad\/1479858011_249735.html\">Jos\u00e9 Alfredo<\/a>&nbsp;era depresivo y por eso se inclinaba hacia el alcohol, el sufrimiento es una marca en sus letras. Pero siempre hay una redenci\u00f3n, el amor o Dios, no se hunde en ese dolor, pero est\u00e1 presente\u201d, matiza su hija Paloma. \u201cEra una persona que viv\u00eda en los extremos, pod\u00eda ser muy feliz o pod\u00eda sufrir mucho. Disfrutaba igual un partido de f\u00fatbol que una buena comida o una noche de tragos\u201d, dice Azanza.<\/p>\n\n\n\n<p>En 1952, Jos\u00e9 Alfredo se cas\u00f3 con Paloma G\u00e1lvez. Con ella tuvo dos hijos: Paloma, que ahora es la principal custodio del legado de su padre, y Jos\u00e9 Alfredo, fallecido en 2021. \u201cFue un padre muy amoroso, muy c\u00e1lido, que estaba al pendiente de su familia. Ten\u00eda mucha ternura y la sab\u00eda expresar\u201d, evoca su hija, que menciona c\u00f3mo el cantante la ense\u00f1\u00f3 a manejar bien su dinero, o la impuls\u00f3 a trabajar cuando ella quiso dejar de estudiar, a pesar de la situaci\u00f3n desahogada de la familia, para que aprendiera a \u201cser responsable\u201d. Azanza rememora la vez en la que su t\u00edo les llev\u00f3 a una gira por California. \u201cUn d\u00eda nos secuestr\u00f3 a los cuatro hermanos, nos llev\u00f3 a una jugueter\u00eda y nos dijo: \u2018Pidan lo que quieran\u2019. Llegamos al hotel como si fuera Navidad\u201d.<\/p>\n\n\n\n<p>Las giras y las grabaciones eran buenas excusas para justificar las temporadas fuera de casa. Jos\u00e9 Alfredo y Paloma G\u00e1lvez nunca se divorciaron, pero el m\u00fasico se busc\u00f3 una familia paralela con la bailarina Mar\u00eda Medel, con la que tuvo otros tres hijos: Jos\u00e9 Antonio, Jos\u00e9 Manuel y Martha. \u201cPodr\u00edamos decir que Jos\u00e9 Alfredo llevaba una doble vida. Yo me enter\u00e9 de la existencia de sus otros hijos ya muy grande. Mi madre siempre fue muy prudente, siempre nos hizo ver en mi padre una imagen impecable. No fuimos la \u00fanica familia en la que el padre ten\u00eda otra familia. Claro, que mi padre era una figura p\u00fablica y se filtraba un poco m\u00e1s. Un d\u00eda un vecino me dijo: \u2018Tu padre no anda de gira, anda con viejas [mujeres]\u2019. Yo debo haber tenido 10 a\u00f1os y pens\u00e9, este se\u00f1or es un envidioso\u201d, dice Paloma Jim\u00e9nez.<\/p>\n\n\n\n<figure class=\"wp-block-image is-style-default\"><img decoding=\"async\" src=\"https:\/\/imagenes.elpais.com\/resizer\/koLq37mKtchKo-qXzo2AAiizVxQ=\/414x0\/cloudfront-eu-central-1.images.arcpublishing.com\/prisa\/2F2YGUXMQFGGZBRPQBYHWXJDZQ.jpg\" alt=\"Paloma Jim\u00e9nez G\u00e1lvez en la oficina de su casa, en Ciudad de M\u00e9xico.\"\/><figcaption>Paloma Jim\u00e9nez G\u00e1lvez en la oficina de su casa, en Ciudad de M\u00e9xico.I\u00d1AKI MALVIDO<\/figcaption><\/figure>\n\n\n\n<p>No fue la \u00fanica relaci\u00f3n fuera del matrimonio. Las revistas del coraz\u00f3n le encontraban nuevas amantes cada poco tiempo, normalmente actrices, artistas y dem\u00e1s \u00e9lites culturales. Los \u00faltimos a\u00f1os de su vida los pas\u00f3 con Alicia Ju\u00e1rez, una cantante que de la mano de Jos\u00e9 Alfredo adquiri\u00f3 cierto renombre internacional. En 2017, el mismo a\u00f1o en que muri\u00f3, Ju\u00e1rez public\u00f3&nbsp;<em>Cuando viv\u00ed contigo<\/em>&nbsp;(<em>Grijalbo<\/em>), un libro en el que habla de sus a\u00f1os con el compositor. En una entrevista con&nbsp;<em>TV Notas&nbsp;<\/em>para promocionarlo, Ju\u00e1rez asegur\u00f3: \u201cEn mi caso, fue un abusador, y no dudo ni tantito que en sus anteriores relaciones tambi\u00e9n lo haya sido (&#8230;) Cuando \u00e9l tomaba se pon\u00eda muy loco y agresivo (&#8230;) Cuando estallaba ven\u00edan los golpes e insultos, y luego regresaba la luna de miel, porque se arrepent\u00eda\u201d.<\/p>\n\n\n\n<p>Paloma Jim\u00e9nez no recibi\u00f3 el libro con cari\u00f1o. \u201cEstuve a punto de demandar a Alicia Ju\u00e1rez porque esa se\u00f1ora solo dijo mentiras. Mi padre no era macho. Jam\u00e1s en la vida me peg\u00f3 ni con un&nbsp;<em>kleenex<\/em>. Jam\u00e1s lo vi violento ni borracho. Con mi madre siempre fue muy amoroso\u201d. Azanza es menos categ\u00f3rico: \u201cUna relaci\u00f3n dif\u00edcil con Jos\u00e9 Alfredo la tuvieron todas sus mujeres. Yo pienso que vivir con \u00e9l era como estar casado con un hurac\u00e1n\u201d. Jos\u00e9 Alfredo no lleg\u00f3 a casarse nunca con Ju\u00e1rez \u2014tuvieron una ceremonia, pero sin car\u00e1cter legal\u2014, y ella no form\u00f3 parte de la millonaria herencia, de la que s\u00ed se beneficiaron los hijos de su relaci\u00f3n con Mar\u00eda Medel.<\/p>\n\n\n\n<figure class=\"wp-block-image is-style-default\"><img decoding=\"async\" src=\"https:\/\/imagenes.elpais.com\/resizer\/AweG0Swt2klDs-I8tfQaVHHfGsQ=\/414x0\/cloudfront-eu-central-1.images.arcpublishing.com\/prisa\/MBVPMMLIKBCT5GNFVRHAYCQGHI.jpg\" alt=\"El cartel de un homenaje que le hicieron a Jos\u00e9 Alfredo en 1972, el \u00faltimo a\u00f1o de su vida, con Alicia Ju\u00e1rez y Juan Gabriel, entre otros.\"\/><figcaption>El cartel de un homenaje que le hicieron a Jos\u00e9 Alfredo en 1972, el \u00faltimo a\u00f1o de su vida, con Alicia Ju\u00e1rez y Juan Gabriel, entre otros.I\u00d1AKI MALVIDO<\/figcaption><\/figure>\n\n\n\n<p>Ju\u00e1rez no escribi\u00f3 el libro. Ella dio su testimonio durante un a\u00f1o de entrevistas y las escritoras Gabriela Torres Cuerva y Gina Tovar se ocuparon de llevarlo al papel. \u201cElla era una adolescente de 16 a\u00f1os cuando empieza la relaci\u00f3n amorosa; \u00e9l ten\u00eda m\u00e1s de 35, era una figura estelar y ella ansiaba ser una figura dentro de la canci\u00f3n ranchera. Era un tiempo hist\u00f3rico en que el machismo era \u2018permitido\u2019 y no hab\u00eda la conciencia colectiva que existe hoy. La gente que estaba alrededor de Jos\u00e9 Alfredo permit\u00eda su machismo. En una ocasi\u00f3n, en una fiesta [Jos\u00e9 Alfredo] la jala del cabello y la arrastra por el suelo y nadie hace nada. No hay una sola persona que haya ido a salvarla\u201d, cuenta Torres Cuerva por tel\u00e9fono. \u201cMe llegu\u00e9 a estremecer m\u00e1s de una vez con lo que Alicia me contaba: el miedo constante, la agitaci\u00f3n cuando iba tarde o se entreten\u00eda en un espect\u00e1culo en el que Jos\u00e9 Alfredo no estaba&#8230;\u201d, abunda la autora.<\/p>\n\n\n\n<h3 class=\"wp-block-heading\">Poeta de la ranchera<\/h3>\n\n\n\n<p>En 1997, a Federico Velio (60 a\u00f1os) le rompieron el coraz\u00f3n. \u201cTuve una decepci\u00f3n amorosa, a los guapos tambi\u00e9n nos dicen que no\u201d, bromea, sentado en una sala del Congreso de Guanajuato, despu\u00e9s de un d\u00eda de trabajo. Se fue a beber y escuchar boleros con un amigo. Acabaron, como tantas otras madrugadas, cantando a Jos\u00e9 Alfredo. Ese fue el germen de su libro&nbsp;<em>El \u00faltimo trago&nbsp;<\/em>(<em>2023<\/em>), una aproximaci\u00f3n desde la filosof\u00eda a las letras del compositor. \u201cLo que tiene Jos\u00e9 Alfredo que no tienen otros cantantes de ranchera es la cualidad po\u00e9tica de sus canciones\u201d, sintetiza.<\/p>\n\n\n\n<p>No ha sido el \u00fanico en estudiar desde la academia al cantante. Hay al menos cuatro tesis doctorales sobre \u00e9l, una de ellas de su hija Paloma, doctora en letras, que realiz\u00f3 un profundo an\u00e1lisis en el que reivindica los versos de su padre por su alta calidad literaria. Una versi\u00f3n de su tesis fue publicada en 2021 con el t\u00edtulo&nbsp;<em>Cuando te hablen de amor y de ilusiones<\/em>&nbsp;por la editorial&nbsp;<em>La Rana<\/em>.<\/p>\n\n\n\n<figure class=\"wp-block-image is-style-default\"><img decoding=\"async\" src=\"https:\/\/imagenes.elpais.com\/resizer\/s5wJcrcPHEX7rMOopFzikvcSLw8=\/414x0\/cloudfront-eu-central-1.images.arcpublishing.com\/prisa\/5ZKXXPWO6NC6XF5YBZC2SA7D44.jpg\" alt=\"Un cuadro del artista Octavio Ocampo que muestra a Jos\u00e9 Alfredo y sus int\u00e9rpretes, con alusiones a su biograf\u00eda y a su tierra natal.\"\/><figcaption>Un cuadro del artista Octavio Ocampo que muestra a Jos\u00e9 Alfredo y sus int\u00e9rpretes, con alusiones a su biograf\u00eda y a su tierra natal.I\u00d1AKI MALVIDO<\/figcaption><\/figure>\n\n\n\n<p>Velio rechaz\u00f3 abordar la vida personal del cantante porque, opina, obviar los aspectos oscuros de su personalidad es caer en \u201comisiones graves\u201d, pero lo contrario puede conllevar un juicio moral que \u00e9l no se sent\u00eda capacitado para hacer. En su libro, escribe: \u201c[Jos\u00e9 Alfredo fue] el depositario de la filosof\u00eda popular, plena de frustraciones y anhelos; de patriarcado rapaz que cant\u00f3 al amor como macho derrotado disfrazado de macho soberbio\u201d. \u201cGeneralmente el personaje se mistifica: es totalmente bueno o totalmente malo, pero todos tenemos luces y sombras. Jos\u00e9 Alfredo responde a su tiempo y circunstancia, al esquema de modelo cultural de unidad:&nbsp;<a href=\"https:\/\/elpais.com\/cultura\/2016\/12\/01\/actualidad\/1480600748_956652.html\">el charro mexicano<\/a>\u201d, dice ahora. Para Velio, las letras del compositor representan un \u201cmachismo menos agresivo que el machismo de su tiempo, m\u00e1s matizado, m\u00e1s moderado. Retroalimenta la cultura del machismo y el alcoholismo, pero \u00e9l es reproductor, no apologista\u201d.<\/p>\n\n\n\n<p>Como ejemplo, menciona su amistad con Chavela Vargas, artista lesbiana a la que el cantante \u201ccobij\u00f3 en el ambiente\u201d, o su apadrinamiento de Juan Gabriel, tambi\u00e9n homosexual, al que Jos\u00e9 Alfredo consideraba la siguiente gran estrella de M\u00e9xico. \u201cA pesar de que ten\u00eda una fobia tremenda a los homosexuales le dio el visto bueno como artista a Juan Gabriel desde la primera vez que lo escuch\u00f3. Dijo: \u2018Este muchacho va a marcar precedente en una m\u00fasica distinta\u2019\u201d, coincide Torres Cuerva.<\/p>\n\n\n\n<h3 class=\"wp-block-heading\">El \u00faltimo trago<\/h3>\n\n\n\n<p>En el cementerio de Dolores a nadie le extra\u00f1an las visitas. Cuando un desconocido se adentra en ese bosque de l\u00e1pidas y cruces blancas, los trabajadores tienen claro a d\u00f3nde se dirige sin necesidad de preguntar:<\/p>\n\n\n\n<p>\u2014La tumba de Jos\u00e9 Alfredo est\u00e1 all\u00e1, en ese poste a la derecha.<\/p>\n\n\n\n<figure class=\"wp-block-image is-style-default\"><img decoding=\"async\" src=\"https:\/\/imagenes.elpais.com\/resizer\/NiI8uoPcUnOc8FFNcQlZVr03P-0=\/414x0\/cloudfront-eu-central-1.images.arcpublishing.com\/prisa\/KUC5R5KJP5ATLBLSVP2C6YOZ2A.jpg\" alt=\"Un hombre mira el mausoleo de Jos\u00e9 Alfredo en el cementerio de Dolores Hidalgo.\"\/><figcaption>Un hombre mira el mausoleo de Jos\u00e9 Alfredo en el cementerio de Dolores Hidalgo.I\u00d1AKI MALVIDO<\/figcaption><\/figure>\n\n\n\n<p>El mausoleo es una suerte de serpiente de colores que representa un sarape, la prenda por excelencia del campo mexicano, y zigzaguea hasta un enorme sombrero de charro del tama\u00f1o de una capilla peque\u00f1a. En la base, la inscripci\u00f3n: \u201cLa vida no vale nada\u201d, que Jos\u00e9 Alfredo escribi\u00f3 tras la muerte de su hermano Nacho en 1953. La tumba, en la que descansan los huesos de Jos\u00e9 Alfredo y su madre, est\u00e1 limpia. Hay flores frescas.<\/p>\n\n\n\n<p>Sus fieles vienen en peregrinaci\u00f3n desde los cinco continentes. Rezan, cantan sus canciones, beben y fuman a su salud. \u201cEl mundo es diferente, pero Jos\u00e9 Alfredo no ha muerto despu\u00e9s de 50 a\u00f1os\u2033, dice un trabajador del cementerio. \u201cEs m\u00e1s famoso que Miguel Hidalgo\u201d, pontifica. Azanza asegura que tienen que restaurar el mausoleo cada a\u00f1o ante la erosi\u00f3n de tantas visitas.<\/p>\n\n\n\n<p>La suerte es una paradoja caprichosa. Al lado de la tumba del s\u00edmbolo del M\u00e9xico charro y viril, hay otro pante\u00f3n algo m\u00e1s descuidado, con una pared de pintura blanca pelada cubierta por la peque\u00f1a biograf\u00eda de su inquilina, Virginia Soto Rodr\u00edguez: la primera presidenta municipal que tuvo M\u00e9xico, tambi\u00e9n primera diputada federal en Guanajuato, una de esas pioneras que abri\u00f3 los caminos por los que ahora transita la democracia mexicana, que si nada cambia, elegir\u00e1 en 2024 una presidenta de la Rep\u00fablica por primera vez en su historia.<\/p>\n\n\n\n<p>Jos\u00e9 Alfredo no quer\u00eda su mausoleo. \u00c9l ansiaba una tumba sencilla, como las del resto del cementerio, con una peque\u00f1a placa de madera de mezquite en la que, eso s\u00ed, se leyera su epitafio eterno: \u201cLa vida no vale nada\u201d. Su deseo se cumpli\u00f3 un tiempo. En 1998, se inaugur\u00f3 el nuevo pante\u00f3n, obra del arquitecto Javier Senosiain \u2014marido de Paloma Jim\u00e9nez\u2014, m\u00e1s monumental, m\u00e1s acorde al tama\u00f1o de la leyenda. La vieja placa est\u00e1 expuesta en la casa museo. En ella se lee su nombre, la fecha de nacimiento y la de la muerte, la consabida frase, R.I.P., una cruz ladeada, una clave de sol, una corchea. Como talladas a navaja por un adolescente enamorado en el tronco de un \u00e1rbol. \u201cYo creo que Jos\u00e9 Alfredo era un rockero\u201d, filosofa Azanza mirando la placa.<\/p>\n\n\n\n<figure class=\"wp-block-image is-style-default\"><img decoding=\"async\" src=\"https:\/\/imagenes.elpais.com\/resizer\/9WrWRVI_sOwQw9bce1Hru7jtncg=\/414x0\/cloudfront-eu-central-1.images.arcpublishing.com\/prisa\/NAG45DMKBFGOBE6ZIXFG6KDASU.jpg\" alt=\"Un busto de Jos\u00e9 Alfredo, visto en la casa-museo Jos\u00e9 Alfredo Jim\u00e9nez.\"\/><figcaption>Un busto de Jos\u00e9 Alfredo, visto en la casa-museo Jos\u00e9 Alfredo Jim\u00e9nez.I\u00d1AKI MALVIDO<\/figcaption><\/figure>\n\n\n\n<p>Con la perspectiva del tiempo, cuando se cumplen 50 a\u00f1os de su muerte, las sombras son m\u00e1s oscuras, pero las luces siguen ah\u00ed. Solo hay que ir una noche a cualquier cantina o karaoke para comprobarlo. Las discotecas cierran con&nbsp;<em>El rey<\/em>. El mundo asiste al revivir de la m\u00fasica regional mexicana, con artistas como&nbsp;<a href=\"https:\/\/elpais.com\/mexico\/2023-11-18\/rap-pop-y-corridos-belicos-los-cantantes-mexicanos-son-los-mas-escuchados-a-nivel-mundial-en-spotify.html\">Peso Pluma y sus corridos tumbados<\/a>, que beben de la influencia del compositor. Cada poco se hacen&nbsp;<a href=\"https:\/\/elpais.com\/cultura\/2023-11-13\/the-beatles-vision-caleidoscopica.html\">discos de homenaje<\/a>, pel\u00edculas, series de televisi\u00f3n,&nbsp;<a href=\"https:\/\/guanajuato.mx\/festival-internacional-jose-alfredo-jimenez-2023\/\" target=\"_blank\" rel=\"noreferrer noopener\">festivales como el que se celebra esta semana en Dolores<\/a>. Azanza recuerda la visita a la casa-museo de una joven sudafricana que aprendi\u00f3 espa\u00f1ol con las canciones de Jos\u00e9 Alfredo, de otra mujer de la Patagonia a la que su madre le pon\u00eda&nbsp;<em>Paloma Querida<\/em>, de visitantes rusos, turcos. Un legado internacional que deja a sus seres queridos, a la vez, una herencia compleja y contradictoria. \u201cTe cuesta trabajo, pero ya esto lo he venido depurando con los a\u00f1os. Creo que de alguna manera tiene uno que aprender a sanar sus heridas, pero mi padre me ense\u00f1\u00f3 a ser responsable de m\u00ed misma y eso me dio las herramientas para poder trabajar con mi situaci\u00f3n, que pod\u00eda haber sido de decepci\u00f3n, de tristeza\u201d, sintetiza Paloma Jim\u00e9nez.<\/p>\n\n\n\n<p>Al final de sus d\u00edas, cuando el alcohol ya lo hab\u00eda consumido y convalec\u00eda en la cl\u00ednica Londres, al sur de la Ciudad de M\u00e9xico, decidi\u00f3 ir a cantar al programa&nbsp;<em>Siempre Domingo<\/em>. Se despidi\u00f3 de su p\u00fablico con un par de canciones. Volvi\u00f3 al hospital. Un d\u00eda, en una visita del padre de Azanza, tambi\u00e9n llamado Jos\u00e9, sobrino del compositor y compa\u00f1ero de parrandas, Jos\u00e9 Alfredo augur\u00f3:<\/p>\n\n\n\n<p>\u2014Ya se acerca el viaje a Dolores.<\/p>\n\n\n\n<figure class=\"wp-block-image is-style-default\"><img decoding=\"async\" src=\"https:\/\/imagenes.elpais.com\/resizer\/mxmecNvRvgbQEbtxu-2zzDK_u0E=\/414x0\/cloudfront-eu-central-1.images.arcpublishing.com\/prisa\/4OKUNU5L6RA37LQMVOQLCWZ7SA.jpg\" alt=\"Un pianista toca 'Serenata Huasteca' de Jos\u00e9 Alfredo Jim\u00e9nez en el kiosko de la plaza central de Dolores Hidalgo, el 15 de noviembre.\"\/><figcaption>Un pianista toca &#8216;Serenata Huasteca&#8217; de Jos\u00e9 Alfredo Jim\u00e9nez en el kiosko de la plaza central de Dolores Hidalgo, el 15 de noviembre.I\u00d1AKI MALVIDO<\/figcaption><\/figure>\n\n\n\n<p><a href=\"https:\/\/plus.elpais.com\/newsletters\/lnp\/1\/348\"><em><strong>Suscr\u00edbase aqu\u00ed<\/strong><\/em><\/a><em>a la newsletter de EL PA\u00cdS M\u00e9xico y reciba todas las claves informativas de la actualidad de este pa\u00eds<\/em><\/p>\n\n\n\n<p>Fuente: <a href=\"https:\/\/elpais.com\/mexico\/2023-11-23\/viaje-al-centro-de-la-leyenda-de-jose-alfredo-jimenez.html\">https:\/\/elpais.com\/mexico\/2023-11-23\/viaje-al-centro-de-la-leyenda-de-jose-alfredo-jimenez.html<\/a><\/p>\n","protected":false},"excerpt":{"rendered":"<p>Cuando se cumplen 50 a\u00f1os de la muerte del rey de las rancheras, su figura se disputa entre las luces [&hellip;]<\/p>\n","protected":false},"author":1,"featured_media":63551,"comment_status":"open","ping_status":"open","sticky":false,"template":"","format":"standard","meta":{"site-sidebar-layout":"default","site-content-layout":"","ast-site-content-layout":"default","site-content-style":"default","site-sidebar-style":"default","ast-global-header-display":"","ast-banner-title-visibility":"","ast-main-header-display":"","ast-hfb-above-header-display":"","ast-hfb-below-header-display":"","ast-hfb-mobile-header-display":"","site-post-title":"","ast-breadcrumbs-content":"","ast-featured-img":"","footer-sml-layout":"","theme-transparent-header-meta":"","adv-header-id-meta":"","stick-header-meta":"","header-above-stick-meta":"","header-main-stick-meta":"","header-below-stick-meta":"","astra-migrate-meta-layouts":"default","ast-page-background-enabled":"default","ast-page-background-meta":{"desktop":{"background-color":"var(--ast-global-color-4)","background-image":"","background-repeat":"repeat","background-position":"center center","background-size":"auto","background-attachment":"scroll","background-type":"","background-media":"","overlay-type":"","overlay-color":"","overlay-opacity":"","overlay-gradient":""},"tablet":{"background-color":"","background-image":"","background-repeat":"repeat","background-position":"center center","background-size":"auto","background-attachment":"scroll","background-type":"","background-media":"","overlay-type":"","overlay-color":"","overlay-opacity":"","overlay-gradient":""},"mobile":{"background-color":"","background-image":"","background-repeat":"repeat","background-position":"center center","background-size":"auto","background-attachment":"scroll","background-type":"","background-media":"","overlay-type":"","overlay-color":"","overlay-opacity":"","overlay-gradient":""}},"ast-content-background-meta":{"desktop":{"background-color":"var(--ast-global-color-5)","background-image":"","background-repeat":"repeat","background-position":"center center","background-size":"auto","background-attachment":"scroll","background-type":"","background-media":"","overlay-type":"","overlay-color":"","overlay-opacity":"","overlay-gradient":""},"tablet":{"background-color":"var(--ast-global-color-5)","background-image":"","background-repeat":"repeat","background-position":"center center","background-size":"auto","background-attachment":"scroll","background-type":"","background-media":"","overlay-type":"","overlay-color":"","overlay-opacity":"","overlay-gradient":""},"mobile":{"background-color":"var(--ast-global-color-5)","background-image":"","background-repeat":"repeat","background-position":"center center","background-size":"auto","background-attachment":"scroll","background-type":"","background-media":"","overlay-type":"","overlay-color":"","overlay-opacity":"","overlay-gradient":""}},"footnotes":""},"categories":[8],"tags":[20518,20519,20517,19970],"class_list":["post-63550","post","type-post","status-publish","format-standard","has-post-thumbnail","hentry","category-noticias","tag-can-acion-ranchera","tag-canciones-mexicanas","tag-dolores-hidalgo","tag-jose-alfredo-jimenez"],"_links":{"self":[{"href":"https:\/\/losperiodistas.com.mx\/portal\/wp-json\/wp\/v2\/posts\/63550","targetHints":{"allow":["GET"]}}],"collection":[{"href":"https:\/\/losperiodistas.com.mx\/portal\/wp-json\/wp\/v2\/posts"}],"about":[{"href":"https:\/\/losperiodistas.com.mx\/portal\/wp-json\/wp\/v2\/types\/post"}],"author":[{"embeddable":true,"href":"https:\/\/losperiodistas.com.mx\/portal\/wp-json\/wp\/v2\/users\/1"}],"replies":[{"embeddable":true,"href":"https:\/\/losperiodistas.com.mx\/portal\/wp-json\/wp\/v2\/comments?post=63550"}],"version-history":[{"count":1,"href":"https:\/\/losperiodistas.com.mx\/portal\/wp-json\/wp\/v2\/posts\/63550\/revisions"}],"predecessor-version":[{"id":63552,"href":"https:\/\/losperiodistas.com.mx\/portal\/wp-json\/wp\/v2\/posts\/63550\/revisions\/63552"}],"wp:featuredmedia":[{"embeddable":true,"href":"https:\/\/losperiodistas.com.mx\/portal\/wp-json\/wp\/v2\/media\/63551"}],"wp:attachment":[{"href":"https:\/\/losperiodistas.com.mx\/portal\/wp-json\/wp\/v2\/media?parent=63550"}],"wp:term":[{"taxonomy":"category","embeddable":true,"href":"https:\/\/losperiodistas.com.mx\/portal\/wp-json\/wp\/v2\/categories?post=63550"},{"taxonomy":"post_tag","embeddable":true,"href":"https:\/\/losperiodistas.com.mx\/portal\/wp-json\/wp\/v2\/tags?post=63550"}],"curies":[{"name":"wp","href":"https:\/\/api.w.org\/{rel}","templated":true}]}}