{"id":63547,"date":"2023-11-23T10:02:30","date_gmt":"2023-11-23T16:02:30","guid":{"rendered":"http:\/\/losperiodistas.com.mx\/portal\/?p=63547"},"modified":"2023-11-23T10:02:33","modified_gmt":"2023-11-23T16:02:33","slug":"otro-mexicano-a-f1-pato-oward-fue-nombrado-reserva-de-mclaren-para-2024-excelsior","status":"publish","type":"post","link":"https:\/\/losperiodistas.com.mx\/portal\/otro-mexicano-a-f1-pato-oward-fue-nombrado-reserva-de-mclaren-para-2024-excelsior\/","title":{"rendered":"\u00a1Otro mexicano a F1! Pato O&#8217;Ward fue nombrado reserva de McLaren para 2024 | Exc\u00e9lsior"},"content":{"rendered":"\n<h2 class=\"has-background has-medium-font-size wp-block-heading\" style=\"background-color:#f595f4\">Pato O&#8217;Ward deber\u00e1 mezclar su trabajo como piloto de IndyCar en el 2024 y el de ser reserva del equipo McLaren de F1 tras el anuncio de este jueves en Abu Dhabi.<\/h2>\n\n\n\n<div class=\"wp-block-image is-style-default\"><figure class=\"aligncenter size-full\"><img fetchpriority=\"high\" decoding=\"async\" width=\"664\" height=\"498\" src=\"https:\/\/losperiodistas.com.mx\/portal\/wp-content\/uploads\/2023\/11\/3038248.jpeg\" alt=\"\" class=\"wp-image-63548\" srcset=\"https:\/\/losperiodistas.com.mx\/portal\/wp-content\/uploads\/2023\/11\/3038248.jpeg 664w, https:\/\/losperiodistas.com.mx\/portal\/wp-content\/uploads\/2023\/11\/3038248-300x225.jpeg 300w\" sizes=\"(max-width: 664px) 100vw, 664px\" \/><figcaption>Pato O&#8217;Ward ser\u00e1 piloto de reserva de McLaren en 2024 (Patricio O&#8217;Ward)<\/figcaption><\/figure><\/div>\n\n\n\n<p class=\"has-vivid-red-color has-text-color has-medium-font-size\"><strong>JES\u00daS RAM\u00cdREZ \/ EXCELSIOR<\/strong><\/p>\n\n\n\n<p><strong>McLaren<\/strong>&nbsp;por fin le ha hecho justicia a su piloto mexicano&nbsp;<strong><a href=\"https:\/\/www.excelsior.com.mx\/adrenalina\/otro-mexicano-en-f1-patricio-oward-debutara-en-abu-dhabi\/1545889\" target=\"_blank\" rel=\"noreferrer noopener\">Patricio O\u2019Ward<\/a><\/strong>, el competidor que los ha llevado a pelear por campeonatos en IndyCar y, que a partir de 2024, formar\u00e1 parte del pool de pilotos reserva de la escuder\u00eda brit\u00e1nica en la F\u00f3rmula 1.<\/p>\n\n\n\n<p>El anuncio se ha dado un d\u00eda antes del inicio de la actividad del Gran Premio de Abu Dhabi, \u00faltima fecha de la temporada 2023 de la&nbsp;<a href=\"https:\/\/www.excelsior.com.mx\/adrenalina\/formula-1\" target=\"_blank\" rel=\"noreferrer noopener\">F1&nbsp;<\/a>y donde Pato O\u2019Ward tendr\u00e1 la oportunidad de conducir en la primera pr\u00e1ctica libres, en el coche de Lando Norris, pero tambi\u00e9n posteriormente, en el test del martes de postemporada destinado a evaluar neum\u00e1ticos y para j\u00f3venes pilotos.<\/p>\n\n\n\n<blockquote class=\"wp-block-quote is-layout-flow wp-block-quote-is-layout-flow\"><p>\u201cEstoy entusiasmado por asumir este nuevo rol dentro de la familia McLaren Racing. He pasado mucho tiempo con el equipo de F1, habiendo conducido anteriormente en entrenamientos libres y participado en algunas pruebas\u201d, expres\u00f3 el mexicano.<\/p><\/blockquote>\n\n\n\n<p>O\u2019Ward ha intercalado la parte final del a\u00f1o entre Estados Unidos y Londres trabajando en el simulador del equipo de Woking para prepararse de cara a este fin de semana en donde su labor ser\u00e1 doble. El regiomontano se encuentra emocionado de la oportunidad que tendr\u00e1 que mezclar con sus labores en la serie americana.<\/p>\n\n\n\n<blockquote class=\"wp-block-quote is-layout-flow wp-block-quote-is-layout-flow\"><p>\u201cSiempre he dicho que nunca es un mal d\u00eda cuando te subes a un coche de F1, as\u00ed que espero unirme al grupo de pilotos de reserva para el pr\u00f3ximo a\u00f1o junto con mis tareas de conducci\u00f3n con Arrow McLaren. Gracias a Andrea y Zak por esta gran oportunidad\u201d.<\/p><\/blockquote>\n\n\n\n<p>Pato ha participado en varias pruebas de Desarrollo de Pilotos del MCL35M, adem\u00e1s de pilotar en el test de J\u00f3venes Pilotos de Abu Dhabi 2021 y en los entrenamientos libres 1 del Gran Premio de Abu Dhabi 2022.<\/p>\n\n\n\n<p><strong>Te podr\u00eda interesar:&nbsp;<a href=\"https:\/\/www.excelsior.com.mx\/adrenalina\/checo-perez-quiere-terminar-en-lo-mas-alto\/1621353\" target=\"_blank\" rel=\"noreferrer noopener\">\u2018Checo\u2019 P\u00e9rez quiere terminar en lo m\u00e1s alto<\/a><\/strong><\/p>\n\n\n\n<p>En la IndyCar ha logrado pelear por el campeonato en los \u00faltimos a\u00f1os como parte de Arrow McLaren consiguiendo los puntos necesarios para la super licencia de la FIA y poder competir en la F1 a finales de esta campa\u00f1a 2023.<\/p>\n\n\n\n<p>Andrea Stella, director del equipo&nbsp;<a href=\"https:\/\/www.excelsior.com.mx\/adrenalina\/mclaren\" target=\"_blank\" rel=\"noreferrer noopener\">McLaren<\/a>, destac\u00f3 que el trabajo de O\u2019Ward en la serie americana le ha abierto las puertas para ser considerado como parte del equipo de F1.<\/p>\n\n\n\n<blockquote class=\"wp-block-quote is-layout-flow wp-block-quote-is-layout-flow\"><p>\u201cPato tuvo una temporada impresionante en la IndyCar Series y se desempe\u00f1\u00f3 bien en sus pruebas de desarrollo de pilotos, por lo que fue natural dar el siguiente paso ahora que es elegible para una S\u00faper Licencia FIA. Con el calendario tan extenso, es prudente asegurarnos de tener un amplio grupo de pilotos a los que podamos recurrir si es necesario. Esperamos verlo progresar en este nuevo rol\u201d.<\/p><\/blockquote>\n\n\n\n<figure class=\"wp-block-image is-style-default\"><img decoding=\"async\" src=\"https:\/\/img.youtube.com\/vi\/ZZwA4T2bxKM\/sddefault.jpg\" alt=\"Youtube Imagen\"\/><\/figure>\n\n\n\n<p><\/p>\n\n\n\n<p>Fuente: <a href=\"https:\/\/www.excelsior.com.mx\/adrenalina\/pato-oward-nombrado-reserva-mclaren-f1-2024\/1621360\">https:\/\/www.excelsior.com.mx\/adrenalina\/pato-oward-nombrado-reserva-mclaren-f1-2024\/1621360<\/a><\/p>\n","protected":false},"excerpt":{"rendered":"<p>Pato O&#8217;Ward deber\u00e1 mezclar su trabajo como piloto de IndyCar en el 2024 y el de ser reserva del equipo [&hellip;]<\/p>\n","protected":false},"author":1,"featured_media":63548,"comment_status":"open","ping_status":"open","sticky":false,"template":"","format":"standard","meta":{"site-sidebar-layout":"default","site-content-layout":"","ast-site-content-layout":"default","site-content-style":"default","site-sidebar-style":"default","ast-global-header-display":"","ast-banner-title-visibility":"","ast-main-header-display":"","ast-hfb-above-header-display":"","ast-hfb-below-header-display":"","ast-hfb-mobile-header-display":"","site-post-title":"","ast-breadcrumbs-content":"","ast-featured-img":"","footer-sml-layout":"","theme-transparent-header-meta":"","adv-header-id-meta":"","stick-header-meta":"","header-above-stick-meta":"","header-main-stick-meta":"","header-below-stick-meta":"","astra-migrate-meta-layouts":"default","ast-page-background-enabled":"default","ast-page-background-meta":{"desktop":{"background-color":"var(--ast-global-color-4)","background-image":"","background-repeat":"repeat","background-position":"center center","background-size":"auto","background-attachment":"scroll","background-type":"","background-media":"","overlay-type":"","overlay-color":"","overlay-opacity":"","overlay-gradient":""},"tablet":{"background-color":"","background-image":"","background-repeat":"repeat","background-position":"center center","background-size":"auto","background-attachment":"scroll","background-type":"","background-media":"","overlay-type":"","overlay-color":"","overlay-opacity":"","overlay-gradient":""},"mobile":{"background-color":"","background-image":"","background-repeat":"repeat","background-position":"center center","background-size":"auto","background-attachment":"scroll","background-type":"","background-media":"","overlay-type":"","overlay-color":"","overlay-opacity":"","overlay-gradient":""}},"ast-content-background-meta":{"desktop":{"background-color":"var(--ast-global-color-5)","background-image":"","background-repeat":"repeat","background-position":"center center","background-size":"auto","background-attachment":"scroll","background-type":"","background-media":"","overlay-type":"","overlay-color":"","overlay-opacity":"","overlay-gradient":""},"tablet":{"background-color":"var(--ast-global-color-5)","background-image":"","background-repeat":"repeat","background-position":"center center","background-size":"auto","background-attachment":"scroll","background-type":"","background-media":"","overlay-type":"","overlay-color":"","overlay-opacity":"","overlay-gradient":""},"mobile":{"background-color":"var(--ast-global-color-5)","background-image":"","background-repeat":"repeat","background-position":"center center","background-size":"auto","background-attachment":"scroll","background-type":"","background-media":"","overlay-type":"","overlay-color":"","overlay-opacity":"","overlay-gradient":""}},"footnotes":""},"categories":[8],"tags":[465,20515,20514,20516],"class_list":["post-63547","post","type-post","status-publish","format-standard","has-post-thumbnail","hentry","category-noticias","tag-f1","tag-indycar","tag-pato-oward","tag-reserva-mclaren"],"_links":{"self":[{"href":"https:\/\/losperiodistas.com.mx\/portal\/wp-json\/wp\/v2\/posts\/63547","targetHints":{"allow":["GET"]}}],"collection":[{"href":"https:\/\/losperiodistas.com.mx\/portal\/wp-json\/wp\/v2\/posts"}],"about":[{"href":"https:\/\/losperiodistas.com.mx\/portal\/wp-json\/wp\/v2\/types\/post"}],"author":[{"embeddable":true,"href":"https:\/\/losperiodistas.com.mx\/portal\/wp-json\/wp\/v2\/users\/1"}],"replies":[{"embeddable":true,"href":"https:\/\/losperiodistas.com.mx\/portal\/wp-json\/wp\/v2\/comments?post=63547"}],"version-history":[{"count":1,"href":"https:\/\/losperiodistas.com.mx\/portal\/wp-json\/wp\/v2\/posts\/63547\/revisions"}],"predecessor-version":[{"id":63549,"href":"https:\/\/losperiodistas.com.mx\/portal\/wp-json\/wp\/v2\/posts\/63547\/revisions\/63549"}],"wp:featuredmedia":[{"embeddable":true,"href":"https:\/\/losperiodistas.com.mx\/portal\/wp-json\/wp\/v2\/media\/63548"}],"wp:attachment":[{"href":"https:\/\/losperiodistas.com.mx\/portal\/wp-json\/wp\/v2\/media?parent=63547"}],"wp:term":[{"taxonomy":"category","embeddable":true,"href":"https:\/\/losperiodistas.com.mx\/portal\/wp-json\/wp\/v2\/categories?post=63547"},{"taxonomy":"post_tag","embeddable":true,"href":"https:\/\/losperiodistas.com.mx\/portal\/wp-json\/wp\/v2\/tags?post=63547"}],"curies":[{"name":"wp","href":"https:\/\/api.w.org\/{rel}","templated":true}]}}