{"id":63544,"date":"2023-11-23T09:30:42","date_gmt":"2023-11-23T15:30:42","guid":{"rendered":"http:\/\/losperiodistas.com.mx\/portal\/?p=63544"},"modified":"2023-11-23T09:30:44","modified_gmt":"2023-11-23T15:30:44","slug":"diputada-de-morena-propone-4-anos-de-prision-a-quien-cante-mal-el-himno-nacional-la-lista","status":"publish","type":"post","link":"https:\/\/losperiodistas.com.mx\/portal\/diputada-de-morena-propone-4-anos-de-prision-a-quien-cante-mal-el-himno-nacional-la-lista\/","title":{"rendered":"Diputada de Morena propone 4 a\u00f1os de prisi\u00f3n a quien cante mal el himno nacional | La-Lista"},"content":{"rendered":"\n<p class=\"has-text-align-center has-luminous-vivid-amber-background-color has-background has-medium-font-size\">La iniciativa propone multas.<\/p>\n\n\n\n<p><\/p>\n\n\n\n<figure class=\"wp-block-image size-large is-style-default\"><img fetchpriority=\"high\" decoding=\"async\" width=\"1024\" height=\"630\" src=\"https:\/\/losperiodistas.com.mx\/portal\/wp-content\/uploads\/2023\/11\/Captura-de-Pantalla-2023-11-23-a-las-9.19.33-1024x630.jpg\" alt=\"\" class=\"wp-image-63545\" srcset=\"https:\/\/losperiodistas.com.mx\/portal\/wp-content\/uploads\/2023\/11\/Captura-de-Pantalla-2023-11-23-a-las-9.19.33-1024x630.jpg 1024w, https:\/\/losperiodistas.com.mx\/portal\/wp-content\/uploads\/2023\/11\/Captura-de-Pantalla-2023-11-23-a-las-9.19.33-300x185.jpg 300w, https:\/\/losperiodistas.com.mx\/portal\/wp-content\/uploads\/2023\/11\/Captura-de-Pantalla-2023-11-23-a-las-9.19.33-768x473.jpg 768w, https:\/\/losperiodistas.com.mx\/portal\/wp-content\/uploads\/2023\/11\/Captura-de-Pantalla-2023-11-23-a-las-9.19.33-1536x945.jpg 1536w, https:\/\/losperiodistas.com.mx\/portal\/wp-content\/uploads\/2023\/11\/Captura-de-Pantalla-2023-11-23-a-las-9.19.33.jpg 1930w\" sizes=\"(max-width: 1024px) 100vw, 1024px\" \/><figcaption>Foto por \u00c1ngela Aguilar.<\/figcaption><\/figure>\n\n\n\n<p class=\"has-vivid-red-color has-text-color has-medium-font-size\"><strong>REDACCI\u00d3N LA-LISTA<\/strong><\/p>\n\n\n\n<p>Morena en la C\u00e1mara de Diputados present\u00f3 una iniciativa para sancionar con una multa de un mill\u00f3n de pesos y un arresto que va de 72 horas a cuatro a\u00f1os en prisi\u00f3n a quien haga mal uso de los s\u00edmbolos patrios: el himno nacional, la bandera y el escudo.<\/p>\n\n\n\n<p>El proyecto impulsado por la diputada Ana Elizabeth Ayala reforma el art\u00edculo 56 Quintus de la Ley sobre el Escudo, la Bandera y el Himno Nacionales y tambi\u00e9n plantea duplicar la multa econ\u00f3mica para personas reincidentes.<\/p>\n\n\n\n<p>No te pierdas:<a href=\"https:\/\/la-lista.com\/mexico\/2023\/11\/22\/tribunal-condena-a-10-anos-de-prision-a-hombre-que-abuso-de-adolescente-migrante\">Tribunal condena a 10 a\u00f1os de prisi\u00f3n a hombre que abus\u00f3 de adolescente migrante<\/a><\/p>\n\n\n\n<p>\u201cA los infractores de la presente ley se les podr\u00e1 imponer una o varias de las sanciones siguientes\u2026 Multa adicional a la prevista a la fracci\u00f3n anterior de 20 mil veces el Valor de la Unidad de Medida y Actualizaci\u00f3n, en caso de reincidencia, y por cada d\u00eda que persista la infracci\u00f3n\u201d, de acuerdo con el proyecto de decreto.<\/p>\n\n\n\n<figure class=\"wp-block-image is-style-default\"><img decoding=\"async\" src=\"https:\/\/i0.wp.com\/la-lista.com\/wp-content\/uploads\/2023\/11\/himno-nacional-1.jpg?resize=800%2C804&amp;ssl=1\" alt=\"Diputada de Morena propone 4 a\u00f1os de prisi\u00f3n a quien cante mal el himno nacional - himno-nacional-1-1274x1280\" class=\"wp-image-530411\"\/><\/figure>\n\n\n\n<p>El documento de la diputada Ayala incluye cambios a los art\u00edculos 191 y 192 del C\u00f3digo Penal Federal para que queden de la siguiente manera.No te pierdas:<a href=\"https:\/\/la-lista.com\/poder\/politica\/2023\/11\/22\/pedro-kumamoto-se-registra-como-precandidato-en-zapopan\">Pedro Kumamoto se registra como precandidato en Zapopan<\/a><\/p>\n\n\n\n<p>\u201cAl que ultraje el escudo de la Rep\u00fablica o el pabell\u00f3n nacional, ya sea de palabra o de obra, se le aplicar\u00e1 de seis meses a cuatro a\u00f1os de prisi\u00f3n o multa de diez mil veces el Valor de la Unidad de Medida y Actualizaci\u00f3n al momento de cometerse la infracci\u00f3n o ambas sanciones.<\/p>\n\n\n\n<p>En caso de que alguien haga uso indebido del escudo, la legisladora prev\u00e9 multas de tres d\u00edas a cuatro a\u00f1os de prisi\u00f3n.<\/p>\n\n\n\n<p>El proyecto especifica, de acuerdo con\u00a0<em><a href=\"https:\/\/aristeguinoticias.com\/2211\/mexico\/hasta-4-anos-de-carcel-por-no-entonar-bien-el-himno-nacional-propone-diputada-de-morena\/\" target=\"_blank\" rel=\"noreferrer noopener\">Ariestegui Noticias<\/a><\/em>, que cantantes como Vicente Fern\u00e1ndez, Jorge Mu\u00f1iz, Ana B\u00e1rbara y \u00c1ngela Aguilar\u00a0se han equicovado al entonar la letra del himno nacional.<\/p>\n\n\n\n<p><a href=\"https:\/\/la-lista.com\/opinion\/2023\/11\/23\/las-estupidas-cuotas-de-genero-afectan-a-las-mujeres\">https:\/\/la-lista.com\/opinion\/2023\/11\/23\/las-estupidas-cuotas-de-genero-afectan-a-las-mujeres<\/a><\/p>\n","protected":false},"excerpt":{"rendered":"<p>La iniciativa propone multas. REDACCI\u00d3N LA-LISTA Morena en la C\u00e1mara de Diputados present\u00f3 una iniciativa para sancionar con una multa [&hellip;]<\/p>\n","protected":false},"author":1,"featured_media":63545,"comment_status":"open","ping_status":"open","sticky":false,"template":"","format":"standard","meta":{"site-sidebar-layout":"default","site-content-layout":"","ast-site-content-layout":"default","site-content-style":"default","site-sidebar-style":"default","ast-global-header-display":"","ast-banner-title-visibility":"","ast-main-header-display":"","ast-hfb-above-header-display":"","ast-hfb-below-header-display":"","ast-hfb-mobile-header-display":"","site-post-title":"","ast-breadcrumbs-content":"","ast-featured-img":"","footer-sml-layout":"","theme-transparent-header-meta":"","adv-header-id-meta":"","stick-header-meta":"","header-above-stick-meta":"","header-main-stick-meta":"","header-below-stick-meta":"","astra-migrate-meta-layouts":"default","ast-page-background-enabled":"default","ast-page-background-meta":{"desktop":{"background-color":"var(--ast-global-color-4)","background-image":"","background-repeat":"repeat","background-position":"center center","background-size":"auto","background-attachment":"scroll","background-type":"","background-media":"","overlay-type":"","overlay-color":"","overlay-opacity":"","overlay-gradient":""},"tablet":{"background-color":"","background-image":"","background-repeat":"repeat","background-position":"center center","background-size":"auto","background-attachment":"scroll","background-type":"","background-media":"","overlay-type":"","overlay-color":"","overlay-opacity":"","overlay-gradient":""},"mobile":{"background-color":"","background-image":"","background-repeat":"repeat","background-position":"center center","background-size":"auto","background-attachment":"scroll","background-type":"","background-media":"","overlay-type":"","overlay-color":"","overlay-opacity":"","overlay-gradient":""}},"ast-content-background-meta":{"desktop":{"background-color":"var(--ast-global-color-5)","background-image":"","background-repeat":"repeat","background-position":"center center","background-size":"auto","background-attachment":"scroll","background-type":"","background-media":"","overlay-type":"","overlay-color":"","overlay-opacity":"","overlay-gradient":""},"tablet":{"background-color":"var(--ast-global-color-5)","background-image":"","background-repeat":"repeat","background-position":"center center","background-size":"auto","background-attachment":"scroll","background-type":"","background-media":"","overlay-type":"","overlay-color":"","overlay-opacity":"","overlay-gradient":""},"mobile":{"background-color":"var(--ast-global-color-5)","background-image":"","background-repeat":"repeat","background-position":"center center","background-size":"auto","background-attachment":"scroll","background-type":"","background-media":"","overlay-type":"","overlay-color":"","overlay-opacity":"","overlay-gradient":""}},"footnotes":""},"categories":[8],"tags":[20513,20510,20512,20511],"class_list":["post-63544","post","type-post","status-publish","format-standard","has-post-thumbnail","hentry","category-noticias","tag-bandera-e-himno-nacional","tag-himno-nacional","tag-ley-escudo","tag-prision"],"_links":{"self":[{"href":"https:\/\/losperiodistas.com.mx\/portal\/wp-json\/wp\/v2\/posts\/63544","targetHints":{"allow":["GET"]}}],"collection":[{"href":"https:\/\/losperiodistas.com.mx\/portal\/wp-json\/wp\/v2\/posts"}],"about":[{"href":"https:\/\/losperiodistas.com.mx\/portal\/wp-json\/wp\/v2\/types\/post"}],"author":[{"embeddable":true,"href":"https:\/\/losperiodistas.com.mx\/portal\/wp-json\/wp\/v2\/users\/1"}],"replies":[{"embeddable":true,"href":"https:\/\/losperiodistas.com.mx\/portal\/wp-json\/wp\/v2\/comments?post=63544"}],"version-history":[{"count":1,"href":"https:\/\/losperiodistas.com.mx\/portal\/wp-json\/wp\/v2\/posts\/63544\/revisions"}],"predecessor-version":[{"id":63546,"href":"https:\/\/losperiodistas.com.mx\/portal\/wp-json\/wp\/v2\/posts\/63544\/revisions\/63546"}],"wp:featuredmedia":[{"embeddable":true,"href":"https:\/\/losperiodistas.com.mx\/portal\/wp-json\/wp\/v2\/media\/63545"}],"wp:attachment":[{"href":"https:\/\/losperiodistas.com.mx\/portal\/wp-json\/wp\/v2\/media?parent=63544"}],"wp:term":[{"taxonomy":"category","embeddable":true,"href":"https:\/\/losperiodistas.com.mx\/portal\/wp-json\/wp\/v2\/categories?post=63544"},{"taxonomy":"post_tag","embeddable":true,"href":"https:\/\/losperiodistas.com.mx\/portal\/wp-json\/wp\/v2\/tags?post=63544"}],"curies":[{"name":"wp","href":"https:\/\/api.w.org\/{rel}","templated":true}]}}