{"id":63539,"date":"2023-11-23T08:31:17","date_gmt":"2023-11-23T14:31:17","guid":{"rendered":"http:\/\/losperiodistas.com.mx\/portal\/?p=63539"},"modified":"2023-11-23T08:31:20","modified_gmt":"2023-11-23T14:31:20","slug":"le-disputo-la-candidatura-de-mc-a-fernando-morales-graciela-palomares-e-consulta","status":"publish","type":"post","link":"https:\/\/losperiodistas.com.mx\/portal\/le-disputo-la-candidatura-de-mc-a-fernando-morales-graciela-palomares-e-consulta\/","title":{"rendered":"Le disputo la candidatura de MC a Fernando Morales: Graciela Palomares | e-consulta"},"content":{"rendered":"\n<p class=\"has-medium-font-size\">La exdiputada extern\u00f3 su desacuerdo con Fernando Morales, ya que representa todo dentro de MC<\/p>\n\n\n\n<figure class=\"wp-block-image size-full is-style-default\"><img fetchpriority=\"high\" decoding=\"async\" width=\"640\" height=\"426\" src=\"https:\/\/losperiodistas.com.mx\/portal\/wp-content\/uploads\/2023\/11\/le_disputo_la_candidatura_de_mc_a_fernando_morales_graciela_palomares.jpg\" alt=\"\" class=\"wp-image-63540\" srcset=\"https:\/\/losperiodistas.com.mx\/portal\/wp-content\/uploads\/2023\/11\/le_disputo_la_candidatura_de_mc_a_fernando_morales_graciela_palomares.jpg 640w, https:\/\/losperiodistas.com.mx\/portal\/wp-content\/uploads\/2023\/11\/le_disputo_la_candidatura_de_mc_a_fernando_morales_graciela_palomares-300x200.jpg 300w\" sizes=\"(max-width: 640px) 100vw, 640px\" \/><figcaption>Foto \/ Francisco Herrera<\/figcaption><\/figure>\n\n\n\n<p class=\"has-vivid-red-color has-text-color has-medium-font-size\"><strong>CARLOS MORENO \/ E-CONSULTA<\/strong><\/p>\n\n\n\n<p>La exdiputada federal\u00a0<strong>Graciela Palomares Ram\u00edrez<\/strong>\u00a0le disputar\u00e1 la candidatura a la gubernatura de Puebla por\u00a0<strong>Movimiento Ciudadano a Fernando Morales Mart\u00ednez<\/strong>, actual coordinador estatal del partido y diputado local en el Congreso de Puebla, y asever\u00f3 que no est\u00e1 de acuerdo con que\u00a0<strong>\u00e9l represente todo en el partido<\/strong>.<\/p>\n\n\n\n<p>En entrevista en el programa\u00a0#<strong>CucharaCuchilloTenedor, Graciela Palomares<\/strong>\u00a0expres\u00f3 que si Fernando Morales ha estado en esa posici\u00f3n como coordinador estatal y diputado es porque\u00a0<strong>no ha habido alguien que llegue a hacerle frente<\/strong>\u00a0y consider\u00f3 que el partido debe ser m\u00e1s abierto para integrar a m\u00e1s perfiles.<\/p>\n\n\n\n<figure class=\"wp-block-embed is-type-video is-provider-youtube wp-block-embed-youtube wp-embed-aspect-16-9 wp-has-aspect-ratio\"><div class=\"wp-block-embed__wrapper\">\n<iframe title=\"\ud83c\udf74 Cuchara Cuchillo Tenedor: Grace Palomares\" width=\"500\" height=\"281\" src=\"https:\/\/www.youtube.com\/embed\/VV5XIWqP8MU?feature=oembed\" frameborder=\"0\" allow=\"accelerometer; autoplay; clipboard-write; encrypted-media; gyroscope; picture-in-picture; web-share\" referrerpolicy=\"strict-origin-when-cross-origin\" allowfullscreen><\/iframe>\n<\/div><\/figure>\n\n\n\n<p><\/p>\n\n\n\n<p>Adem\u00e1s, lament\u00f3 que el coordinador estatal de Movimiento Ciudadano&nbsp;<strong>tenga un papel controversial como legislador<\/strong>&nbsp;en el Congreso local, ya que consider\u00f3 que en su ejercicio toma posturas que contradicen a las ideas del partido.<\/p>\n\n\n\n<p>Te puede interesar:<\/p>\n\n\n\n<p><a href=\"https:\/\/www.e-consulta.com\/nota\/2023-11-15\/elecciones\/surge-corriente-en-mc-que-apoya-graciela-palomares-y-dejan-solo-morales\">Surge corriente en MC que apoya a Graciela Palomares y dejan solo a Morales<\/a><\/p>\n\n\n\n<p>Opin\u00f3 que el ejercicio de la legislatura local conlleva en ocasiones a los funcionarios a estar de acuerdo con posturas distintas a sus partidos con el fin de buscar el bienestar de Puebla, por lo que&nbsp;<strong>no es congruente que Fernando Morales tome actitudes que no tienen que ver con Movimiento Ciudadano.<\/strong><\/p>\n\n\n\n<p>A lo largo del programa,&nbsp;<strong>Palomares Ram\u00edrez<\/strong>&nbsp;admiti\u00f3 ser una persona agraciada, pero&nbsp;<strong>desestim\u00f3 las cr\u00edticas que ha recibido en redes sociales<\/strong>&nbsp;en las que argumentan que s\u00f3lo es un rostro bonito, ya que sus logros como diputada federal hablan por ella y eso es m\u00e1s que suficiente para callar dichos comentarios.<\/p>\n\n\n\n<figure class=\"wp-block-image is-style-default\"><img decoding=\"async\" src=\"https:\/\/www.e-consulta.com\/_next\/image?url=https%3A%2F%2Ffotos.e-consulta.com%2Fsite_uploads%2F2023%2FNoviembre%2F1-le_disputo_la_candidatura_de_mc_a_fernando_morales_graciela_palomares.jpeg&amp;w=3840&amp;q=75\" alt=\"Le disputo la candidatura de MC a Fernando Morales: Graciela Palomares\"\/><\/figure>\n\n\n\n<p>\u201cYo no me voy a andar peleando en cada esquina con las personas que opinan que opinen lo que quieran\u201d, se\u00f1al\u00f3<\/p>\n\n\n\n<p>Te puede interesar:<\/p>\n\n\n\n<p><a href=\"https:\/\/www.e-consulta.com\/nota\/2023-11-08\/elecciones\/dirigente-de-mc-va-por-gubernatura-de-puebla-niega-conflictos-con-la\">Dirigente de MC va por gubernatura de Puebla; niega conflictos con la paridad<\/a><\/p>\n\n\n\n<p>Al igual, admiti\u00f3 que en caso de que otro partido pol\u00edtico como&nbsp;<strong>Morena o el PRI, el cual la busc\u00f3 en 2021<\/strong>&nbsp;para que volviera a militar en \u00e9l, la invitar\u00e1 a formar parte de ellos&nbsp;<strong>los rechazar\u00eda<\/strong>, pues asever\u00f3 que&nbsp;<strong>se siente comprometida con Movimiento Ciudadano<\/strong>, ya que es el bando al que pertenece.<\/p>\n\n\n\n<p>Por otro lado, en caso de que Graciela Palomares fuera elegida candidata, argument\u00f3 en su car\u00e1cter como ciudadana, que&nbsp;<strong>las tres principales propuestas que tendr\u00eda<\/strong>&nbsp;estar\u00edan enfocadas en la&nbsp;<strong>educaci\u00f3n, seguridad y desarrollo econ\u00f3mico<\/strong>, pues consider\u00f3 que son factores que deben mejorar en Puebla y que han dejado mucho que desear en administraciones pasadas.<\/p>\n\n\n\n<p>En un escenario en el que la exdiputada fuera la candidata y no gane la gubernatura de Puebla, consider\u00f3 su intenci\u00f3n no ser\u00e1 la de&nbsp;<strong>negociar alguna recompensa como la dirigencia estatal<\/strong>&nbsp;de Movimiento Ciudadano. Pero si en dado caso se lo ofrecieran admiti\u00f3 que \u201cser\u00eda perfecto\u201d.(CR)<\/p>\n\n\n\n<figure class=\"wp-block-image is-style-default\"><img decoding=\"async\" src=\"https:\/\/www.e-consulta.com\/_next\/image?url=https%3A%2F%2Ffotos.e-consulta.com%2Fsite_uploads%2F2023%2FNoviembre%2F2-le_disputo_la_candidatura_de_mc_a_fernando_morales_graciela_palomares.jpeg&amp;w=3840&amp;q=75\" alt=\"Le disputo la candidatura de MC a Fernando Morales: Graciela Palomares\"\/><\/figure>\n\n\n\n<p>Fuente: <a href=\"https:\/\/www.e-consulta.com\/nota\/2023-11-22\/elecciones\/le-disputo-la-candidatura-de-mc-fernando-morales-graciela-palomares\">https:\/\/www.e-consulta.com\/nota\/2023-11-22\/elecciones\/le-disputo-la-candidatura-de-mc-fernando-morales-graciela-palomares<\/a><\/p>\n","protected":false},"excerpt":{"rendered":"<p>La exdiputada extern\u00f3 su desacuerdo con Fernando Morales, ya que representa todo dentro de MC CARLOS MORENO \/ E-CONSULTA La [&hellip;]<\/p>\n","protected":false},"author":1,"featured_media":63540,"comment_status":"open","ping_status":"open","sticky":false,"template":"","format":"standard","meta":{"site-sidebar-layout":"default","site-content-layout":"","ast-site-content-layout":"default","site-content-style":"default","site-sidebar-style":"default","ast-global-header-display":"","ast-banner-title-visibility":"","ast-main-header-display":"","ast-hfb-above-header-display":"","ast-hfb-below-header-display":"","ast-hfb-mobile-header-display":"","site-post-title":"","ast-breadcrumbs-content":"","ast-featured-img":"","footer-sml-layout":"","theme-transparent-header-meta":"","adv-header-id-meta":"","stick-header-meta":"","header-above-stick-meta":"","header-main-stick-meta":"","header-below-stick-meta":"","astra-migrate-meta-layouts":"default","ast-page-background-enabled":"default","ast-page-background-meta":{"desktop":{"background-color":"var(--ast-global-color-4)","background-image":"","background-repeat":"repeat","background-position":"center center","background-size":"auto","background-attachment":"scroll","background-type":"","background-media":"","overlay-type":"","overlay-color":"","overlay-opacity":"","overlay-gradient":""},"tablet":{"background-color":"","background-image":"","background-repeat":"repeat","background-position":"center center","background-size":"auto","background-attachment":"scroll","background-type":"","background-media":"","overlay-type":"","overlay-color":"","overlay-opacity":"","overlay-gradient":""},"mobile":{"background-color":"","background-image":"","background-repeat":"repeat","background-position":"center center","background-size":"auto","background-attachment":"scroll","background-type":"","background-media":"","overlay-type":"","overlay-color":"","overlay-opacity":"","overlay-gradient":""}},"ast-content-background-meta":{"desktop":{"background-color":"var(--ast-global-color-5)","background-image":"","background-repeat":"repeat","background-position":"center center","background-size":"auto","background-attachment":"scroll","background-type":"","background-media":"","overlay-type":"","overlay-color":"","overlay-opacity":"","overlay-gradient":""},"tablet":{"background-color":"var(--ast-global-color-5)","background-image":"","background-repeat":"repeat","background-position":"center center","background-size":"auto","background-attachment":"scroll","background-type":"","background-media":"","overlay-type":"","overlay-color":"","overlay-opacity":"","overlay-gradient":""},"mobile":{"background-color":"var(--ast-global-color-5)","background-image":"","background-repeat":"repeat","background-position":"center center","background-size":"auto","background-attachment":"scroll","background-type":"","background-media":"","overlay-type":"","overlay-color":"","overlay-opacity":"","overlay-gradient":""}},"footnotes":""},"categories":[8],"tags":[5486,20507,604],"class_list":["post-63539","post","type-post","status-publish","format-standard","has-post-thumbnail","hentry","category-noticias","tag-elecciones-2024","tag-grace-palomares","tag-movimiento-ciudadano-puebla"],"_links":{"self":[{"href":"https:\/\/losperiodistas.com.mx\/portal\/wp-json\/wp\/v2\/posts\/63539","targetHints":{"allow":["GET"]}}],"collection":[{"href":"https:\/\/losperiodistas.com.mx\/portal\/wp-json\/wp\/v2\/posts"}],"about":[{"href":"https:\/\/losperiodistas.com.mx\/portal\/wp-json\/wp\/v2\/types\/post"}],"author":[{"embeddable":true,"href":"https:\/\/losperiodistas.com.mx\/portal\/wp-json\/wp\/v2\/users\/1"}],"replies":[{"embeddable":true,"href":"https:\/\/losperiodistas.com.mx\/portal\/wp-json\/wp\/v2\/comments?post=63539"}],"version-history":[{"count":1,"href":"https:\/\/losperiodistas.com.mx\/portal\/wp-json\/wp\/v2\/posts\/63539\/revisions"}],"predecessor-version":[{"id":63541,"href":"https:\/\/losperiodistas.com.mx\/portal\/wp-json\/wp\/v2\/posts\/63539\/revisions\/63541"}],"wp:featuredmedia":[{"embeddable":true,"href":"https:\/\/losperiodistas.com.mx\/portal\/wp-json\/wp\/v2\/media\/63540"}],"wp:attachment":[{"href":"https:\/\/losperiodistas.com.mx\/portal\/wp-json\/wp\/v2\/media?parent=63539"}],"wp:term":[{"taxonomy":"category","embeddable":true,"href":"https:\/\/losperiodistas.com.mx\/portal\/wp-json\/wp\/v2\/categories?post=63539"},{"taxonomy":"post_tag","embeddable":true,"href":"https:\/\/losperiodistas.com.mx\/portal\/wp-json\/wp\/v2\/tags?post=63539"}],"curies":[{"name":"wp","href":"https:\/\/api.w.org\/{rel}","templated":true}]}}