{"id":63476,"date":"2023-11-22T10:10:21","date_gmt":"2023-11-22T16:10:21","guid":{"rendered":"http:\/\/losperiodistas.com.mx\/portal\/?p=63476"},"modified":"2023-11-22T10:10:23","modified_gmt":"2023-11-22T16:10:23","slug":"se-cumplen-60-anos-del-asesinato-del-presidente-john-f-kennedy-que-conmociono-al-mundo-euronews","status":"publish","type":"post","link":"https:\/\/losperiodistas.com.mx\/portal\/se-cumplen-60-anos-del-asesinato-del-presidente-john-f-kennedy-que-conmociono-al-mundo-euronews\/","title":{"rendered":"Se cumplen 60 a\u00f1os del asesinato del presidente John F. Kennedy que conmocion\u00f3 al mundo | Euronews"},"content":{"rendered":"\n<p class=\"has-pale-cyan-blue-background-color has-background has-medium-font-size\"><strong>Hoy se cumplen 60 a\u00f1os del asesinato que conmocion\u00f3 al mundo y que abri\u00f3 uno de los cap\u00edtulos m\u00e1s oscuros de la historia pol\u00edtica de Estados Unidos. A d\u00eda de hoy, la muerte del presidente John F. Kennedy sigue envuelta en misterio y teor\u00edas de la conspiraci\u00f3n.<\/strong><\/p>\n\n\n\n<p><\/p>\n\n\n\n<figure class=\"wp-block-image size-large is-style-default\"><img fetchpriority=\"high\" decoding=\"async\" width=\"1024\" height=\"574\" src=\"https:\/\/losperiodistas.com.mx\/portal\/wp-content\/uploads\/2023\/11\/Captura-de-Pantalla-2023-11-22-a-las-10.03.58-1024x574.jpg\" alt=\"\" class=\"wp-image-63477\" srcset=\"https:\/\/losperiodistas.com.mx\/portal\/wp-content\/uploads\/2023\/11\/Captura-de-Pantalla-2023-11-22-a-las-10.03.58-1024x574.jpg 1024w, https:\/\/losperiodistas.com.mx\/portal\/wp-content\/uploads\/2023\/11\/Captura-de-Pantalla-2023-11-22-a-las-10.03.58-300x168.jpg 300w, https:\/\/losperiodistas.com.mx\/portal\/wp-content\/uploads\/2023\/11\/Captura-de-Pantalla-2023-11-22-a-las-10.03.58-768x431.jpg 768w, https:\/\/losperiodistas.com.mx\/portal\/wp-content\/uploads\/2023\/11\/Captura-de-Pantalla-2023-11-22-a-las-10.03.58-1536x862.jpg 1536w, https:\/\/losperiodistas.com.mx\/portal\/wp-content\/uploads\/2023\/11\/Captura-de-Pantalla-2023-11-22-a-las-10.03.58.jpg 1704w\" sizes=\"(max-width: 1024px) 100vw, 1024px\" \/><figcaption><a href=\"https:\/\/youtu.be\/tuHANVWi3ag?si=WFXpfsMdv0GGChlc\">VIDEO<\/a><\/figcaption><\/figure>\n\n\n\n<p class=\"has-vivid-red-color has-text-color has-medium-font-size\"><strong>AP \/ AFP \/ EURONEWS<\/strong><\/p>\n\n\n\n<p>Tal d\u00eda como hoy, hace 60 a\u00f1os, el asesinato del presidente de Estados Unidos, John F. Kennedy,&nbsp;conmocion\u00f3 al mundo y abri\u00f3&nbsp;<strong>uno de los cap\u00edtulos m\u00e1s oscuros<\/strong>&nbsp;de la historia pol\u00edtica estadounidense.<\/p>\n\n\n\n<p>El presidente dem\u00f3crata de 46 a\u00f1os&nbsp;<strong>recibi\u00f3 un disparo en la cabeza<\/strong>&nbsp;mientras su coche avanzaba por una zona abierta del centro de Dallas en el estado de Texas y su asesinato sigue&nbsp;<strong><a href=\"https:\/\/es.euronews.com\/2017\/10\/27\/toda-la-verdad-sobre-el-asesinato-de-kennedy\">envuelto en misterio y teor\u00edas de la conspiraci\u00f3n<\/a><\/strong>.<\/p>\n\n\n\n<p>Apenas unos minutos despu\u00e9s de Kennedy fue asesinado a tiros\u00a0<strong>el 22 de noviembre de 1963<\/strong>, la reportera de Associated Press, Peggy Simpson, acudi\u00f3 corriendo al lugar e inmediatamente se uni\u00f3 a los agentes de polic\u00eda que se hab\u00edan concentrado en el edificio desde donde hab\u00eda disparado el francotirador.<\/p>\n\n\n\n<p>La periodista explic\u00f3 que en ning\u00fan momento se despeg\u00f3 de la noticia y se\u00f1al\u00f3 que cada vez que pod\u00eda obtener alguna informaci\u00f3n de los agentes,&nbsp;<strong>corr\u00eda a un tel\u00e9fono p\u00fablico<\/strong>&nbsp;para llamar a sus editores para luego volver de nuevo con la polic\u00eda.<\/p>\n\n\n\n<h2 class=\"wp-block-heading\">Los \u00faltimos testigos supervivientes<\/h2>\n\n\n\n<p>Simpson, que ahora tiene 84 a\u00f1os, se encuentra entre los&nbsp;<strong>\u00faltimos testigos supervivientes<\/strong>&nbsp;que todav\u00eda pueden compartir sus recuerdos de aquel d\u00eda.<\/p>\n\n\n\n<p>\u00abSe perder\u00e1 un v\u00ednculo tangible con el pasado cuando desaparezcan las \u00faltimas voces de ese per\u00edodo\u00bb, dijo el experto del Museo del Sexto Piso en Dealey Plaza, Stephen Fagin, que cuenta la historia del asesinato desde el Dep\u00f3sito de libros escolares de Texas,&nbsp;<strong>donde se encontr\u00f3 la percha del francotirador<\/strong>,&nbsp;<strong>Lee Harvey Oswald<\/strong>.&nbsp;<\/p>\n\n\n\n<p>\u00abMuchas de las voces que estuvieron aqu\u00ed, incluso hace 10 a\u00f1os, para compartir sus recuerdos como los funcionarios, los periodistas y los testigos presenciales, pues muchas de esas personas&nbsp;<strong>han fallecido<\/strong>\u00ab, dijo.<\/p>\n\n\n\n<h2 class=\"wp-block-heading\">Un d\u00eda en Am\u00e9rica<\/h2>\n\n\n\n<p>Personas como Simpson o el exagente del Servicio Secreto estadounidense, Clint Hill, aparecen en&nbsp;<strong>la serie \u00abJFK: Un d\u00eda en Am\u00e9rica\u201d<\/strong>, estrenada por &#8216;National Geographic&#8217; este mes. El documental combina sus recuerdos con im\u00e1genes de archivo.<\/p>\n\n\n\n<p>La directora de la serie, Ella Wright, dijo que escuchar a quienes estuvieron all\u00ed ayuda a contar la historia \u00abdetr\u00e1s de las escenas\u00bb.&nbsp;\u00abQuer\u00edamos que&nbsp;<strong>la gente realmente entendiera<\/strong>&nbsp;lo que se sent\u00eda al regresar all\u00ed y experimentar el impacto emocional de esos eventos\u00bb, dijo Wright.<\/p>\n\n\n\n<p>La gente todav\u00eda acude en masa a Dealey Plaza, por donde&nbsp;<strong>pasaba el coche presidencial<\/strong>&nbsp;cuando Kennedy fue asesinado.<\/p>\n\n\n\n<p>\u00abEl asesinato ciertamente\u00a0<strong>defini\u00f3 a una generaci\u00f3n\u00bb<\/strong>, dijo Fagin. \u00abPara aquellas personas que lo vivieron y alcanzaron la mayor\u00eda de edad en la d\u00e9cada de los 1960, represent\u00f3 un cambio significativo en la\u00a0<strong>cultura estadounidense\u00bb.<\/strong><\/p>\n\n\n\n<p>Fuente: <a href=\"https:\/\/es.euronews.com\/2023\/11\/22\/se-cumplen-60-anos-desde-el-asesinato-del-presidente-john-f-kennedy-que-conmociono-al-mund\">https:\/\/es.euronews.com\/2023\/11\/22\/se-cumplen-60-anos-desde-el-asesinato-del-presidente-john-f-kennedy-que-conmociono-al-mund<\/a><\/p>\n","protected":false},"excerpt":{"rendered":"<p>Hoy se cumplen 60 a\u00f1os del asesinato que conmocion\u00f3 al mundo y que abri\u00f3 uno de los cap\u00edtulos m\u00e1s oscuros [&hellip;]<\/p>\n","protected":false},"author":1,"featured_media":63477,"comment_status":"open","ping_status":"open","sticky":false,"template":"","format":"standard","meta":{"site-sidebar-layout":"default","site-content-layout":"","ast-site-content-layout":"default","site-content-style":"default","site-sidebar-style":"default","ast-global-header-display":"","ast-banner-title-visibility":"","ast-main-header-display":"","ast-hfb-above-header-display":"","ast-hfb-below-header-display":"","ast-hfb-mobile-header-display":"","site-post-title":"","ast-breadcrumbs-content":"","ast-featured-img":"","footer-sml-layout":"","theme-transparent-header-meta":"","adv-header-id-meta":"","stick-header-meta":"","header-above-stick-meta":"","header-main-stick-meta":"","header-below-stick-meta":"","astra-migrate-meta-layouts":"default","ast-page-background-enabled":"default","ast-page-background-meta":{"desktop":{"background-color":"var(--ast-global-color-4)","background-image":"","background-repeat":"repeat","background-position":"center center","background-size":"auto","background-attachment":"scroll","background-type":"","background-media":"","overlay-type":"","overlay-color":"","overlay-opacity":"","overlay-gradient":""},"tablet":{"background-color":"","background-image":"","background-repeat":"repeat","background-position":"center center","background-size":"auto","background-attachment":"scroll","background-type":"","background-media":"","overlay-type":"","overlay-color":"","overlay-opacity":"","overlay-gradient":""},"mobile":{"background-color":"","background-image":"","background-repeat":"repeat","background-position":"center center","background-size":"auto","background-attachment":"scroll","background-type":"","background-media":"","overlay-type":"","overlay-color":"","overlay-opacity":"","overlay-gradient":""}},"ast-content-background-meta":{"desktop":{"background-color":"var(--ast-global-color-5)","background-image":"","background-repeat":"repeat","background-position":"center center","background-size":"auto","background-attachment":"scroll","background-type":"","background-media":"","overlay-type":"","overlay-color":"","overlay-opacity":"","overlay-gradient":""},"tablet":{"background-color":"var(--ast-global-color-5)","background-image":"","background-repeat":"repeat","background-position":"center center","background-size":"auto","background-attachment":"scroll","background-type":"","background-media":"","overlay-type":"","overlay-color":"","overlay-opacity":"","overlay-gradient":""},"mobile":{"background-color":"var(--ast-global-color-5)","background-image":"","background-repeat":"repeat","background-position":"center center","background-size":"auto","background-attachment":"scroll","background-type":"","background-media":"","overlay-type":"","overlay-color":"","overlay-opacity":"","overlay-gradient":""}},"footnotes":""},"categories":[8],"tags":[20491,20492,20490],"class_list":["post-63476","post","type-post","status-publish","format-standard","has-post-thumbnail","hentry","category-noticias","tag-60-anos-asesinato-kennedy","tag-dallas-texas","tag-john-f-kennedy-2"],"_links":{"self":[{"href":"https:\/\/losperiodistas.com.mx\/portal\/wp-json\/wp\/v2\/posts\/63476","targetHints":{"allow":["GET"]}}],"collection":[{"href":"https:\/\/losperiodistas.com.mx\/portal\/wp-json\/wp\/v2\/posts"}],"about":[{"href":"https:\/\/losperiodistas.com.mx\/portal\/wp-json\/wp\/v2\/types\/post"}],"author":[{"embeddable":true,"href":"https:\/\/losperiodistas.com.mx\/portal\/wp-json\/wp\/v2\/users\/1"}],"replies":[{"embeddable":true,"href":"https:\/\/losperiodistas.com.mx\/portal\/wp-json\/wp\/v2\/comments?post=63476"}],"version-history":[{"count":1,"href":"https:\/\/losperiodistas.com.mx\/portal\/wp-json\/wp\/v2\/posts\/63476\/revisions"}],"predecessor-version":[{"id":63478,"href":"https:\/\/losperiodistas.com.mx\/portal\/wp-json\/wp\/v2\/posts\/63476\/revisions\/63478"}],"wp:featuredmedia":[{"embeddable":true,"href":"https:\/\/losperiodistas.com.mx\/portal\/wp-json\/wp\/v2\/media\/63477"}],"wp:attachment":[{"href":"https:\/\/losperiodistas.com.mx\/portal\/wp-json\/wp\/v2\/media?parent=63476"}],"wp:term":[{"taxonomy":"category","embeddable":true,"href":"https:\/\/losperiodistas.com.mx\/portal\/wp-json\/wp\/v2\/categories?post=63476"},{"taxonomy":"post_tag","embeddable":true,"href":"https:\/\/losperiodistas.com.mx\/portal\/wp-json\/wp\/v2\/tags?post=63476"}],"curies":[{"name":"wp","href":"https:\/\/api.w.org\/{rel}","templated":true}]}}