{"id":63471,"date":"2023-11-22T08:23:20","date_gmt":"2023-11-22T14:23:20","guid":{"rendered":"http:\/\/losperiodistas.com.mx\/portal\/?p=63471"},"modified":"2023-11-22T08:23:22","modified_gmt":"2023-11-22T14:23:22","slug":"monologos-de-menade-y-los-jovenes-apa","status":"publish","type":"post","link":"https:\/\/losperiodistas.com.mx\/portal\/monologos-de-menade-y-los-jovenes-apa\/","title":{"rendered":"Mon\u00f3logos de M\u00e9nade | \u00bfY los j\u00f3venes, \u2018ap\u00e1?"},"content":{"rendered":"\n<figure class=\"wp-block-image size-large is-style-default\"><img fetchpriority=\"high\" decoding=\"async\" width=\"1024\" height=\"576\" src=\"https:\/\/losperiodistas.com.mx\/portal\/wp-content\/uploads\/2023\/11\/Y-los-jovenes-apa-1024x576.jpg\" alt=\"\" class=\"wp-image-63472\" srcset=\"https:\/\/losperiodistas.com.mx\/portal\/wp-content\/uploads\/2023\/11\/Y-los-jovenes-apa-1024x576.jpg 1024w, https:\/\/losperiodistas.com.mx\/portal\/wp-content\/uploads\/2023\/11\/Y-los-jovenes-apa-300x169.jpg 300w, https:\/\/losperiodistas.com.mx\/portal\/wp-content\/uploads\/2023\/11\/Y-los-jovenes-apa-768x432.jpg 768w, https:\/\/losperiodistas.com.mx\/portal\/wp-content\/uploads\/2023\/11\/Y-los-jovenes-apa.jpg 1200w\" sizes=\"(max-width: 1024px) 100vw, 1024px\" \/><\/figure>\n\n\n\n<p><\/p>\n\n\n\n<p class=\"has-vivid-red-color has-text-color\" style=\"font-size:26px\"><strong><em>Por Itandehui Rodr\u00edguez Mart\u00ednez<\/em><\/strong><\/p>\n\n\n\n<p>@Itandehui_RoMa<\/p>\n\n\n\n<p>En Puebla, tenemos el quinto listado nominal m\u00e1s grande del pa\u00eds, 4.8 millones de poblanos podremos votar el siguiente a\u00f1o. El dato que me interesa que analicemos hoy es \u00bfy los j\u00f3venes, \u2018ap\u00e1?<\/p>\n\n\n\n<p>Por la hora en la que redacto este texto, no me dio tiempo de calcular la proyecci\u00f3n de crecimiento del universo de j\u00f3venes, pero supongamos que tenemos los mismos datos de 2021. En ese a\u00f1o votaron el 64.7% de los j\u00f3venes de 18 a\u00f1os, aunque esta tendencia no se mantuvo entre los de 19 a 34.<\/p>\n\n\n\n<p>L\u00e9ase, hubo una euforia entre las y los primeros votantes.<\/p>\n\n\n\n<p>A\u00fan as\u00ed, la poblaci\u00f3n de entre 18 y 34 a\u00f1os que particip\u00f3 fue del 53%.<\/p>\n\n\n\n<p>Si los j\u00f3venes componen el 33% de la poblaci\u00f3n con derecho a votar y ser votados, podemos estimar, as\u00ed, a \u2018ojo de buen cubero\u2019, que en Puebla hay cerca de 1.58 millones de j\u00f3venes en la Lista Nominal.<\/p>\n\n\n\n<p>Ahora que sabemos de qu\u00e9 universo estamos analizando y considerando que saliera el 64.7% de ellos a votar, como en 2021, 1 mill\u00f3n de j\u00f3venes podr\u00eda tachar una boleta el pr\u00f3ximo a\u00f1o, aunque un d\u00eda con m\u00e1s calmita, har\u00e9 mis n\u00fameros y les garantizo que ser\u00e1n m\u00e1s, pero mientras tanto\u2026<\/p>\n\n\n\n<p>\u00a1UN MILL\u00d3N DE J\u00d3VENES!<\/p>\n\n\n\n<p>\u00bfLos aspirantes en Puebla a la candidatura que gusten y manden, del lugar que gusten y manden, saben lo que este segmento quiere?<\/p>\n\n\n\n<p>\u00bfSaben comunicarles?<\/p>\n\n\n\n<p>\u00bfEntienden realmente el valor y la importancia de establecer un di\u00e1logo con ellos?<\/p>\n\n\n\n<p>Yo creo que no.<\/p>\n\n\n\n<p>Lo que es un hecho es que, de all\u00e1, del norte de este pa\u00eds, sali\u00f3 ya una pareja de j\u00f3venes.<\/p>\n\n\n\n<p>Esta pareja ya entendi\u00f3 de qu\u00e9 se trata este juego.<\/p>\n\n\n\n<p>Un matrimonio vestido de naranja y con tenis fosfo-fosfo, montados en un Tesla y acompa\u00f1ados de una batucada para hacer campa\u00f1a.<\/p>\n\n\n\n<p>Se llaman Samuel Garc\u00eda y Mariana Rodr\u00edguez.<\/p>\n\n\n\n<figure class=\"wp-block-embed is-type-rich is-provider-twitter wp-block-embed-twitter\"><div class=\"wp-block-embed__wrapper\">\nhttps:\/\/twitter.com\/MLopezSanMartin\/status\/1726742430114783468?ref_src=twsrc%5Etfw%7Ctwcamp%5Etweetembed%7Ctwterm%5E1726742430114783468%7Ctwgr%5Ebedbeb4164eb9f9ed7de8675c2648926cd644add%7Ctwcon%5Es1_c10&#038;ref_url=https%3A%2F%2Fwww.apartadomex.com%2Fopinion%2Fmonologos-de-menade%2Fy-los-jovenes-apa%2F25102%2F\n<\/div><\/figure>\n\n\n\n<p>Disruptivos, irreverentes, que saben para qu\u00e9 sirven las redes sociales, que les dedican suficiente tiempo porque entienden que el contenido que se viraliza hace que su alcance aumente y les reduce el tiempo en tierra.<\/p>\n\n\n\n<p>Adem\u00e1s, se venden como una pareja que predica con el ejemplo.<\/p>\n\n\n\n<p>Que para demostrar que abrazan las nuevas tecnolog\u00edas y que son amigos del medio ambiente, viajan en un Tesla. De esa f\u00e1brica no hay una sola piedra puesta, no hay nada material a\u00fan, ni beneficios palpables, pero, a pesar de los retrasos, ya lo \u201ccacaraquean\u201d como un \u00e9xito.<\/p>\n\n\n\n<p>Son dos j\u00f3venes que se hacen acompa\u00f1ar de una batucada y de \u2018zanqueros\u2019 porque los j\u00f3venes son escandalosos por naturaleza y ellos lo son.<\/p>\n\n\n\n<p>No est\u00e1n comunicando mucho m\u00e1s all\u00e1 de lo que ellos representan, porque entendieron la importancia de vender sus marcas personales y su marca como pareja. \u00a1Ah! Y por si fuera poco, cargan con una beb\u00e9.<\/p>\n\n\n\n<p>\u00bfQu\u00e9 est\u00e1n proponiendo? Todav\u00eda nada y seguramente las agendas que aborden ser\u00e1n irrealizables, como mucho de lo que prometi\u00f3 Samuel en Nuevo Le\u00f3n.<\/p>\n\n\n\n<p>Deber\u00edas leer:&nbsp;<a href=\"https:\/\/www.apartadomex.com\/opinion\/monologos-de-menade\/persistir-resistir-y-nunca-desistir-la-historia-de-pepe-chedraui\/24995\/\">Persistir, resistir y nunca desistir: \u00bfla historia de Pepe Chedraui?<\/a><\/p>\n\n\n\n<p>\u00bfTienen negativos? Todos los del mundo, Nuevo Le\u00f3n est\u00e1 \u201cpatas arriba\u201d, recordemos que hasta la designaci\u00f3n del gobernador interino fue todo un caos, pero nadie se acuerda de eso.<\/p>\n\n\n\n<p>\u00bfPor qu\u00e9? Porque Mariana y Samuel ya salieron con los tenis, con el Tesla y con la batucada. \u00a1Ah! Y con la beb\u00e9.<\/p>\n\n\n\n<p>\u00bfPor qu\u00e9? Porque Mariana y Samuel ya salieron con los tenis, con el Tesla y con la batucada. \u00a1Ah! Y con la beb\u00e9.<\/p>\n\n\n\n<p>\u00bfSer\u00e1 que se est\u00e1n vendiendo como Mar\u00eda y Jos\u00e9 con Jes\u00fas en brazos, viajando en el lomo del burro?<\/p>\n\n\n\n<p>Lo que van a obsequiarnos, adem\u00e1s de ataques a X\u00f3chitl G\u00e1lvez, ser\u00e1n sus marcas personales, su marca como pareja y la imagen de su hija.<\/p>\n\n\n\n<p>Vicente Fox se vendi\u00f3 como marca. Nadie se acuerda de las promesas, pero s\u00ed de \u201cPresichente\u201d y del \u201c\u00a1Hoy! \u00a1Hoy! \u00a1Hoy!\u201d.<\/p>\n\n\n\n<p>Enrique Pe\u00f1a Nieto tambi\u00e9n fue una marca. Nadie se acuerda de las promesas, pero s\u00ed de que se vendi\u00f3 como el candidato de la uni\u00f3n con su \u201ces momento de M\u00e9xico\u201d. Y bueno\u2026 adem\u00e1s como \u201cPe\u00f1a beb\u00e9\u201d, \u201cPe\u00f1a bomb\u00f3n\u201d, \u201cLord Pe\u00f1a\u201d o \u201cTlatoani\u201d.<\/p>\n\n\n\n<p>Barack Obama fue una marca. \u00bfQu\u00e9 propuso? \u00a1Qui\u00e9n sabe! Pero se vendi\u00f3 como la representaci\u00f3n del cambio, la esperanza y la rebeld\u00eda ante los poderes f\u00e1cticos\u2026 Porque \u2018afroislamicodescendiente\u2019.<\/p>\n\n\n\n<p>Justin Trudeau es una marca. \u00bfC\u00f3mo se vendi\u00f3? Como \u201cla esperanza joven\u201d. Y no se limit\u00f3 a un slogan, se convirti\u00f3 en eso al conformar, entre otras cosas, un gabinete como nunca se hab\u00eda visto en Canad\u00e1 y muchas cosas m\u00e1s\u2026 luego se \u2018ching\u00f3\u2019 la rodilla, pero esa es otra historia.<\/p>\n\n\n\n<p>\u00bfQu\u00e9 tienen en com\u00fan todos? \u00a1Supieron crear una marca personal! El dicho \u201cbranding\u201d que le llaman. &nbsp;<\/p>\n\n\n\n<p>El punto es\u2026 \u00bfy qu\u00e9 quieren los j\u00f3venes, \u2018ap\u00e1? Es probablemente una pregunta sin respuesta.<\/p>\n\n\n\n<p>Pero\u2026 \u00bfYa entendimos m\u00e1s o menos por d\u00f3nde va el asunto para conectar con ese mill\u00f3n de electores que va a salir a votar en el estado de Puebla? \u00a1Y con las y los dem\u00e1s electores!<\/p>\n\n\n\n<p>A m\u00ed me parece sencillo, pero es muy dif\u00edcil que las personas pol\u00edticas, seguras de que basta con hablarle al c\u00edrculo rojo, se detengan a pensar en esto. &nbsp;<\/p>\n\n\n\n<p>Mientras tanto, observemos c\u00f3mo Mariana y Samuel, sin mensaje de fondo y con propuestas que seguramente parecer\u00e1n salidas de una chistera, desfondan a la oposici\u00f3n.<\/p>\n\n\n\n<p><\/p>\n","protected":false},"excerpt":{"rendered":"<p>Por Itandehui Rodr\u00edguez Mart\u00ednez @Itandehui_RoMa En Puebla, tenemos el quinto listado nominal m\u00e1s grande del pa\u00eds, 4.8 millones de poblanos [&hellip;]<\/p>\n","protected":false},"author":1,"featured_media":63472,"comment_status":"open","ping_status":"open","sticky":false,"template":"","format":"standard","meta":{"site-sidebar-layout":"default","site-content-layout":"","ast-site-content-layout":"default","site-content-style":"default","site-sidebar-style":"default","ast-global-header-display":"","ast-banner-title-visibility":"","ast-main-header-display":"","ast-hfb-above-header-display":"","ast-hfb-below-header-display":"","ast-hfb-mobile-header-display":"","site-post-title":"","ast-breadcrumbs-content":"","ast-featured-img":"","footer-sml-layout":"","theme-transparent-header-meta":"","adv-header-id-meta":"","stick-header-meta":"","header-above-stick-meta":"","header-main-stick-meta":"","header-below-stick-meta":"","astra-migrate-meta-layouts":"default","ast-page-background-enabled":"default","ast-page-background-meta":{"desktop":{"background-color":"var(--ast-global-color-4)","background-image":"","background-repeat":"repeat","background-position":"center center","background-size":"auto","background-attachment":"scroll","background-type":"","background-media":"","overlay-type":"","overlay-color":"","overlay-opacity":"","overlay-gradient":""},"tablet":{"background-color":"","background-image":"","background-repeat":"repeat","background-position":"center center","background-size":"auto","background-attachment":"scroll","background-type":"","background-media":"","overlay-type":"","overlay-color":"","overlay-opacity":"","overlay-gradient":""},"mobile":{"background-color":"","background-image":"","background-repeat":"repeat","background-position":"center center","background-size":"auto","background-attachment":"scroll","background-type":"","background-media":"","overlay-type":"","overlay-color":"","overlay-opacity":"","overlay-gradient":""}},"ast-content-background-meta":{"desktop":{"background-color":"var(--ast-global-color-5)","background-image":"","background-repeat":"repeat","background-position":"center center","background-size":"auto","background-attachment":"scroll","background-type":"","background-media":"","overlay-type":"","overlay-color":"","overlay-opacity":"","overlay-gradient":""},"tablet":{"background-color":"var(--ast-global-color-5)","background-image":"","background-repeat":"repeat","background-position":"center center","background-size":"auto","background-attachment":"scroll","background-type":"","background-media":"","overlay-type":"","overlay-color":"","overlay-opacity":"","overlay-gradient":""},"mobile":{"background-color":"var(--ast-global-color-5)","background-image":"","background-repeat":"repeat","background-position":"center center","background-size":"auto","background-attachment":"scroll","background-type":"","background-media":"","overlay-type":"","overlay-color":"","overlay-opacity":"","overlay-gradient":""}},"footnotes":""},"categories":[8,22],"tags":[20489,5486,19811],"class_list":["post-63471","post","type-post","status-publish","format-standard","has-post-thumbnail","hentry","category-noticias","category-opinion-invitada","tag-el-voto-de-los-jovenes","tag-elecciones-2024","tag-samuel-garcia"],"_links":{"self":[{"href":"https:\/\/losperiodistas.com.mx\/portal\/wp-json\/wp\/v2\/posts\/63471","targetHints":{"allow":["GET"]}}],"collection":[{"href":"https:\/\/losperiodistas.com.mx\/portal\/wp-json\/wp\/v2\/posts"}],"about":[{"href":"https:\/\/losperiodistas.com.mx\/portal\/wp-json\/wp\/v2\/types\/post"}],"author":[{"embeddable":true,"href":"https:\/\/losperiodistas.com.mx\/portal\/wp-json\/wp\/v2\/users\/1"}],"replies":[{"embeddable":true,"href":"https:\/\/losperiodistas.com.mx\/portal\/wp-json\/wp\/v2\/comments?post=63471"}],"version-history":[{"count":1,"href":"https:\/\/losperiodistas.com.mx\/portal\/wp-json\/wp\/v2\/posts\/63471\/revisions"}],"predecessor-version":[{"id":63473,"href":"https:\/\/losperiodistas.com.mx\/portal\/wp-json\/wp\/v2\/posts\/63471\/revisions\/63473"}],"wp:featuredmedia":[{"embeddable":true,"href":"https:\/\/losperiodistas.com.mx\/portal\/wp-json\/wp\/v2\/media\/63472"}],"wp:attachment":[{"href":"https:\/\/losperiodistas.com.mx\/portal\/wp-json\/wp\/v2\/media?parent=63471"}],"wp:term":[{"taxonomy":"category","embeddable":true,"href":"https:\/\/losperiodistas.com.mx\/portal\/wp-json\/wp\/v2\/categories?post=63471"},{"taxonomy":"post_tag","embeddable":true,"href":"https:\/\/losperiodistas.com.mx\/portal\/wp-json\/wp\/v2\/tags?post=63471"}],"curies":[{"name":"wp","href":"https:\/\/api.w.org\/{rel}","templated":true}]}}