{"id":63369,"date":"2023-11-21T06:34:19","date_gmt":"2023-11-21T12:34:19","guid":{"rendered":"http:\/\/losperiodistas.com.mx\/portal\/?p=63369"},"modified":"2023-11-21T06:34:21","modified_gmt":"2023-11-21T12:34:21","slug":"chedraui-abdala-y-elisa-molina-se-registran-por-la-alcaldia-de-puebla-e-consulta","status":"publish","type":"post","link":"https:\/\/losperiodistas.com.mx\/portal\/chedraui-abdala-y-elisa-molina-se-registran-por-la-alcaldia-de-puebla-e-consulta\/","title":{"rendered":"Chedraui, Abdala y Elisa Molina se registran por la alcald\u00eda de Puebla | e-consulta"},"content":{"rendered":"\n<p class=\"has-medium-font-size\">Se espera que este martes tambi\u00e9n hagan lo propio Gabriel Biestro, Alejandro Carvajal, Iv\u00e1n Herrera y Nora Merino, entre otros<\/p>\n\n\n\n<figure class=\"wp-block-image size-full is-style-default\"><img fetchpriority=\"high\" decoding=\"async\" width=\"640\" height=\"426\" src=\"https:\/\/losperiodistas.com.mx\/portal\/wp-content\/uploads\/2023\/11\/chedraui_abdala_y_elisa_molina_se_registran_por_la_alcaldia_de_puebla_0.jpg\" alt=\"\" class=\"wp-image-63370\" srcset=\"https:\/\/losperiodistas.com.mx\/portal\/wp-content\/uploads\/2023\/11\/chedraui_abdala_y_elisa_molina_se_registran_por_la_alcaldia_de_puebla_0.jpg 640w, https:\/\/losperiodistas.com.mx\/portal\/wp-content\/uploads\/2023\/11\/chedraui_abdala_y_elisa_molina_se_registran_por_la_alcaldia_de_puebla_0-300x200.jpg 300w\" sizes=\"(max-width: 640px) 100vw, 640px\" \/><figcaption>Foto \/ Especial<\/figcaption><\/figure>\n\n\n\n<p class=\"has-vivid-red-color has-text-color has-medium-font-size\"><strong>ANAID PI\u00d1AS \/ E-CONSULTA<\/strong><\/p>\n\n\n\n<p>De los m\u00e1s de 10 perfiles del Movimiento Regeneraci\u00f3n Nacional (<strong>Morena<\/strong>), el Partido del Trabajo (<strong>PT<\/strong>) y el Verde Ecologista de M\u00e9xico (<strong>PVEM<\/strong>), hasta el momento&nbsp;<strong>s\u00f3lo tres se han registrado<\/strong>&nbsp;para contender de forma interna por la&nbsp;<strong>presidencia municipal de Puebla<\/strong>.<\/p>\n\n\n\n<p>Se trata del exdelegado de Bienestar,\u00a0<strong>Rodrigo Abdala Dart\u00edgues<\/strong>; la regidora municipal\u00a0<strong>Elisa Molina Rivera<\/strong>, y el empresario expriista\u00a0<strong>Jos\u00e9 Chedraui Budib<\/strong>, quienes han hecho p\u00fablico su registro en redes sociales.<\/p>\n\n\n\n<p>De acuerdo con la convocatoria publicada el 8 de noviembre, quienes est\u00e9n interesados en una&nbsp;<strong>alcald\u00eda<\/strong>,&nbsp;<strong>diputaci\u00f3n local<\/strong>,&nbsp;<strong>sindicatura<\/strong>&nbsp;o&nbsp;<strong>regidur\u00eda<\/strong>&nbsp;tienen del&nbsp;<strong>20 al 22 de<\/strong>&nbsp;<strong>noviembre<\/strong>&nbsp;para registrarse.<\/p>\n\n\n\n<p>Al igual que en el proceso de designaci\u00f3n de la candidatura a la&nbsp;<strong>gubernatura por Morena<\/strong>, la evaluaci\u00f3n de los perfiles estar\u00e1 a cargo de la&nbsp;<strong>Comisi\u00f3n Nacional de Elecciones<\/strong>&nbsp;y el&nbsp;<strong>3 de enero<\/strong>&nbsp;de 2024 dar\u00e1 a conocer las&nbsp;<strong>solicitudes aprobadas<\/strong>.<\/p>\n\n\n\n<p>Te puede interesar:<\/p>\n\n\n\n<p><a href=\"https:\/\/www.e-consulta.com\/nota\/2023-11-20\/elecciones\/mi-verdadero-gallo-es-puebla-declara-sergio-salomon-de-cara-al-2024\">\u201cMi verdadero gallo es Puebla\u201d, declara Sergio Salom\u00f3n de cara al 2024<\/a><\/p>\n\n\n\n<p>Se espera que en las pr\u00f3ximas horas se puedan inscribir otros cuadros que ya han manifestado su intenci\u00f3n por el cargo, como el secretario del Trabajo,&nbsp;<strong>Gabriel Biestro Medinilla<\/strong>; el diputado federal&nbsp;<strong>Alejandro Carvajal Hidalgo<\/strong>, o los diputados locales&nbsp;<strong>Iv\u00e1n Herrera Villag\u00f3mez<\/strong>,&nbsp;<strong>Antonio L\u00f3pez Ruiz<\/strong>,&nbsp;<strong>Nora Merino Escamilla<\/strong>.<\/p>\n\n\n\n<h2 class=\"wp-block-heading\"><strong>Se registran los primeros tres interesados<\/strong><\/h2>\n\n\n\n<p><strong>Abdala Dartigues fue el primero en hacer p\u00fablico su registro<\/strong>\u00a0para buscar la candidatura a la alcald\u00eda de Puebla, seg\u00fan public\u00f3 en redes sociales. Se\u00f1al\u00f3 que se inscribi\u00f3 en el proceso interno durante las primeras horas de este lunes 20 de noviembre.<\/p>\n\n\n\n<figure class=\"wp-block-embed is-type-rich is-provider-twitter wp-block-embed-twitter\"><div class=\"wp-block-embed__wrapper\">\n<blockquote class=\"twitter-tweet\" data-width=\"500\" data-dnt=\"true\"><p lang=\"es\" dir=\"ltr\">\u00a1La transformaci\u00f3n llegar\u00e1 a la ciudad de <a href=\"https:\/\/twitter.com\/hashtag\/Puebla?src=hash&amp;ref_src=twsrc%5Etfw\">#Puebla<\/a>! As\u00ed como nosotros, hace m\u00e1s de 100 a\u00f1os, unos poblanos de apellido Serd\u00e1n respondieron al llamado de la democracia y y aqu\u00ed en la capital sentaron las bases de la <a href=\"https:\/\/twitter.com\/hashtag\/Revoluci%C3%B3nMexicana?src=hash&amp;ref_src=twsrc%5Etfw\">#Revoluci\u00f3nMexicana<\/a>. Juntos tomaremos las riendas de nuestra\u2026 <a href=\"https:\/\/t.co\/DgurqtUs4q\">pic.twitter.com\/DgurqtUs4q<\/a><\/p>&mdash; Rodrigo Abdala (@RodrigoAbdalaD) <a href=\"https:\/\/twitter.com\/RodrigoAbdalaD\/status\/1726656831156609353?ref_src=twsrc%5Etfw\">November 20, 2023<\/a><\/blockquote><script async src=\"https:\/\/platform.twitter.com\/widgets.js\" charset=\"utf-8\"><\/script>\n<\/div><\/figure>\n\n\n\n<p>\u00abHace unos momentos me acabo de inscribir como&nbsp;<strong>aspirante a precandidato de Morena<\/strong>&nbsp;a la presidencia municipal de Puebla. Mi visi\u00f3n de un mejor municipio tiene como base la esperanza del trabajo de todos, as\u00ed como los valores de la Cuarta Transformaci\u00f3n\u00bb, indic\u00f3 en su video.<\/p>\n\n\n\n<p>El exdelegado de Bienestar tambi\u00e9n particip\u00f3 en el proceso interno de Morena por la Coordinaci\u00f3n de la Defensa de la Transformaci\u00f3n en Puebla y&nbsp;<strong>lleg\u00f3 a la \u00faltima etapa<\/strong>; sin embargo, el senador&nbsp;<strong>Alejandro Armenta Mier<\/strong>&nbsp;result\u00f3 ganador al ser el perfil mejor evaluado.<\/p>\n\n\n\n<p>El segundo fue el empresario\u00a0<strong>Jos\u00e9 Chedraui Budib<\/strong>, quien le cerr\u00f3 la puerta al Revolucionario Instruccional (PRI) y al Frente Amplio por Puebla para participar de la mano de Morena en la\u00a0<strong>elecci\u00f3n de 2024<\/strong>\u00a0<strong>en Puebla<\/strong>.<\/p>\n\n\n\n<figure class=\"wp-block-embed is-type-rich is-provider-twitter wp-block-embed-twitter\"><div class=\"wp-block-embed__wrapper\">\nhttps:\/\/twitter.com\/pepechedrauimx\/status\/1726755965221896344?ref_src=twsrc%5Etfw%7Ctwcamp%5Etweetembed%7Ctwterm%5E1726755965221896344%7Ctwgr%5Ec23ce34aabfa0b3d5b70871da96fa3b34b0d092b%7Ctwcon%5Es1_c10&#038;ref_url=https%3A%2F%2Fwww.e-consulta.com%2Fnota%2F2023-11-20%2Felecciones%2Fchedraui-abdala-y-elisa-molina-se-registran-por-la-alcaldia-de-puebla\n<\/div><\/figure>\n\n\n\n<p>Se\u00f1al\u00f3 que m\u00e1s all\u00e1 de un tr\u00e1mite, sus acciones formaban parte del \u201cprimer paso para iniciar la transformaci\u00f3n a una Puebla del futuro\u201d y record\u00f3 que entre sus prioridades estar\u00e1 atender temas como la corrupci\u00f3n y la inseguridad.<\/p>\n\n\n\n<p>\u201cDurante a\u00f1os hemos trabajado por esta ciudad que no tengo duda, es un lugar de hombres y mujeres imparables (\u2026). \u00a1Vamos juntos! Vamos en unidad con los ideales de @\u200clopezobrador_ y @\u200cClaudiashein \u00a1Vamos por #Puebla!\u201d, escribi\u00f3 en su cuenta de X.<\/p>\n\n\n\n<p>La \u00faltima en hacerlo fue la regidora municipal\u00a0<strong>Elisa Molina Rivera<\/strong>\u00a0quien aunque no realiz\u00f3 un anuncio p\u00fablico sobre su registro, \u00e9ste fue confirmado por su equipo de trabajo. Ella anunci\u00f3 su decisi\u00f3n de participar reci\u00e9n el\u00a0<strong>domingo 19 de noviembre<\/strong>.<\/p>\n\n\n\n<figure class=\"wp-block-embed is-type-rich is-provider-twitter wp-block-embed-twitter\"><div class=\"wp-block-embed__wrapper\">\n<blockquote class=\"twitter-tweet\" data-width=\"500\" data-dnt=\"true\"><p lang=\"es\" dir=\"ltr\">Denunciamos que hace unos momentos el regidor panista Miguel \u00c1ngel De Jes\u00fas Mantilla Mart\u00ednez nos agredi\u00f3 f\u00edsica y verbalmente a mi persona y a uno de mis colaboradores.<br><br>La violencia al interior del <a href=\"https:\/\/twitter.com\/PueblaAyto?ref_src=twsrc%5Etfw\">@PueblaAyto<\/a> ha escalado. No permitiremos m\u00e1s abusos. <a href=\"https:\/\/t.co\/3eWAGqatf3\">pic.twitter.com\/3eWAGqatf3<\/a><\/p>&mdash; Regidora Elisa Molina (@ElisaMRegidora) <a href=\"https:\/\/twitter.com\/ElisaMRegidora\/status\/1725587532195188968?ref_src=twsrc%5Etfw\">November 17, 2023<\/a><\/blockquote><script async src=\"https:\/\/platform.twitter.com\/widgets.js\" charset=\"utf-8\"><\/script>\n<\/div><\/figure>\n\n\n\n<p>Hace unos d\u00edas, la trabajadora del Ayuntamiento de Puebla denunci\u00f3 los presuntos actos de discriminaci\u00f3n y violencia contra las&nbsp;<strong>personas LGBTTTIQ+<\/strong>&nbsp;que sufri\u00f3 personal a su cargo, as\u00ed como&nbsp;<strong>agresiones en su contra<\/strong>&nbsp;cometidas por su compa\u00f1ero de Cabildo,&nbsp;<a href=\"https:\/\/www.e-consulta.com\/nota\/2023-11-20\/sociedad\/cespedes-y-rivera-reprueban-discurso-homofobico-del-regidor-angel-mantilla\"><strong>Miguel \u00c1ngel De Jes\u00fas Mantilla Mart\u00ednez<\/strong><\/a>.<\/p>\n\n\n\n<h2 class=\"wp-block-heading\"><strong>Los que se registrar\u00e1n en los pr\u00f3ximos d\u00edas<\/strong><\/h2>\n\n\n\n<p>Entre los funcionarios, legisladores y militantes de izquierda que confirmaron su participaci\u00f3n, pero no han hecho p\u00fablico su registro se encuentran el secretario del Trabajo,&nbsp;<strong>Gabriel Biestro Medinilla<\/strong>; los diputados locales Iv\u00e1n Herrera Villag\u00f3mez, Antonio L\u00f3pez Ruiz, Nora Merino Escamilla.<\/p>\n\n\n\n<p>Tambi\u00e9n el regidor\u00a0<strong>Leobardo Rodr\u00edguez Ju\u00e1rez<\/strong>\u00a0y el exlegislador local perredista\u00a0<strong>Antonio Gali L\u00f3pez<\/strong>, quien representar\u00e1 al PVEM. Este \u00faltimo particip\u00f3 en el\u00a0<strong>proceso de selecci\u00f3n de Morena<\/strong>\u00a0a la gubernatura de Puebla, pero decidi\u00f3 declinar en una etapa previa a la designaci\u00f3n de los finalistas.<\/p>\n\n\n\n<p>Tampoco se ha descartado la participaci\u00f3n de otras aspirantes a la Coordinaci\u00f3n estatal de la Defensa de la Cuarta Transformaci\u00f3n: la exalcaldesa de Puebla,&nbsp;<strong>Claudia Rivera Vivanco<\/strong>, y la exsecretaria de Econom\u00eda,&nbsp;<strong>Olivia Salom\u00f3n Vivaldo<\/strong>.<\/p>\n\n\n\n<p>Este martes 21 de noviembre el diputado federal\u00a0<strong>Alejandro Carvajal Hidalgo<\/strong>, y el empresario\u00a0<strong>Alex Cruz Olivera<\/strong>\u00a0har\u00e1n su registro durante un encuentro con medios de comunicaci\u00f3n. El legislador lo har\u00e1 a las 9:30 horas en la Fuente de los Frailes; el otro interesado a las 14:00 horas en la colonia La Paz. (<strong>EG<\/strong>).<\/p>\n\n\n\n<p>Fuente: <a href=\"https:\/\/www.e-consulta.com\/nota\/2023-11-20\/elecciones\/chedraui-abdala-y-elisa-molina-se-registran-por-la-alcaldia-de-puebla\">https:\/\/www.e-consulta.com\/nota\/2023-11-20\/elecciones\/chedraui-abdala-y-elisa-molina-se-registran-por-la-alcaldia-de-puebla<\/a><\/p>\n","protected":false},"excerpt":{"rendered":"<p>Se espera que este martes tambi\u00e9n hagan lo propio Gabriel Biestro, Alejandro Carvajal, Iv\u00e1n Herrera y Nora Merino, entre otros [&hellip;]<\/p>\n","protected":false},"author":1,"featured_media":63370,"comment_status":"open","ping_status":"open","sticky":false,"template":"","format":"standard","meta":{"site-sidebar-layout":"default","site-content-layout":"","ast-site-content-layout":"default","site-content-style":"default","site-sidebar-style":"default","ast-global-header-display":"","ast-banner-title-visibility":"","ast-main-header-display":"","ast-hfb-above-header-display":"","ast-hfb-below-header-display":"","ast-hfb-mobile-header-display":"","site-post-title":"","ast-breadcrumbs-content":"","ast-featured-img":"","footer-sml-layout":"","theme-transparent-header-meta":"","adv-header-id-meta":"","stick-header-meta":"","header-above-stick-meta":"","header-main-stick-meta":"","header-below-stick-meta":"","astra-migrate-meta-layouts":"default","ast-page-background-enabled":"default","ast-page-background-meta":{"desktop":{"background-color":"var(--ast-global-color-4)","background-image":"","background-repeat":"repeat","background-position":"center center","background-size":"auto","background-attachment":"scroll","background-type":"","background-media":"","overlay-type":"","overlay-color":"","overlay-opacity":"","overlay-gradient":""},"tablet":{"background-color":"","background-image":"","background-repeat":"repeat","background-position":"center center","background-size":"auto","background-attachment":"scroll","background-type":"","background-media":"","overlay-type":"","overlay-color":"","overlay-opacity":"","overlay-gradient":""},"mobile":{"background-color":"","background-image":"","background-repeat":"repeat","background-position":"center center","background-size":"auto","background-attachment":"scroll","background-type":"","background-media":"","overlay-type":"","overlay-color":"","overlay-opacity":"","overlay-gradient":""}},"ast-content-background-meta":{"desktop":{"background-color":"var(--ast-global-color-5)","background-image":"","background-repeat":"repeat","background-position":"center center","background-size":"auto","background-attachment":"scroll","background-type":"","background-media":"","overlay-type":"","overlay-color":"","overlay-opacity":"","overlay-gradient":""},"tablet":{"background-color":"var(--ast-global-color-5)","background-image":"","background-repeat":"repeat","background-position":"center center","background-size":"auto","background-attachment":"scroll","background-type":"","background-media":"","overlay-type":"","overlay-color":"","overlay-opacity":"","overlay-gradient":""},"mobile":{"background-color":"var(--ast-global-color-5)","background-image":"","background-repeat":"repeat","background-position":"center center","background-size":"auto","background-attachment":"scroll","background-type":"","background-media":"","overlay-type":"","overlay-color":"","overlay-opacity":"","overlay-gradient":""}},"footnotes":""},"categories":[8],"tags":[15580,5486,725,14193,1928],"class_list":["post-63369","post","type-post","status-publish","format-standard","has-post-thumbnail","hentry","category-noticias","tag-rodrigoabdala","tag-elecciones-2024","tag-morena-puebla","tag-pepe-chedraui","tag-puebla-capital"],"_links":{"self":[{"href":"https:\/\/losperiodistas.com.mx\/portal\/wp-json\/wp\/v2\/posts\/63369","targetHints":{"allow":["GET"]}}],"collection":[{"href":"https:\/\/losperiodistas.com.mx\/portal\/wp-json\/wp\/v2\/posts"}],"about":[{"href":"https:\/\/losperiodistas.com.mx\/portal\/wp-json\/wp\/v2\/types\/post"}],"author":[{"embeddable":true,"href":"https:\/\/losperiodistas.com.mx\/portal\/wp-json\/wp\/v2\/users\/1"}],"replies":[{"embeddable":true,"href":"https:\/\/losperiodistas.com.mx\/portal\/wp-json\/wp\/v2\/comments?post=63369"}],"version-history":[{"count":1,"href":"https:\/\/losperiodistas.com.mx\/portal\/wp-json\/wp\/v2\/posts\/63369\/revisions"}],"predecessor-version":[{"id":63371,"href":"https:\/\/losperiodistas.com.mx\/portal\/wp-json\/wp\/v2\/posts\/63369\/revisions\/63371"}],"wp:featuredmedia":[{"embeddable":true,"href":"https:\/\/losperiodistas.com.mx\/portal\/wp-json\/wp\/v2\/media\/63370"}],"wp:attachment":[{"href":"https:\/\/losperiodistas.com.mx\/portal\/wp-json\/wp\/v2\/media?parent=63369"}],"wp:term":[{"taxonomy":"category","embeddable":true,"href":"https:\/\/losperiodistas.com.mx\/portal\/wp-json\/wp\/v2\/categories?post=63369"},{"taxonomy":"post_tag","embeddable":true,"href":"https:\/\/losperiodistas.com.mx\/portal\/wp-json\/wp\/v2\/tags?post=63369"}],"curies":[{"name":"wp","href":"https:\/\/api.w.org\/{rel}","templated":true}]}}