{"id":63233,"date":"2023-11-19T05:52:36","date_gmt":"2023-11-19T11:52:36","guid":{"rendered":"http:\/\/losperiodistas.com.mx\/portal\/?p=63233"},"modified":"2023-11-19T05:52:38","modified_gmt":"2023-11-19T11:52:38","slug":"frente-amplio-por-puebla-buscan-ir-juntos-en-75-municipios-oem","status":"publish","type":"post","link":"https:\/\/losperiodistas.com.mx\/portal\/frente-amplio-por-puebla-buscan-ir-juntos-en-75-municipios-oem\/","title":{"rendered":"Frente Amplio por Puebla buscan ir juntos en 75 municipios | OEM"},"content":{"rendered":"\n<h3 class=\"has-medium-font-size wp-block-heading\">La lista de estos 75 municipios est\u00e1 conformada por cabeceras de distrito o municipios con m\u00e1s de 40 mil habitantes<\/h3>\n\n\n\n<figure class=\"wp-block-image size-large is-style-default\"><img fetchpriority=\"high\" decoding=\"async\" width=\"1024\" height=\"697\" src=\"https:\/\/losperiodistas.com.mx\/portal\/wp-content\/uploads\/2023\/11\/Captura-de-Pantalla-2023-11-19-a-las-5.47.10-1024x697.jpg\" alt=\"\" class=\"wp-image-63234\" srcset=\"https:\/\/losperiodistas.com.mx\/portal\/wp-content\/uploads\/2023\/11\/Captura-de-Pantalla-2023-11-19-a-las-5.47.10-1024x697.jpg 1024w, https:\/\/losperiodistas.com.mx\/portal\/wp-content\/uploads\/2023\/11\/Captura-de-Pantalla-2023-11-19-a-las-5.47.10-300x204.jpg 300w, https:\/\/losperiodistas.com.mx\/portal\/wp-content\/uploads\/2023\/11\/Captura-de-Pantalla-2023-11-19-a-las-5.47.10-768x523.jpg 768w, https:\/\/losperiodistas.com.mx\/portal\/wp-content\/uploads\/2023\/11\/Captura-de-Pantalla-2023-11-19-a-las-5.47.10.jpg 1498w\" sizes=\"(max-width: 1024px) 100vw, 1024px\" \/><\/figure>\n\n\n\n<p><\/p>\n\n\n\n<p class=\"has-vivid-red-color has-text-color has-medium-font-size\"><strong>VICTORIA VENTURA \/ EL SOL DE PUEBLA<\/strong><\/p>\n\n\n\n<p>La conformaci\u00f3n del&nbsp;<strong>Frente Amplio por Puebla, integrada por el PRI, PAN y PRD,&nbsp;<\/strong>solo ser\u00e1 posible concretarse en<strong>&nbsp;75 de los 217 municipios del estado,&nbsp;<\/strong>reconoci\u00f3 el dirigente del Revolucionario Institucional en la entidad, N\u00e9stor Camarillo Medina, tras aceptar que en algunas demarcaciones es imposible hacer a un lado sus diferencias ideol\u00f3gicas y hasta hubo \u201cencontronazos\u201d.<\/p>\n\n\n\n<p><em>\u201cYa avanzamos en los 75 municipios, ya hay alguna propuesta de cada partido, se ha conciliado ya en algunos, en su mayor\u00eda no, pero ya estamos haciendo labores de encuestas, de mesas pol\u00edticas y va muy bien\u201d,\u00a0<\/em>inform\u00f3 en rueda de prensa.<\/p>\n\n\n\n<p>La conformaci\u00f3n del&nbsp;<strong>Frente Amplio por Puebla, integrada por el PRI, PAN y PRD,&nbsp;<\/strong>solo ser\u00e1 posible concretarse en<strong>&nbsp;75 de los 217 municipios del estado,&nbsp;<\/strong>reconoci\u00f3 el dirigente del Revolucionario Institucional en la entidad, N\u00e9stor Camarillo Medina, tras aceptar que en algunas demarcaciones es imposible hacer a un lado sus diferencias ideol\u00f3gicas y hasta hubo \u201cencontronazos\u201d.<\/p>\n\n\n\n<p><em>\u201cYa avanzamos en los 75 municipios, ya hay alguna propuesta de cada partido, se ha conciliado ya en algunos, en su mayor\u00eda no, pero ya estamos haciendo labores de encuestas, de mesas pol\u00edticas y va muy bien\u201d,\u00a0<\/em>inform\u00f3 en rueda de prensa.<\/p>\n\n\n\n<p>Fuente: <a href=\"https:\/\/www.elsoldepuebla.com.mx\/local\/frente-amplio-por-puebla-buscan-ir-juntos-en-75-municipios-10950635.html\">https:\/\/www.elsoldepuebla.com.mx\/local\/frente-amplio-por-puebla-buscan-ir-juntos-en-75-municipios-10950635.html<\/a><\/p>\n","protected":false},"excerpt":{"rendered":"<p>La lista de estos 75 municipios est\u00e1 conformada por cabeceras de distrito o municipios con m\u00e1s de 40 mil habitantes [&hellip;]<\/p>\n","protected":false},"author":1,"featured_media":63234,"comment_status":"open","ping_status":"open","sticky":false,"template":"","format":"standard","meta":{"site-sidebar-layout":"default","site-content-layout":"","ast-site-content-layout":"default","site-content-style":"default","site-sidebar-style":"default","ast-global-header-display":"","ast-banner-title-visibility":"","ast-main-header-display":"","ast-hfb-above-header-display":"","ast-hfb-below-header-display":"","ast-hfb-mobile-header-display":"","site-post-title":"","ast-breadcrumbs-content":"","ast-featured-img":"","footer-sml-layout":"","theme-transparent-header-meta":"","adv-header-id-meta":"","stick-header-meta":"","header-above-stick-meta":"","header-main-stick-meta":"","header-below-stick-meta":"","astra-migrate-meta-layouts":"default","ast-page-background-enabled":"default","ast-page-background-meta":{"desktop":{"background-color":"var(--ast-global-color-4)","background-image":"","background-repeat":"repeat","background-position":"center center","background-size":"auto","background-attachment":"scroll","background-type":"","background-media":"","overlay-type":"","overlay-color":"","overlay-opacity":"","overlay-gradient":""},"tablet":{"background-color":"","background-image":"","background-repeat":"repeat","background-position":"center center","background-size":"auto","background-attachment":"scroll","background-type":"","background-media":"","overlay-type":"","overlay-color":"","overlay-opacity":"","overlay-gradient":""},"mobile":{"background-color":"","background-image":"","background-repeat":"repeat","background-position":"center center","background-size":"auto","background-attachment":"scroll","background-type":"","background-media":"","overlay-type":"","overlay-color":"","overlay-opacity":"","overlay-gradient":""}},"ast-content-background-meta":{"desktop":{"background-color":"var(--ast-global-color-5)","background-image":"","background-repeat":"repeat","background-position":"center center","background-size":"auto","background-attachment":"scroll","background-type":"","background-media":"","overlay-type":"","overlay-color":"","overlay-opacity":"","overlay-gradient":""},"tablet":{"background-color":"var(--ast-global-color-5)","background-image":"","background-repeat":"repeat","background-position":"center center","background-size":"auto","background-attachment":"scroll","background-type":"","background-media":"","overlay-type":"","overlay-color":"","overlay-opacity":"","overlay-gradient":""},"mobile":{"background-color":"var(--ast-global-color-5)","background-image":"","background-repeat":"repeat","background-position":"center center","background-size":"auto","background-attachment":"scroll","background-type":"","background-media":"","overlay-type":"","overlay-color":"","overlay-opacity":"","overlay-gradient":""}},"footnotes":""},"categories":[8],"tags":[5486,17389],"class_list":["post-63233","post","type-post","status-publish","format-standard","has-post-thumbnail","hentry","category-noticias","tag-elecciones-2024","tag-frente-amplio-por-puebla"],"_links":{"self":[{"href":"https:\/\/losperiodistas.com.mx\/portal\/wp-json\/wp\/v2\/posts\/63233","targetHints":{"allow":["GET"]}}],"collection":[{"href":"https:\/\/losperiodistas.com.mx\/portal\/wp-json\/wp\/v2\/posts"}],"about":[{"href":"https:\/\/losperiodistas.com.mx\/portal\/wp-json\/wp\/v2\/types\/post"}],"author":[{"embeddable":true,"href":"https:\/\/losperiodistas.com.mx\/portal\/wp-json\/wp\/v2\/users\/1"}],"replies":[{"embeddable":true,"href":"https:\/\/losperiodistas.com.mx\/portal\/wp-json\/wp\/v2\/comments?post=63233"}],"version-history":[{"count":1,"href":"https:\/\/losperiodistas.com.mx\/portal\/wp-json\/wp\/v2\/posts\/63233\/revisions"}],"predecessor-version":[{"id":63235,"href":"https:\/\/losperiodistas.com.mx\/portal\/wp-json\/wp\/v2\/posts\/63233\/revisions\/63235"}],"wp:featuredmedia":[{"embeddable":true,"href":"https:\/\/losperiodistas.com.mx\/portal\/wp-json\/wp\/v2\/media\/63234"}],"wp:attachment":[{"href":"https:\/\/losperiodistas.com.mx\/portal\/wp-json\/wp\/v2\/media?parent=63233"}],"wp:term":[{"taxonomy":"category","embeddable":true,"href":"https:\/\/losperiodistas.com.mx\/portal\/wp-json\/wp\/v2\/categories?post=63233"},{"taxonomy":"post_tag","embeddable":true,"href":"https:\/\/losperiodistas.com.mx\/portal\/wp-json\/wp\/v2\/tags?post=63233"}],"curies":[{"name":"wp","href":"https:\/\/api.w.org\/{rel}","templated":true}]}}