{"id":63095,"date":"2023-11-17T06:18:12","date_gmt":"2023-11-17T12:18:12","guid":{"rendered":"http:\/\/losperiodistas.com.mx\/portal\/?p=63095"},"modified":"2023-11-17T06:18:14","modified_gmt":"2023-11-17T12:18:14","slug":"preve-pri-desbandada-con-armenta-y-chedraui-como-candidatos-de-morena-status","status":"publish","type":"post","link":"https:\/\/losperiodistas.com.mx\/portal\/preve-pri-desbandada-con-armenta-y-chedraui-como-candidatos-de-morena-status\/","title":{"rendered":"Prev\u00e9 PRI desbandada con Armenta y Chedraui como candidatos de Morena\u00a0| Status"},"content":{"rendered":"\n<figure class=\"wp-block-image size-full is-style-default\"><img fetchpriority=\"high\" decoding=\"async\" width=\"765\" height=\"510\" src=\"https:\/\/losperiodistas.com.mx\/portal\/wp-content\/uploads\/2023\/11\/PRI5-765x510-1.jpeg\" alt=\"\" class=\"wp-image-63096\" srcset=\"https:\/\/losperiodistas.com.mx\/portal\/wp-content\/uploads\/2023\/11\/PRI5-765x510-1.jpeg 765w, https:\/\/losperiodistas.com.mx\/portal\/wp-content\/uploads\/2023\/11\/PRI5-765x510-1-300x200.jpeg 300w\" sizes=\"(max-width: 765px) 100vw, 765px\" \/><\/figure>\n\n\n\n<p><\/p>\n\n\n\n<p class=\"has-vivid-red-color has-text-color has-medium-font-size\"><strong>KARINA FERN\u00c1NDEZ \/ STATUS<\/strong><\/p>\n\n\n\n<p>Con Alejandro Armenta como precandidato de Morena a la gubernatura de Puebla y Pepe Chedraui como su posible carta a la alcald\u00eda, el PRI atravesar\u00e1 por una desbandada de militantes, la mayor\u00eda, pertenecientes al viejo r\u00e9gimen.<\/p>\n\n\n\n<p>As\u00ed lo consider\u00f3 el dirigente estatal del PRI, N\u00e9stor Camarillo Medina tras reconocer que Morena est\u00e1 haciendo de lado a sus propios cuadros para reciclar a priistas, que en su mayor\u00eda, han hecho da\u00f1o al estado.<\/p>\n\n\n\n<blockquote class=\"wp-block-quote is-layout-flow wp-block-quote-is-layout-flow\"><p>\u201cLos de Morena parece que a sus cuadros los hacen a un lado y se dedican todos los d\u00edas a reclinar priistas del viejo r\u00e9gimen., que hizo da\u00f1o a Puebla y que ya no los queremos ac\u00e1. Que se vayan y no vuelvan m\u00e1s\u201d, expres\u00f3.<\/p><\/blockquote>\n\n\n\n<p>Record\u00f3 que el tricolor entr\u00f3 en un proceso natural de depuraci\u00f3n mediante el refrendo o no de su militancia, y en este caso se encuentra Pepe Chedraui, ex l\u00edder municipal del partido, que actualmente se observa cercano al oficialismo.<\/p>\n\n\n\n<p>Desestim\u00f3 que el tambi\u00e9n empresario tenga \u00e9xito con Morena, si el partido decide postularlo para la presidencia municipal de Puebla, tras lamentar que se haya dejado seducir con promesas de triunfo que s\u00ed ten\u00eda garantizadas en el frente.<\/p>\n\n\n\n<blockquote class=\"wp-block-quote is-layout-flow wp-block-quote-is-layout-flow\"><p>\u201cLamento mucho su decisi\u00f3n, no le puedo desear \u00e9xito porque estoy seguro que no lo va a tener. Ya est\u00e1 del otro lado, lo veo cercano a la dirigencia de Morena, no hemos revisado su caso si refrend\u00f3 o no, pero lo consider\u00e1bamos en el equipo\u201d.<\/p><\/blockquote>\n\n\n\n<p>Camarillo Medina neg\u00f3 que haya responsables de la salida de Pepe Chedraui con Morena, pues puntualiz\u00f3 que \u00e9l como otros militantes toman sus propias decisiones para mantenerse dentro del partido o abandonar sus filas.<\/p>\n\n\n\n<p>Fuente: <a href=\"https:\/\/statuspuebla.com.mx\/2023\/11\/17\/preve-pri-desbandada-con-armenta-y-chedraui-como-candidatos-de-morena\/\">https:\/\/statuspuebla.com.mx\/2023\/11\/17\/preve-pri-desbandada-con-armenta-y-chedraui-como-candidatos-de-morena\/<\/a><\/p>\n","protected":false},"excerpt":{"rendered":"<p>KARINA FERN\u00c1NDEZ \/ STATUS Con Alejandro Armenta como precandidato de Morena a la gubernatura de Puebla y Pepe Chedraui como [&hellip;]<\/p>\n","protected":false},"author":1,"featured_media":63096,"comment_status":"open","ping_status":"open","sticky":false,"template":"","format":"standard","meta":{"site-sidebar-layout":"default","site-content-layout":"","ast-site-content-layout":"default","site-content-style":"default","site-sidebar-style":"default","ast-global-header-display":"","ast-banner-title-visibility":"","ast-main-header-display":"","ast-hfb-above-header-display":"","ast-hfb-below-header-display":"","ast-hfb-mobile-header-display":"","site-post-title":"","ast-breadcrumbs-content":"","ast-featured-img":"","footer-sml-layout":"","theme-transparent-header-meta":"","adv-header-id-meta":"","stick-header-meta":"","header-above-stick-meta":"","header-main-stick-meta":"","header-below-stick-meta":"","astra-migrate-meta-layouts":"default","ast-page-background-enabled":"default","ast-page-background-meta":{"desktop":{"background-color":"var(--ast-global-color-4)","background-image":"","background-repeat":"repeat","background-position":"center center","background-size":"auto","background-attachment":"scroll","background-type":"","background-media":"","overlay-type":"","overlay-color":"","overlay-opacity":"","overlay-gradient":""},"tablet":{"background-color":"","background-image":"","background-repeat":"repeat","background-position":"center center","background-size":"auto","background-attachment":"scroll","background-type":"","background-media":"","overlay-type":"","overlay-color":"","overlay-opacity":"","overlay-gradient":""},"mobile":{"background-color":"","background-image":"","background-repeat":"repeat","background-position":"center center","background-size":"auto","background-attachment":"scroll","background-type":"","background-media":"","overlay-type":"","overlay-color":"","overlay-opacity":"","overlay-gradient":""}},"ast-content-background-meta":{"desktop":{"background-color":"var(--ast-global-color-5)","background-image":"","background-repeat":"repeat","background-position":"center center","background-size":"auto","background-attachment":"scroll","background-type":"","background-media":"","overlay-type":"","overlay-color":"","overlay-opacity":"","overlay-gradient":""},"tablet":{"background-color":"var(--ast-global-color-5)","background-image":"","background-repeat":"repeat","background-position":"center center","background-size":"auto","background-attachment":"scroll","background-type":"","background-media":"","overlay-type":"","overlay-color":"","overlay-opacity":"","overlay-gradient":""},"mobile":{"background-color":"var(--ast-global-color-5)","background-image":"","background-repeat":"repeat","background-position":"center center","background-size":"auto","background-attachment":"scroll","background-type":"","background-media":"","overlay-type":"","overlay-color":"","overlay-opacity":"","overlay-gradient":""}},"footnotes":""},"categories":[8],"tags":[3642,5486,14193,9641],"class_list":["post-63095","post","type-post","status-publish","format-standard","has-post-thumbnail","hentry","category-noticias","tag-alejandro-armenta","tag-elecciones-2024","tag-pepe-chedraui","tag-pri-puebla"],"_links":{"self":[{"href":"https:\/\/losperiodistas.com.mx\/portal\/wp-json\/wp\/v2\/posts\/63095","targetHints":{"allow":["GET"]}}],"collection":[{"href":"https:\/\/losperiodistas.com.mx\/portal\/wp-json\/wp\/v2\/posts"}],"about":[{"href":"https:\/\/losperiodistas.com.mx\/portal\/wp-json\/wp\/v2\/types\/post"}],"author":[{"embeddable":true,"href":"https:\/\/losperiodistas.com.mx\/portal\/wp-json\/wp\/v2\/users\/1"}],"replies":[{"embeddable":true,"href":"https:\/\/losperiodistas.com.mx\/portal\/wp-json\/wp\/v2\/comments?post=63095"}],"version-history":[{"count":1,"href":"https:\/\/losperiodistas.com.mx\/portal\/wp-json\/wp\/v2\/posts\/63095\/revisions"}],"predecessor-version":[{"id":63097,"href":"https:\/\/losperiodistas.com.mx\/portal\/wp-json\/wp\/v2\/posts\/63095\/revisions\/63097"}],"wp:featuredmedia":[{"embeddable":true,"href":"https:\/\/losperiodistas.com.mx\/portal\/wp-json\/wp\/v2\/media\/63096"}],"wp:attachment":[{"href":"https:\/\/losperiodistas.com.mx\/portal\/wp-json\/wp\/v2\/media?parent=63095"}],"wp:term":[{"taxonomy":"category","embeddable":true,"href":"https:\/\/losperiodistas.com.mx\/portal\/wp-json\/wp\/v2\/categories?post=63095"},{"taxonomy":"post_tag","embeddable":true,"href":"https:\/\/losperiodistas.com.mx\/portal\/wp-json\/wp\/v2\/tags?post=63095"}],"curies":[{"name":"wp","href":"https:\/\/api.w.org\/{rel}","templated":true}]}}