{"id":63017,"date":"2023-11-15T20:28:15","date_gmt":"2023-11-16T02:28:15","guid":{"rendered":"http:\/\/losperiodistas.com.mx\/portal\/?p=63017"},"modified":"2023-11-15T20:28:20","modified_gmt":"2023-11-16T02:28:20","slug":"opinion-mas-seguridad-en-la-autopista-mexico-puebla","status":"publish","type":"post","link":"https:\/\/losperiodistas.com.mx\/portal\/opinion-mas-seguridad-en-la-autopista-mexico-puebla\/","title":{"rendered":"Opini\u00f3n | M\u00e1s seguridad en la autopista M\u00e9xico-Puebla"},"content":{"rendered":"\n<p><\/p>\n\n\n\n<p class=\"has-vivid-red-color has-text-color\" style=\"font-size:26px\"><strong><em>Por Fernando Manzanilla<\/em><\/strong><\/p>\n\n\n\n<p>Ir a la Ciudad de M\u00e9xico o regresar de ella se ha convertido en un suplicio ya que cada d\u00eda son m\u00e1s las personas que reportan un asalto o intento de \u00e9ste en la autopista M\u00e9xico-Puebla.<\/p>\n\n\n\n<p>Precisamente, en los \u00faltimos d\u00edas se hizo viral el video de seguridad de una camioneta en la que viajaban unos j\u00f3venes y en el cual qued\u00f3 retratado el intento de asalto que sufrieron en esta vialidad la noche del 10 de octubre, mientras circulaban a la altura del municipio de Chalco, perteneciente al Estado de M\u00e9xico.<\/p>\n\n\n\n<p>Incluso, a la ra\u00edz de la publicaci\u00f3n de este video m\u00e1s personas se han sumado a relatar las peripecias que han sufrido al pasar por esta zona, uno de ellos el exfutbolista Alberto Garc\u00eda Aspe Mena, quien ha relatado que hace dos meses pas\u00f3 por un hecho similar, afortunadamente sin consecuencias negativas para \u00e9l o su familia.<\/p>\n\n\n\n<p>El modus operandi es el mismo en la mayor\u00eda de los casos, ya que se sabe que los delincuentes acostumbran colocar objetos como piedras de gran tama\u00f1o o poncha-llantas para da\u00f1ar los neum\u00e1ticos de los veh\u00edculos y hacer que estos se detengan a \u201crevisarlas\u201d en la zona. Mientras esto sucede, de la nada aparece uno o varios sujetos quienes amagan con armas de fuego al conductor y sus acompa\u00f1antes, mientras los despojan de sus pertenencias de valor.<\/p>\n\n\n\n<p>Estos sucesos no s\u00f3lo son reportados por automovilistas particulares, sino que se han convertido en el pan de cada d\u00eda de los transportistas de carga y empresariales, quienes deben hacer frente a las estrategias de los malechores en esta misma zona, para evitar ser asaltados.<\/p>\n\n\n\n<p>De acuerdo con la C\u00e1mara Nacional del Autotransporte de Carga (CANACAR) el robo a transporte en carreteras se dispar\u00f3 desde el 2021, pero se concentra principalmente en 10 entidades en las que se reporta una mayor incidencia delictiva tanto del fuero com\u00fan como del fuero federal, ya que es donde se acumulan m\u00e1s denuncias.<\/p>\n\n\n\n<p>De estos estados, sobresale en primer lugar el Estado de M\u00e9xico con el 34% de las denuncias de robos, seguido de Puebla con el 17.65% y Tlaxcala con el 10%.<\/p>\n\n\n\n<p>Estas cifras nos permiten visualizar la alta incidencia delictiva que existe en esta zona hacia los transportistas, motivada por el alto flujo comercial e industrial. Sin embargo, no podemos permitir que la delincuencia se apodere de la tranquilidad y seguridad de quienes tienen la necesidad de transitar por estas vialidades.<\/p>\n\n\n\n<p>En este sentido, es importante que las autoridades emprendan acciones coordinadas para contrarrestar estos delitos que no s\u00f3lo ponen en riesgo las pertenencias de los automovilistas, sino sobre todo su integridad.<\/p>\n\n\n\n<p>La primera de ellas, sin lugar a dudas, debe ser el aumentar la presencia policial a lo largo de la autopista con patrullajes regulares, muy en especial en la zona de asaltos recurrentes e incluso implementar estrategias de vigilancia electr\u00f3nica, como c\u00e1maras de alta definici\u00f3n y sistemas de monitoreo avanzado.<\/p>\n\n\n\n<p>Asimismo, se debe establecer una colaboraci\u00f3n efectiva entre las fuerzas de seguridad municipales, estatales y federales para una respuesta m\u00e1s r\u00e1pida y coordinada, al tiempo de compartir informaci\u00f3n y recursos para identificar patrones delictivos y actuar de manera preventiva.<\/p>\n\n\n\n<p>Se debe apostar a desarrollar aplicaciones m\u00f3viles de seguridad para que los automovilistas y transportistas puedan reportar incidentes de manera r\u00e1pida y eficiente. A trav\u00e9s de esta misma infraestructura se puede proporcionar informaci\u00f3n sobre rutas seguras y zonas de mayor riesgo, fomentando la colaboraci\u00f3n entre la comunidad y las autoridades.<\/p>\n\n\n\n<p>Tampoco se debe desestimar la labor legislativa, ya que se deben establecer sanciones m\u00e1s severas para este tipo de delitos, con el objetivo de disuadir a los posibles criminales, al tiempo de agilizar los procesos judiciales para asegurar que los responsables enfrenten consecuencias de manera pronta y efectiva.<\/p>\n\n\n\n<p>Lo m\u00e1s importante es actuar lo m\u00e1s pronto posible para poner un freno a la delincuencia y no permitir que esta siga ganando terreno, ya que estoy convencido que somos m\u00e1s los buenos y quienes estamos trabajando honradamente para sacar al pa\u00eds adelante.<\/p>\n\n\n\n<p>Tengo la confianza que las autoridades no echar\u00e1n en saco roto todos los testimonios que d\u00eda a d\u00eda se acumulan y que los propios automovilistas tambi\u00e9n actuar\u00e1n denunciando formalmente estos hechos. No dejemos que avance la delincuencia, pero tampoco la impunidad.<\/p>\n","protected":false},"excerpt":{"rendered":"<p>Por Fernando Manzanilla Ir a la Ciudad de M\u00e9xico o regresar de ella se ha convertido en un suplicio ya [&hellip;]<\/p>\n","protected":false},"author":1,"featured_media":63018,"comment_status":"open","ping_status":"open","sticky":false,"template":"","format":"standard","meta":{"site-sidebar-layout":"default","site-content-layout":"","ast-site-content-layout":"default","site-content-style":"default","site-sidebar-style":"default","ast-global-header-display":"","ast-banner-title-visibility":"","ast-main-header-display":"","ast-hfb-above-header-display":"","ast-hfb-below-header-display":"","ast-hfb-mobile-header-display":"","site-post-title":"","ast-breadcrumbs-content":"","ast-featured-img":"","footer-sml-layout":"","theme-transparent-header-meta":"","adv-header-id-meta":"","stick-header-meta":"","header-above-stick-meta":"","header-main-stick-meta":"","header-below-stick-meta":"","astra-migrate-meta-layouts":"default","ast-page-background-enabled":"default","ast-page-background-meta":{"desktop":{"background-color":"var(--ast-global-color-4)","background-image":"","background-repeat":"repeat","background-position":"center center","background-size":"auto","background-attachment":"scroll","background-type":"","background-media":"","overlay-type":"","overlay-color":"","overlay-opacity":"","overlay-gradient":""},"tablet":{"background-color":"","background-image":"","background-repeat":"repeat","background-position":"center center","background-size":"auto","background-attachment":"scroll","background-type":"","background-media":"","overlay-type":"","overlay-color":"","overlay-opacity":"","overlay-gradient":""},"mobile":{"background-color":"","background-image":"","background-repeat":"repeat","background-position":"center center","background-size":"auto","background-attachment":"scroll","background-type":"","background-media":"","overlay-type":"","overlay-color":"","overlay-opacity":"","overlay-gradient":""}},"ast-content-background-meta":{"desktop":{"background-color":"var(--ast-global-color-5)","background-image":"","background-repeat":"repeat","background-position":"center center","background-size":"auto","background-attachment":"scroll","background-type":"","background-media":"","overlay-type":"","overlay-color":"","overlay-opacity":"","overlay-gradient":""},"tablet":{"background-color":"var(--ast-global-color-5)","background-image":"","background-repeat":"repeat","background-position":"center center","background-size":"auto","background-attachment":"scroll","background-type":"","background-media":"","overlay-type":"","overlay-color":"","overlay-opacity":"","overlay-gradient":""},"mobile":{"background-color":"var(--ast-global-color-5)","background-image":"","background-repeat":"repeat","background-position":"center center","background-size":"auto","background-attachment":"scroll","background-type":"","background-media":"","overlay-type":"","overlay-color":"","overlay-opacity":"","overlay-gradient":""}},"footnotes":""},"categories":[24,8],"tags":[20342,20341,4199],"class_list":["post-63017","post","type-post","status-publish","format-standard","has-post-thumbnail","hentry","category-fernando-manzanilla","category-noticias","tag-asaltos","tag-autopista-mexico-puebla-2","tag-inseguridad"],"_links":{"self":[{"href":"https:\/\/losperiodistas.com.mx\/portal\/wp-json\/wp\/v2\/posts\/63017","targetHints":{"allow":["GET"]}}],"collection":[{"href":"https:\/\/losperiodistas.com.mx\/portal\/wp-json\/wp\/v2\/posts"}],"about":[{"href":"https:\/\/losperiodistas.com.mx\/portal\/wp-json\/wp\/v2\/types\/post"}],"author":[{"embeddable":true,"href":"https:\/\/losperiodistas.com.mx\/portal\/wp-json\/wp\/v2\/users\/1"}],"replies":[{"embeddable":true,"href":"https:\/\/losperiodistas.com.mx\/portal\/wp-json\/wp\/v2\/comments?post=63017"}],"version-history":[{"count":1,"href":"https:\/\/losperiodistas.com.mx\/portal\/wp-json\/wp\/v2\/posts\/63017\/revisions"}],"predecessor-version":[{"id":63019,"href":"https:\/\/losperiodistas.com.mx\/portal\/wp-json\/wp\/v2\/posts\/63017\/revisions\/63019"}],"wp:featuredmedia":[{"embeddable":true,"href":"https:\/\/losperiodistas.com.mx\/portal\/wp-json\/wp\/v2\/media\/63018"}],"wp:attachment":[{"href":"https:\/\/losperiodistas.com.mx\/portal\/wp-json\/wp\/v2\/media?parent=63017"}],"wp:term":[{"taxonomy":"category","embeddable":true,"href":"https:\/\/losperiodistas.com.mx\/portal\/wp-json\/wp\/v2\/categories?post=63017"},{"taxonomy":"post_tag","embeddable":true,"href":"https:\/\/losperiodistas.com.mx\/portal\/wp-json\/wp\/v2\/tags?post=63017"}],"curies":[{"name":"wp","href":"https:\/\/api.w.org\/{rel}","templated":true}]}}