{"id":62817,"date":"2023-11-12T19:36:49","date_gmt":"2023-11-13T01:36:49","guid":{"rendered":"http:\/\/losperiodistas.com.mx\/portal\/?p=62817"},"modified":"2023-11-12T19:36:51","modified_gmt":"2023-11-13T01:36:51","slug":"marcelo-ebrard-no-va-con-movimiento-ciudadano-la-jornada","status":"publish","type":"post","link":"https:\/\/losperiodistas.com.mx\/portal\/marcelo-ebrard-no-va-con-movimiento-ciudadano-la-jornada\/","title":{"rendered":"Marcelo Ebrard no va con Movimiento Ciudadano\u00a0| La Jornada"},"content":{"rendered":"\n<figure class=\"wp-block-image size-large is-style-default\"><img fetchpriority=\"high\" decoding=\"async\" width=\"1024\" height=\"684\" src=\"https:\/\/losperiodistas.com.mx\/portal\/wp-content\/uploads\/2023\/11\/Captura-de-Pantalla-2023-11-12-a-las-19.32.34-1024x684.jpg\" alt=\"\" class=\"wp-image-62818\" srcset=\"https:\/\/losperiodistas.com.mx\/portal\/wp-content\/uploads\/2023\/11\/Captura-de-Pantalla-2023-11-12-a-las-19.32.34-1024x684.jpg 1024w, https:\/\/losperiodistas.com.mx\/portal\/wp-content\/uploads\/2023\/11\/Captura-de-Pantalla-2023-11-12-a-las-19.32.34-300x200.jpg 300w, https:\/\/losperiodistas.com.mx\/portal\/wp-content\/uploads\/2023\/11\/Captura-de-Pantalla-2023-11-12-a-las-19.32.34-768x513.jpg 768w, https:\/\/losperiodistas.com.mx\/portal\/wp-content\/uploads\/2023\/11\/Captura-de-Pantalla-2023-11-12-a-las-19.32.34-1536x1026.jpg 1536w, https:\/\/losperiodistas.com.mx\/portal\/wp-content\/uploads\/2023\/11\/Captura-de-Pantalla-2023-11-12-a-las-19.32.34.jpg 1602w\" sizes=\"(max-width: 1024px) 100vw, 1024px\" \/><figcaption>Marcelo Ebrard durante la presentaci\u00f3n de la Asociaci\u00f3n Civil El Camino de M\u00e9xico, el 6 de octubre de 2023. Foto Mar\u00eda Luisa Severiano \/ Archivo<\/figcaption><\/figure>\n\n\n\n<p class=\"has-vivid-red-color has-text-color has-medium-font-size\"><strong>N\u00c9STOR JIM\u00c9NEZ \/ LA JORNADA<\/strong><\/p>\n\n\n\n<p><em>Ciudad de M\u00e9xico.<\/em>\u00a0A unas horas para que cierre el registro de Movimiento Ciudadano para quienes aspiren a convertirse en precandidato a la Presidencia para los comicios del pr\u00f3ximo a\u00f1o por esa fuerza pol\u00edtica, el equipo de colaboradores del ex Secretario de Relaciones Exteriores, Marcelo Ebrard, confirm\u00f3 que \u201cno se va a inscribir hoy\u201d.<\/p>\n\n\n\n<p>De acuerdo con la convocatoria emitida por Movimiento Ciudadano, explic\u00f3 por la ma\u00f1ana el dirigente del partido, Dante Delgado, el periodo de registro ser\u00e1 \u00fanicamente este domingo, por lo que de no presentar su solicitud, quedar\u00eda cerrada la posibilidad de que Ebrard pueda contender por la candidatura emecista.<\/p>\n\n\n\n<p>En la sede nacional partidaria, el gobernador de Nuevo Le\u00f3n, Samuel Garc\u00eda, as\u00ed como la senadora Indira Kempis, presentaron su registro de manera formal.<\/p>\n\n\n\n<p>La Comisi\u00f3n Nacional de Convenciones y Procesos Internos de MC, encabezada por Julieta Mac\u00edas R\u00e1bago, esperaba por la tarde la inscripci\u00f3n de dos personas m\u00e1s, sin tener conocimiento -hasta el mediod\u00eda- de que Ebrard haya anunciado que acudir\u00e1.<\/p>\n\n\n\n<p>Fuente: <a href=\"https:\/\/www.jornada.com.mx\/noticia\/2023\/11\/12\/politica\/marcelo-ebrard-no-va-con-movimiento-ciudadano-3889\">https:\/\/www.jornada.com.mx\/noticia\/2023\/11\/12\/politica\/marcelo-ebrard-no-va-con-movimiento-ciudadano-3889<\/a><\/p>\n","protected":false},"excerpt":{"rendered":"<p>N\u00c9STOR JIM\u00c9NEZ \/ LA JORNADA Ciudad de M\u00e9xico.\u00a0A unas horas para que cierre el registro de Movimiento Ciudadano para quienes [&hellip;]<\/p>\n","protected":false},"author":1,"featured_media":62818,"comment_status":"open","ping_status":"open","sticky":false,"template":"","format":"standard","meta":{"site-sidebar-layout":"default","site-content-layout":"","ast-site-content-layout":"default","site-content-style":"default","site-sidebar-style":"default","ast-global-header-display":"","ast-banner-title-visibility":"","ast-main-header-display":"","ast-hfb-above-header-display":"","ast-hfb-below-header-display":"","ast-hfb-mobile-header-display":"","site-post-title":"","ast-breadcrumbs-content":"","ast-featured-img":"","footer-sml-layout":"","theme-transparent-header-meta":"","adv-header-id-meta":"","stick-header-meta":"","header-above-stick-meta":"","header-main-stick-meta":"","header-below-stick-meta":"","astra-migrate-meta-layouts":"default","ast-page-background-enabled":"default","ast-page-background-meta":{"desktop":{"background-color":"var(--ast-global-color-4)","background-image":"","background-repeat":"repeat","background-position":"center center","background-size":"auto","background-attachment":"scroll","background-type":"","background-media":"","overlay-type":"","overlay-color":"","overlay-opacity":"","overlay-gradient":""},"tablet":{"background-color":"","background-image":"","background-repeat":"repeat","background-position":"center center","background-size":"auto","background-attachment":"scroll","background-type":"","background-media":"","overlay-type":"","overlay-color":"","overlay-opacity":"","overlay-gradient":""},"mobile":{"background-color":"","background-image":"","background-repeat":"repeat","background-position":"center center","background-size":"auto","background-attachment":"scroll","background-type":"","background-media":"","overlay-type":"","overlay-color":"","overlay-opacity":"","overlay-gradient":""}},"ast-content-background-meta":{"desktop":{"background-color":"var(--ast-global-color-5)","background-image":"","background-repeat":"repeat","background-position":"center center","background-size":"auto","background-attachment":"scroll","background-type":"","background-media":"","overlay-type":"","overlay-color":"","overlay-opacity":"","overlay-gradient":""},"tablet":{"background-color":"var(--ast-global-color-5)","background-image":"","background-repeat":"repeat","background-position":"center center","background-size":"auto","background-attachment":"scroll","background-type":"","background-media":"","overlay-type":"","overlay-color":"","overlay-opacity":"","overlay-gradient":""},"mobile":{"background-color":"var(--ast-global-color-5)","background-image":"","background-repeat":"repeat","background-position":"center center","background-size":"auto","background-attachment":"scroll","background-type":"","background-media":"","overlay-type":"","overlay-color":"","overlay-opacity":"","overlay-gradient":""}},"footnotes":""},"categories":[8],"tags":[5486,645,2320],"class_list":["post-62817","post","type-post","status-publish","format-standard","has-post-thumbnail","hentry","category-noticias","tag-elecciones-2024","tag-marcelo-ebrard","tag-movimiento-ciudadano"],"_links":{"self":[{"href":"https:\/\/losperiodistas.com.mx\/portal\/wp-json\/wp\/v2\/posts\/62817","targetHints":{"allow":["GET"]}}],"collection":[{"href":"https:\/\/losperiodistas.com.mx\/portal\/wp-json\/wp\/v2\/posts"}],"about":[{"href":"https:\/\/losperiodistas.com.mx\/portal\/wp-json\/wp\/v2\/types\/post"}],"author":[{"embeddable":true,"href":"https:\/\/losperiodistas.com.mx\/portal\/wp-json\/wp\/v2\/users\/1"}],"replies":[{"embeddable":true,"href":"https:\/\/losperiodistas.com.mx\/portal\/wp-json\/wp\/v2\/comments?post=62817"}],"version-history":[{"count":1,"href":"https:\/\/losperiodistas.com.mx\/portal\/wp-json\/wp\/v2\/posts\/62817\/revisions"}],"predecessor-version":[{"id":62819,"href":"https:\/\/losperiodistas.com.mx\/portal\/wp-json\/wp\/v2\/posts\/62817\/revisions\/62819"}],"wp:featuredmedia":[{"embeddable":true,"href":"https:\/\/losperiodistas.com.mx\/portal\/wp-json\/wp\/v2\/media\/62818"}],"wp:attachment":[{"href":"https:\/\/losperiodistas.com.mx\/portal\/wp-json\/wp\/v2\/media?parent=62817"}],"wp:term":[{"taxonomy":"category","embeddable":true,"href":"https:\/\/losperiodistas.com.mx\/portal\/wp-json\/wp\/v2\/categories?post=62817"},{"taxonomy":"post_tag","embeddable":true,"href":"https:\/\/losperiodistas.com.mx\/portal\/wp-json\/wp\/v2\/tags?post=62817"}],"curies":[{"name":"wp","href":"https:\/\/api.w.org\/{rel}","templated":true}]}}