{"id":62811,"date":"2023-11-12T19:14:23","date_gmt":"2023-11-13T01:14:23","guid":{"rendered":"http:\/\/losperiodistas.com.mx\/portal\/?p=62811"},"modified":"2023-11-12T19:14:25","modified_gmt":"2023-11-13T01:14:25","slug":"ignacio-mier-se-conforma-con-la-candidatura-al-senado-evita-mencionar-a-armenta-proceso","status":"publish","type":"post","link":"https:\/\/losperiodistas.com.mx\/portal\/ignacio-mier-se-conforma-con-la-candidatura-al-senado-evita-mencionar-a-armenta-proceso\/","title":{"rendered":"Ignacio Mier se conforma con la candidatura al Senado; evita mencionar a Armenta | Proceso"},"content":{"rendered":"\n<p class=\"has-light-green-cyan-background-color has-background has-medium-font-size\"><strong>El l\u00edder de los diputados de Morena mencion\u00f3 que nunca da\u00f1ar\u00e1 a ese partido, aunque aclar\u00f3 que har\u00e1 valer su derecho a la libre expresi\u00f3n para denunciar y para combatir a grupos de inter\u00e9s que \u201cbuscan beneficios personales\u201d.<\/strong><\/p>\n\n\n\n<figure class=\"wp-block-image size-full is-style-default\"><img fetchpriority=\"high\" decoding=\"async\" width=\"685\" height=\"385\" src=\"https:\/\/losperiodistas.com.mx\/portal\/wp-content\/uploads\/2023\/11\/f685x385-165350_203043_5050.webp\" alt=\"\" class=\"wp-image-62812\" srcset=\"https:\/\/losperiodistas.com.mx\/portal\/wp-content\/uploads\/2023\/11\/f685x385-165350_203043_5050.webp 685w, https:\/\/losperiodistas.com.mx\/portal\/wp-content\/uploads\/2023\/11\/f685x385-165350_203043_5050-300x169.webp 300w\" sizes=\"(max-width: 685px) 100vw, 685px\" \/><figcaption>Ignacio Mier. Foto: Benjam\u00edn Flores<\/figcaption><\/figure>\n\n\n\n<p class=\"has-vivid-red-color has-text-color has-medium-font-size\"><strong>GABRIELA HERN\u00c1NDEZ \/ PROCESO<\/strong><\/p>\n\n\n\n<p>PUEBLA, Pue. (proceso.com.mx).- Sin mencionar el triunfo del senador Alejandro Armenta como Coordinador de los Comit\u00e9s de Defensa de la 4T en Puebla, el diputado federal Ignacio Mier Velazco acept\u00f3 contender por la primera f\u00f3rmula de Morena al Senado en los comicios de 2024.<\/p>\n\n\n\n<p>Luego de mostrarse evidentemente molesto por los resultados de las encuestas en donde su oponente, el senador Armenta, result\u00f3 ganador, el legislador encabez\u00f3 este domingo una asamblea con unos 3 mil integrantes del llamado Instituto Mexicano por la Transformaci\u00f3n de la Vida P\u00fablica que lo recibieron con gritos de \u201cno est\u00e1s solo, no est\u00e1s solo\u201d.<\/p>\n\n\n\n<p><strong>NOTICIAS RELACIONADAS<\/strong><\/p>\n\n\n\n<ul class=\"wp-block-list\"><li><a href=\"https:\/\/www.proceso.com.mx\/nacional\/2023\/11\/11\/alejandro-armenta-ganador-del-duelo-con-ignacio-mier-por-la-candidatura-morenista-en-puebla-318360.html\">Alejandro Armenta, ganador del duelo con Ignacio Mier por la candidatura morenista en Puebla<\/a><\/li><li><a href=\"https:\/\/www.proceso.com.mx\/nacional\/estados\/2023\/11\/10\/aunque-queda-en-familia-primer-viso-de-discordia-alejandro-armenta-gana-encuesta-en-puebla-318298.html\">Aunque queda en familia, primer viso de discordia: Alejandro Armenta gana encuesta en Puebla<\/a><\/li><li><a href=\"https:\/\/www.proceso.com.mx\/nacional\/politica\/2023\/9\/24\/mientras-pri-pan-recrudecen-postura-contra-el-presupuesto-ignacio-mier-se-destapa-para-puebla-315486.html\">Mientras PRI y PAN recrudecen postura contra el presupuesto, Ignacio Mier&#8230; se destapa para Puebla<\/a><\/li><\/ul>\n\n\n\n<p>Mier ley\u00f3 un acuerdo del comit\u00e9 consultivo de esa organizaci\u00f3n, que aprobaba, entre otros puntos, que aceptara participar como candidato al Senado.<\/p>\n\n\n\n<p>\u201cAprobamos que el promotor comunitario, compa\u00f1ero nuestro, Ignacio Mier Velazco, acepte encabezar la primera f\u00f3rmula para el Senado de la Rep\u00fablica\u201d, dec\u00eda el punto seis de los acuerdos que present\u00f3 ante sus simpatizantes en un sal\u00f3n de San Andr\u00e9s Cholula.<\/p>\n\n\n\n<p>En este documento, igual pidi\u00f3 autorizaci\u00f3n de la Asamblea para iniciar un di\u00e1logo con la Comisi\u00f3n Nacional de Elecciones, la coordinadora nacional, Claudia Sheinbaum, el dirigente nacional de Morena, el coordinador estatal y las dirigencias estatales de la Coalici\u00f3n Juntos Hacemos Historia. Dijo que este di\u00e1logo ser\u00e1 para buscar la unidad, sin embargo, nunca mencion\u00f3 por su nombre a Armenta.<\/p>\n\n\n\n<p>En una parte de su mensaje, mencion\u00f3 que nunca da\u00f1ar\u00e1 a Morena, aunque aclar\u00f3 que har\u00e1 valer su derecho a la libre expresi\u00f3n para denunciar y para combatir a grupos de inter\u00e9s que \u201cbuscan beneficios personales\u201d.<\/p>\n\n\n\n<p>\u201cNunca, nunca realizaremos alguna acci\u00f3n que da\u00f1e a nuestro movimiento, siempre, siempre, siempre actuaremos con responsabilidad conciencia y consistencia pol\u00edtica y ciudadana\u201d, expres\u00f3.<\/p>\n\n\n\n<p>\u201cA pesar que las corrientes en nuestro movimiento est\u00e1n prohibidas, ser\u00eda ingenuo pensar que no existen grupos de inter\u00e9s que lejos de impulsar la transformaci\u00f3n de M\u00e9xico, buscan beneficios personales y de grupo, es necesario combatir y evitar que estos grupos de inter\u00e9s perviertan la vida de nuestro movimiento. Hay que denunciarlo y combatirlos hasta erradicarlos\u201d, agreg\u00f3.&nbsp;<\/p>\n\n\n\n<p>Por \u00faltimo, dijo que la estructura conformada por el IMT se mantendr\u00e1 unida y promover\u00e1 a posibles candidatos a las diputaciones locales y federales, as\u00ed como para los ayuntamientos que se disputar\u00e1n el pr\u00f3ximo a\u00f1o en Puebla.<\/p>\n\n\n\n<p>CAMPA\u00d1A DE LLAMADAS<\/p>\n\n\n\n<p>Desde el s\u00e1bado 11, ciudadanos de Puebla han recibido llamadas en las que una grabaci\u00f3n cuestiona el triunfo de Alejandro Armenta Mier como Coordinador de los Comit\u00e9s de Defensa de la 4T y la califica como una imposici\u00f3n.<\/p>\n\n\n\n<p>\u201cEn Puebla se impuso, en contra de la voluntad del pueblo, a un coordinador que no lucha por los principios y valores de la 4T, ya que representa lo peor del pasado, un gobierno precioso, mafioso y faccioso\u201d, dice una voz que asegura ser el diputado federal, Ignacio Mier Velazco.&nbsp;<\/p>\n\n\n\n<p>Las llamadas, que se han hecho a tel\u00e9fonos fijos y celulares, afirman a los ciudadanos que con esa \u201cimposici\u00f3n\u201d en Morena \u201cdestruyeron el futuro de tu familia y el de Puebla\u201d.<\/p>\n\n\n\n<p>En tanto que Armenta acudi\u00f3 este domingo a misa en la catedral de Puebla y en entrevista con los medios de comunicaci\u00f3n hizo un llamado a las y los participantes en el proceso interno para mantener la unidad, incluso a Mier Velazco, a quien calific\u00f3 como \u201cun extraordinario diputado\u201d.<\/p>\n\n\n\n<p>El senador extendi\u00f3 este llamado incluso a la militancia del PRI, del PAN, PRD, PSI, Nueva Alianza, para que se sumen su proyecto y al de Claudia Sheinbaum. \u201cNo habr\u00e1 ninguna exclusi\u00f3n y nos vamos a dedicar a dialogar con todos\u201d, expres\u00f3<\/p>\n\n\n\n<p>Fuente: <a href=\"https:\/\/www.proceso.com.mx\/nacional\/politica\/2023\/11\/12\/ignacio-mier-se-conforma-con-la-candidatura-al-senado-evita-mencionar-armenta-318394.html\">https:\/\/www.proceso.com.mx\/nacional\/politica\/2023\/11\/12\/ignacio-mier-se-conforma-con-la-candidatura-al-senado-evita-mencionar-armenta-318394.html<\/a><\/p>\n","protected":false},"excerpt":{"rendered":"<p>El l\u00edder de los diputados de Morena mencion\u00f3 que nunca da\u00f1ar\u00e1 a ese partido, aunque aclar\u00f3 que har\u00e1 valer su [&hellip;]<\/p>\n","protected":false},"author":1,"featured_media":62812,"comment_status":"open","ping_status":"open","sticky":false,"template":"","format":"standard","meta":{"site-sidebar-layout":"default","site-content-layout":"","ast-site-content-layout":"default","site-content-style":"default","site-sidebar-style":"default","ast-global-header-display":"","ast-banner-title-visibility":"","ast-main-header-display":"","ast-hfb-above-header-display":"","ast-hfb-below-header-display":"","ast-hfb-mobile-header-display":"","site-post-title":"","ast-breadcrumbs-content":"","ast-featured-img":"","footer-sml-layout":"","theme-transparent-header-meta":"","adv-header-id-meta":"","stick-header-meta":"","header-above-stick-meta":"","header-main-stick-meta":"","header-below-stick-meta":"","astra-migrate-meta-layouts":"default","ast-page-background-enabled":"default","ast-page-background-meta":{"desktop":{"background-color":"var(--ast-global-color-4)","background-image":"","background-repeat":"repeat","background-position":"center center","background-size":"auto","background-attachment":"scroll","background-type":"","background-media":"","overlay-type":"","overlay-color":"","overlay-opacity":"","overlay-gradient":""},"tablet":{"background-color":"","background-image":"","background-repeat":"repeat","background-position":"center center","background-size":"auto","background-attachment":"scroll","background-type":"","background-media":"","overlay-type":"","overlay-color":"","overlay-opacity":"","overlay-gradient":""},"mobile":{"background-color":"","background-image":"","background-repeat":"repeat","background-position":"center center","background-size":"auto","background-attachment":"scroll","background-type":"","background-media":"","overlay-type":"","overlay-color":"","overlay-opacity":"","overlay-gradient":""}},"ast-content-background-meta":{"desktop":{"background-color":"var(--ast-global-color-5)","background-image":"","background-repeat":"repeat","background-position":"center center","background-size":"auto","background-attachment":"scroll","background-type":"","background-media":"","overlay-type":"","overlay-color":"","overlay-opacity":"","overlay-gradient":""},"tablet":{"background-color":"var(--ast-global-color-5)","background-image":"","background-repeat":"repeat","background-position":"center center","background-size":"auto","background-attachment":"scroll","background-type":"","background-media":"","overlay-type":"","overlay-color":"","overlay-opacity":"","overlay-gradient":""},"mobile":{"background-color":"var(--ast-global-color-5)","background-image":"","background-repeat":"repeat","background-position":"center center","background-size":"auto","background-attachment":"scroll","background-type":"","background-media":"","overlay-type":"","overlay-color":"","overlay-opacity":"","overlay-gradient":""}},"footnotes":""},"categories":[8],"tags":[3642,5486,3873,725],"class_list":["post-62811","post","type-post","status-publish","format-standard","has-post-thumbnail","hentry","category-noticias","tag-alejandro-armenta","tag-elecciones-2024","tag-ignacio-mier","tag-morena-puebla"],"_links":{"self":[{"href":"https:\/\/losperiodistas.com.mx\/portal\/wp-json\/wp\/v2\/posts\/62811","targetHints":{"allow":["GET"]}}],"collection":[{"href":"https:\/\/losperiodistas.com.mx\/portal\/wp-json\/wp\/v2\/posts"}],"about":[{"href":"https:\/\/losperiodistas.com.mx\/portal\/wp-json\/wp\/v2\/types\/post"}],"author":[{"embeddable":true,"href":"https:\/\/losperiodistas.com.mx\/portal\/wp-json\/wp\/v2\/users\/1"}],"replies":[{"embeddable":true,"href":"https:\/\/losperiodistas.com.mx\/portal\/wp-json\/wp\/v2\/comments?post=62811"}],"version-history":[{"count":1,"href":"https:\/\/losperiodistas.com.mx\/portal\/wp-json\/wp\/v2\/posts\/62811\/revisions"}],"predecessor-version":[{"id":62813,"href":"https:\/\/losperiodistas.com.mx\/portal\/wp-json\/wp\/v2\/posts\/62811\/revisions\/62813"}],"wp:featuredmedia":[{"embeddable":true,"href":"https:\/\/losperiodistas.com.mx\/portal\/wp-json\/wp\/v2\/media\/62812"}],"wp:attachment":[{"href":"https:\/\/losperiodistas.com.mx\/portal\/wp-json\/wp\/v2\/media?parent=62811"}],"wp:term":[{"taxonomy":"category","embeddable":true,"href":"https:\/\/losperiodistas.com.mx\/portal\/wp-json\/wp\/v2\/categories?post=62811"},{"taxonomy":"post_tag","embeddable":true,"href":"https:\/\/losperiodistas.com.mx\/portal\/wp-json\/wp\/v2\/tags?post=62811"}],"curies":[{"name":"wp","href":"https:\/\/api.w.org\/{rel}","templated":true}]}}