{"id":62808,"date":"2023-11-12T19:08:14","date_gmt":"2023-11-13T01:08:14","guid":{"rendered":"http:\/\/losperiodistas.com.mx\/portal\/?p=62808"},"modified":"2023-11-12T19:08:16","modified_gmt":"2023-11-13T01:08:16","slug":"xochitl-galvez-asegura-que-mexico-todavia-tiene-hambre-y-sed-de-justicia-forbes","status":"publish","type":"post","link":"https:\/\/losperiodistas.com.mx\/portal\/xochitl-galvez-asegura-que-mexico-todavia-tiene-hambre-y-sed-de-justicia-forbes\/","title":{"rendered":"X\u00f3chitl G\u00e1lvez asegura que M\u00e9xico todav\u00eda tiene \u201chambre y sed de justicia\u201d | Forbes"},"content":{"rendered":"\n<p class=\"has-pale-cyan-blue-background-color has-background has-medium-font-size\"><em>X\u00f3chitl G\u00e1lvez rindi\u00f3 su informe de labores como senadora, pero tambi\u00e9n fue su primer acto p\u00fablico como precandidata presidencial.<\/em><\/p>\n\n\n\n<p><\/p>\n\n\n\n<figure class=\"wp-block-image size-large is-style-default\"><img fetchpriority=\"high\" decoding=\"async\" width=\"1024\" height=\"576\" src=\"https:\/\/losperiodistas.com.mx\/portal\/wp-content\/uploads\/2023\/11\/xochitl-1280x720-1-1024x576.jpeg\" alt=\"\" class=\"wp-image-62809\" srcset=\"https:\/\/losperiodistas.com.mx\/portal\/wp-content\/uploads\/2023\/11\/xochitl-1280x720-1-1024x576.jpeg 1024w, https:\/\/losperiodistas.com.mx\/portal\/wp-content\/uploads\/2023\/11\/xochitl-1280x720-1-300x169.jpeg 300w, https:\/\/losperiodistas.com.mx\/portal\/wp-content\/uploads\/2023\/11\/xochitl-1280x720-1-768x432.jpeg 768w, https:\/\/losperiodistas.com.mx\/portal\/wp-content\/uploads\/2023\/11\/xochitl-1280x720-1.jpeg 1280w\" sizes=\"(max-width: 1024px) 100vw, 1024px\" \/><figcaption><em>Foto: @XochitlGalvez<\/em><\/figcaption><\/figure>\n\n\n\n<p class=\"has-vivid-red-color has-text-color has-medium-font-size\"><strong>FORBES STAFF<\/strong><\/p>\n\n\n\n<p>La precandidata presidencial del opositor Frente Amplio por M\u00e9xico, X\u00f3chitl G\u00e1lvez, afirm\u00f3 este domingo, durante su informe de labores como senadora, que el pa\u00eds todav\u00eda tiene \u201chambre y sed de justicia\u201d, emulando el discurso del candidato presidencial Luis Donaldo Colosio, asesinado en 1994.<\/p>\n\n\n\n<p>\u201cHace casi 30 a\u00f1os, en este lugar, Colosio ve\u00eda un M\u00e9xico con hambre y sed de justicia, hace 30 a\u00f1os. Hoy eso sigue siendo verdad, millones de mexicanos siguen teniendo hambre y sed de justicia\u201d, dijo en un evento realizado en el Monumento a la Revoluci\u00f3n, en Ciudad de M\u00e9xico.<\/p>\n\n\n\n<p>En uno de sus primeros actos masivos como precandidata oficial en la capital mexicana, la senadora se reuni\u00f3 con cientos de simpatizantes quienes se congregaron en el sitio donde hace 30 a\u00f1os Colosio, candidato a la presidencia por el entonces gobernante Partido Revolucionario Institucional (PRI), habl\u00f3 sobre el hambre y sed de justicia que ten\u00eda M\u00e9xico.<\/p>\n\n\n\n<p class=\"has-cyan-bluish-gray-background-color has-background\"><strong><em>Lee tambi\u00e9n:<br><a href=\"https:\/\/forbes.com.mx\/samuel-garcia-se-registra-como-precandidato-presidencial-y-carga-contra-alianza-pan-pri-prd\/\">Samuel Garc\u00eda se registra como precandidato presidencial y carga contra alianza PAN-PRI-PRD<\/a><\/em><\/strong><\/p>\n\n\n\n<p>G\u00e1lvez se refiri\u00f3 tambi\u00e9n a los migrantes, quienes dijo, tambi\u00e9n tienen hambre y sed de justicia pues se ven obligados a dejar sus tierras para irse a otro pa\u00eds \u201cporque aqu\u00ed no encontraron las oportunidades\u201d.<\/p>\n\n\n\n<p>Tambi\u00e9n mencion\u00f3 a los campesinos, a quienes dijo, se les ha \u201cabandonado a su suerte\u201d ante la p\u00e9rdida de sus cosechas.<\/p>\n\n\n\n<p>La precandidata se\u00f1al\u00f3 que M\u00e9xico todav\u00eda tiene diversas necesidades en seguridad y salud; y garantiz\u00f3 que, de llegar a la presidencia, se mantendr\u00e1n los programas sociales y buscar\u00e1 que se restablezca el Seguro Popular, que atend\u00eda a las personas sin seguridad social y que desapareci\u00f3 durante la administraci\u00f3n de Andr\u00e9s Manuel L\u00f3pez Obrador.<\/p>\n\n\n\n<p>Asimismo, pidi\u00f3 que se otorguen recursos para la b\u00fasqueda de personas desaparecidas y para la identificaci\u00f3n de restos humanos.<\/p>\n\n\n\n<p class=\"has-cyan-bluish-gray-background-color has-background\"><strong><em>M\u00e1s informaci\u00f3n:<\/em><\/strong><br><strong><em><a href=\"https:\/\/forbes.com.mx\/no-hubo-acuerdos-cupulares-en-eleccion-de-candidatos-sheinbaum\/\">\u2018No hubo acuerdos copulares en elecci\u00f3n de candidatos\u2019: Sheinbaum<\/a><\/em><\/strong><\/p>\n\n\n\n<p>Recalc\u00f3 que los mexicanos \u201cvivimos con miedo a la violencia y la inseguridad\u201d y critic\u00f3 la pol\u00edtica de L\u00f3pez Obrador de \u201cabrazos y no balazos\u201d.<\/p>\n\n\n\n<p>\u201cEn seguridad yo he hablado de cabeza, coraz\u00f3n y car\u00e1cter\u201d, destac\u00f3 y dijo que la estrategia debe considerar un acuerdo internacional para combatir el crimen organizado, ponerse del lado de las v\u00edctimas, encontrar justicia y aplicar la ley \u201ccon mano firme\u201d.<\/p>\n\n\n\n<p>Asimismo, record\u00f3 que defiende los derechos de las mujeres al exigir un alto a la violencia y la justicia para ellas.<\/p>\n\n\n\n<p>\u201cHe llamado a romper el viejo pacto patriarcal para construir todas juntas, hombres y mujeres un nuevo pacto, un pacto de amor, un pacto de respeto y un pacto de caminar juntos\u201d, enfatiz\u00f3.<\/p>\n\n\n\n<p class=\"has-cyan-bluish-gray-background-color has-background\"><strong><em>Te interesa:<\/em><\/strong><br><strong><em><a href=\"https:\/\/forbes.com.mx\/morena-lanza-a-clara-brugada-para-cdmx-asi-quedan-sus-candidatos-a-gubernaturas\/\">Morena lanza a Clara Brugada para CDMX; as\u00ed quedan sus candidatos a gubernaturas<\/a><\/em><\/strong><\/p>\n\n\n\n<p>Finalmente, hizo un llamado a la unidad para afrontar las problem\u00e1ticas pues, afirm\u00f3 todos \u201csufrimos igual\u201d.<\/p>\n\n\n\n<p>\u201cNo podemos resignarnos a vivir as\u00ed, merecemos un mejor pa\u00eds, aspiremos a un mejor M\u00e9xico. Somos y venimos de la cultura del esfuerzo podemos lograrlo, vamos a lograrlo\u201d, insisti\u00f3.<\/p>\n\n\n\n<p>Aunque el Frente Amplio por M\u00e9xico anunci\u00f3 a G\u00e1lvez como su futura candidata el 3 de septiembre y el gobernante Movimiento Regeneraci\u00f3n Nacional (Morena) a Claudia Sheinbaum el 6 de septiembre, los partidos se adelantaron a los tiempos oficiales del Instituto Nacional Electoral (INE), que establece que las precampa\u00f1as o contiendas internas empiezan en noviembre.\u00a0<\/p>\n\n\n\n<p>Fuente: <a href=\"https:\/\/www.forbes.com.mx\/xochitl-galvez-asegura-que-mexico-todavia-tiene-hambre-y-sed-de-justicia\/\">https:\/\/www.forbes.com.mx\/xochitl-galvez-asegura-que-mexico-todavia-tiene-hambre-y-sed-de-justicia\/<\/a><\/p>\n","protected":false},"excerpt":{"rendered":"<p>X\u00f3chitl G\u00e1lvez rindi\u00f3 su informe de labores como senadora, pero tambi\u00e9n fue su primer acto p\u00fablico como precandidata presidencial. FORBES [&hellip;]<\/p>\n","protected":false},"author":1,"featured_media":62809,"comment_status":"open","ping_status":"open","sticky":false,"template":"","format":"standard","meta":{"site-sidebar-layout":"default","site-content-layout":"","ast-site-content-layout":"default","site-content-style":"default","site-sidebar-style":"default","ast-global-header-display":"","ast-banner-title-visibility":"","ast-main-header-display":"","ast-hfb-above-header-display":"","ast-hfb-below-header-display":"","ast-hfb-mobile-header-display":"","site-post-title":"","ast-breadcrumbs-content":"","ast-featured-img":"","footer-sml-layout":"","theme-transparent-header-meta":"","adv-header-id-meta":"","stick-header-meta":"","header-above-stick-meta":"","header-main-stick-meta":"","header-below-stick-meta":"","astra-migrate-meta-layouts":"default","ast-page-background-enabled":"default","ast-page-background-meta":{"desktop":{"background-color":"var(--ast-global-color-4)","background-image":"","background-repeat":"repeat","background-position":"center center","background-size":"auto","background-attachment":"scroll","background-type":"","background-media":"","overlay-type":"","overlay-color":"","overlay-opacity":"","overlay-gradient":""},"tablet":{"background-color":"","background-image":"","background-repeat":"repeat","background-position":"center center","background-size":"auto","background-attachment":"scroll","background-type":"","background-media":"","overlay-type":"","overlay-color":"","overlay-opacity":"","overlay-gradient":""},"mobile":{"background-color":"","background-image":"","background-repeat":"repeat","background-position":"center center","background-size":"auto","background-attachment":"scroll","background-type":"","background-media":"","overlay-type":"","overlay-color":"","overlay-opacity":"","overlay-gradient":""}},"ast-content-background-meta":{"desktop":{"background-color":"var(--ast-global-color-5)","background-image":"","background-repeat":"repeat","background-position":"center center","background-size":"auto","background-attachment":"scroll","background-type":"","background-media":"","overlay-type":"","overlay-color":"","overlay-opacity":"","overlay-gradient":""},"tablet":{"background-color":"var(--ast-global-color-5)","background-image":"","background-repeat":"repeat","background-position":"center center","background-size":"auto","background-attachment":"scroll","background-type":"","background-media":"","overlay-type":"","overlay-color":"","overlay-opacity":"","overlay-gradient":""},"mobile":{"background-color":"var(--ast-global-color-5)","background-image":"","background-repeat":"repeat","background-position":"center center","background-size":"auto","background-attachment":"scroll","background-type":"","background-media":"","overlay-type":"","overlay-color":"","overlay-opacity":"","overlay-gradient":""}},"footnotes":""},"categories":[8],"tags":[17226,1233,20254,14772],"class_list":["post-62808","post","type-post","status-publish","format-standard","has-post-thumbnail","hentry","category-noticias","tag-frente-amplio-por-mexico","tag-luis-donaldo-colosio","tag-mexico-tiene-hambre-y-sed-de-justicia","tag-xochitl-galvez"],"_links":{"self":[{"href":"https:\/\/losperiodistas.com.mx\/portal\/wp-json\/wp\/v2\/posts\/62808","targetHints":{"allow":["GET"]}}],"collection":[{"href":"https:\/\/losperiodistas.com.mx\/portal\/wp-json\/wp\/v2\/posts"}],"about":[{"href":"https:\/\/losperiodistas.com.mx\/portal\/wp-json\/wp\/v2\/types\/post"}],"author":[{"embeddable":true,"href":"https:\/\/losperiodistas.com.mx\/portal\/wp-json\/wp\/v2\/users\/1"}],"replies":[{"embeddable":true,"href":"https:\/\/losperiodistas.com.mx\/portal\/wp-json\/wp\/v2\/comments?post=62808"}],"version-history":[{"count":1,"href":"https:\/\/losperiodistas.com.mx\/portal\/wp-json\/wp\/v2\/posts\/62808\/revisions"}],"predecessor-version":[{"id":62810,"href":"https:\/\/losperiodistas.com.mx\/portal\/wp-json\/wp\/v2\/posts\/62808\/revisions\/62810"}],"wp:featuredmedia":[{"embeddable":true,"href":"https:\/\/losperiodistas.com.mx\/portal\/wp-json\/wp\/v2\/media\/62809"}],"wp:attachment":[{"href":"https:\/\/losperiodistas.com.mx\/portal\/wp-json\/wp\/v2\/media?parent=62808"}],"wp:term":[{"taxonomy":"category","embeddable":true,"href":"https:\/\/losperiodistas.com.mx\/portal\/wp-json\/wp\/v2\/categories?post=62808"},{"taxonomy":"post_tag","embeddable":true,"href":"https:\/\/losperiodistas.com.mx\/portal\/wp-json\/wp\/v2\/tags?post=62808"}],"curies":[{"name":"wp","href":"https:\/\/api.w.org\/{rel}","templated":true}]}}