{"id":62797,"date":"2023-11-12T14:07:05","date_gmt":"2023-11-12T20:07:05","guid":{"rendered":"http:\/\/losperiodistas.com.mx\/portal\/?p=62797"},"modified":"2023-11-12T14:15:17","modified_gmt":"2023-11-12T20:15:17","slug":"los-asegunes","status":"publish","type":"post","link":"https:\/\/losperiodistas.com.mx\/portal\/los-asegunes\/","title":{"rendered":"Los \u00abasegunes\u00bb"},"content":{"rendered":"\n<p class=\"has-medium-font-size\">#PorSoleares | <strong><em>\u201cLas sorpresas se dan poco a poco, si no, dejan de ser sorpresa\u201d.<\/em><\/strong> <em>Alejandro Armenta le gan\u00f3 a Nacho y es competitivo contra Rivera P\u00e9rez \u00bfC\u00f3mo le pagar\u00e1 AMLO a Nacho Mier?<\/em><\/p>\n\n\n\n<p><\/p>\n\n\n\n<figure class=\"wp-block-embed is-type-video is-provider-youtube wp-block-embed-youtube wp-embed-aspect-16-9 wp-has-aspect-ratio\"><div class=\"wp-block-embed__wrapper\">\n<iframe title=\"Los &quot;asegunes&quot; |  noviembre 12 2023\" width=\"500\" height=\"281\" src=\"https:\/\/www.youtube.com\/embed\/TWDUO-pHXsE?feature=oembed\" frameborder=\"0\" allow=\"accelerometer; autoplay; clipboard-write; encrypted-media; gyroscope; picture-in-picture; web-share\" referrerpolicy=\"strict-origin-when-cross-origin\" allowfullscreen><\/iframe>\n<\/div><\/figure>\n\n\n\n<p><\/p>\n\n\n\n<p class=\"has-vivid-red-color has-text-color\" style=\"font-size:26px\"><strong><em>Por Jes\u00fas Manuel Hern\u00e1ndez<\/em><\/strong><\/p>\n\n\n\n<p>Al inicio todo era miel sobre hojuelas, con la llegada de las fechas aparecieron piedras en el camino, polvo, mucho polvo, lodazales incluso, y las sumas se convirtieron en restas, y las multiplicaciones se dividieron y todo mundo empez\u00f3 a tomar definiciones, al final todos lo dijeron, <strong>la lucha era solo entre ellos<\/strong>.<\/p>\n\n\n\n<p>Alejandro ten\u00eda el reto de no ver disminuida su presencia, us\u00f3 su cargo en el senado para hacer amigos, para <strong>entregar reconocimientos a sus paisanos, sobre todo a quienes ten\u00edan influencia en la sociedad<\/strong>, y consigui\u00f3 alianzas poderosas como el grupo de <strong>los Morales<\/strong> y muchos otros ex priistas, <strong>Lastiri<\/strong>, <strong>Vega Rayet<\/strong> y los grupos regionales, campesinos organizados, ganaderos, productores del campo aportaron sus costales de papas para hacer posible la aspiraci\u00f3n del senador.<\/p>\n\n\n\n<p>Su suerte qued\u00f3 en manos de las encuestas, <strong>las benditas encuestas<\/strong>.<\/p>\n\n\n\n<p>Y algunos que otros <strong><em>asegunes<\/em><\/strong>.<\/p>\n\n\n\n<p>Ignacio, <strong>Nacho para sus amigos<\/strong>, ten\u00eda dos retos principales, no fallarle al Presidente en sus gestiones en la C\u00e1mara de Diputados, y la otra, <strong>alcanzar a su primo<\/strong> en el tema de conocimiento, confianza de los electores y garant\u00eda de ganarle al candidato del Frente Amplio.<\/p>\n\n\n\n<p>Sum\u00f3 a personajes de la vida pol\u00edtica como <strong>Fernando Manzanilla<\/strong> y <strong>Luis Antonio Godina<\/strong>, con mucha experiencia y obtuvo buenos resultados al integrar un buen <strong>documento radiogr\u00e1fico del Estado de Puebla<\/strong>, Nacho empez\u00f3 a aparecer hasta en la sopa, su cara y su nombre se mezclaron con todo paisaje urbano o rural. Y le dio resultado, de pronto empez\u00f3 a convertirse en una amenaza seria para Alejandro, con sus <em>asegunes<\/em>, <strong>los poblanos de oposici\u00f3n empezaron a denunciar exceso de gastos<\/strong>.<\/p>\n\n\n\n<p>Logr\u00f3 alianzas con los <strong>empresarios politizados<\/strong>, y afloraron compromisos a futuro que ahora se han quedado <strong>\u201ccolgados de la brocha\u201d<\/strong>.<\/p>\n\n\n\n<p>Por ah\u00ed del 2 de noviembre los an\u00e1lisis serios al interior de Morena, dejaron entrever que <strong>la lucha estaba y estuvo siempre, solo entre los militantes originales de Morena<\/strong>, Claudia, Rodrigo, Nacho y Alejandro, con sus <em>asegunes<\/em>.<\/p>\n\n\n\n<p>Al paso de los d\u00edas se revelar\u00edan los <em>asegunes<\/em>. <strong>Acci\u00f3n Nacional dio un paso sin retorno<\/strong>, Marko Cort\u00e9s anunci\u00f3 que <strong>Eduardo Rivera ser\u00eda su candidato<\/strong>, lo secundaron los \u201csectores\u201d y se dio por hecho que Rivera P\u00e9rez hab\u00eda tenido el apoyo de los otros aliados, PRD y PRI a cambio de dejar a <strong>Jorge Estefan en el primer sitio del senado<\/strong>\u2026<\/p>\n\n\n\n<p>Y pasaron los d\u00edas, como dice el dicho <strong><em>\u201clas sorpresas se dan poco a poco, si no, dejan de ser sorpresa\u201d<\/em><\/strong>, y Mario Delgado pareciera que conoc\u00eda el dicho popular.<\/p>\n\n\n\n<p>Algunos pensaron que hab\u00eda un acuerdo con los perdedores, quiz\u00e1 con algunos, pero evidentemente con Nacho Mier no lo hubo, <strong>para \u00e9l todo fue una gran sorpresa<\/strong>.<\/p>\n\n\n\n<p>Y entonces las encuestas arrojaron datos no publicitados, <strong>qui\u00e9n de los aspirantes de Morena Puebla ser\u00eda el m\u00e1s competitivo contra Eduardo Rivera<\/strong>.<\/p>\n\n\n\n<p>Y las respuestas afianzaron la contienda. Julio Huerta, Olivia Salom\u00f3n, Rodrigo Abdala y Claudia Rivera, salieron con pocas probabilidades de ganarle a Rivera y con el riesgo de que <strong>alguno de los dos punteros al verse derrotado ofreciera sus cuadros al Frente Amplio.<\/strong><\/p>\n\n\n\n<p>Nacho Mier saldr\u00eda empatado con Rivera P\u00e9rez y <strong>solo Alejandro Armenta garantizaba derrotar con margen al actual Presidente Municipal<\/strong>.<\/p>\n\n\n\n<p>Es decir, Armenta garantiza elevar las votaciones para tener m\u00e1s diputados federales, m\u00e1s legisladores locales y quiz\u00e1 conservar posiciones municipales. Pero como todo mundo sabe <strong>el Presidente tiene una prioridad <\/strong>ganar mayor\u00eda en el Poder Legislativo y eso lo garantizaba Armenta.<\/p>\n\n\n\n<p>As\u00ed las cosas, las encuestas se revelaron y los naipes se derrumbaron, sobre todo de quienes apostaron al negocio.<\/p>\n\n\n\n<p>En fin, nadie puede quitarse de la mente que Nacho Mier estaba m\u00e1s cerca que nadie con el Presidente, y que durante los \u00faltimos meses <strong>le ha hecho un gran servicio a la Cuarta Transformaci\u00f3n<\/strong>. Oper\u00f3 muy bien el tema de los fideicomisos y el Presupuesto de Egresos, <strong>sin quitarle, sin tocarle ni una coma<\/strong>.<\/p>\n\n\n\n<p>Luego entonces la pregunta es \u00bf<strong>C\u00f3mo le pagar\u00e1 AMLO&nbsp; a Nacho Mier <\/strong>los servicios prestados? \u00bfBastara la senadur\u00eda?<\/p>\n\n\n\n<p>O quiz\u00e1, como suele decirse en pol\u00edtica \u201cse cay\u00f3 para arriba\u201d.<\/p>\n\n\n\n<p>O por lo menos, as\u00ed me lo parece.<\/p>\n\n\n\n<p><a href=\"mailto:losperiodistas.com.mx@gmail.com\">losperiodistas.com.mx@gmail.com<\/a><\/p>\n\n\n\n<p><\/p>\n","protected":false},"excerpt":{"rendered":"<p>#PorSoleares | \u201cLas sorpresas se dan poco a poco, si no, dejan de ser sorpresa\u201d. Alejandro Armenta le gan\u00f3 a [&hellip;]<\/p>\n","protected":false},"author":1,"featured_media":62798,"comment_status":"open","ping_status":"open","sticky":false,"template":"","format":"standard","meta":{"site-sidebar-layout":"default","site-content-layout":"","ast-site-content-layout":"default","site-content-style":"default","site-sidebar-style":"default","ast-global-header-display":"","ast-banner-title-visibility":"","ast-main-header-display":"","ast-hfb-above-header-display":"","ast-hfb-below-header-display":"","ast-hfb-mobile-header-display":"","site-post-title":"","ast-breadcrumbs-content":"","ast-featured-img":"","footer-sml-layout":"","theme-transparent-header-meta":"","adv-header-id-meta":"","stick-header-meta":"","header-above-stick-meta":"","header-main-stick-meta":"","header-below-stick-meta":"","astra-migrate-meta-layouts":"default","ast-page-background-enabled":"default","ast-page-background-meta":{"desktop":{"background-color":"var(--ast-global-color-4)","background-image":"","background-repeat":"repeat","background-position":"center center","background-size":"auto","background-attachment":"scroll","background-type":"","background-media":"","overlay-type":"","overlay-color":"","overlay-opacity":"","overlay-gradient":""},"tablet":{"background-color":"","background-image":"","background-repeat":"repeat","background-position":"center center","background-size":"auto","background-attachment":"scroll","background-type":"","background-media":"","overlay-type":"","overlay-color":"","overlay-opacity":"","overlay-gradient":""},"mobile":{"background-color":"","background-image":"","background-repeat":"repeat","background-position":"center center","background-size":"auto","background-attachment":"scroll","background-type":"","background-media":"","overlay-type":"","overlay-color":"","overlay-opacity":"","overlay-gradient":""}},"ast-content-background-meta":{"desktop":{"background-color":"var(--ast-global-color-5)","background-image":"","background-repeat":"repeat","background-position":"center center","background-size":"auto","background-attachment":"scroll","background-type":"","background-media":"","overlay-type":"","overlay-color":"","overlay-opacity":"","overlay-gradient":""},"tablet":{"background-color":"var(--ast-global-color-5)","background-image":"","background-repeat":"repeat","background-position":"center center","background-size":"auto","background-attachment":"scroll","background-type":"","background-media":"","overlay-type":"","overlay-color":"","overlay-opacity":"","overlay-gradient":""},"mobile":{"background-color":"var(--ast-global-color-5)","background-image":"","background-repeat":"repeat","background-position":"center center","background-size":"auto","background-attachment":"scroll","background-type":"","background-media":"","overlay-type":"","overlay-color":"","overlay-opacity":"","overlay-gradient":""}},"footnotes":""},"categories":[8,5],"tags":[3642,5486,725,12221],"class_list":["post-62797","post","type-post","status-publish","format-standard","has-post-thumbnail","hentry","category-noticias","category-por-soleares","tag-alejandro-armenta","tag-elecciones-2024","tag-morena-puebla","tag-nacho-mier"],"_links":{"self":[{"href":"https:\/\/losperiodistas.com.mx\/portal\/wp-json\/wp\/v2\/posts\/62797","targetHints":{"allow":["GET"]}}],"collection":[{"href":"https:\/\/losperiodistas.com.mx\/portal\/wp-json\/wp\/v2\/posts"}],"about":[{"href":"https:\/\/losperiodistas.com.mx\/portal\/wp-json\/wp\/v2\/types\/post"}],"author":[{"embeddable":true,"href":"https:\/\/losperiodistas.com.mx\/portal\/wp-json\/wp\/v2\/users\/1"}],"replies":[{"embeddable":true,"href":"https:\/\/losperiodistas.com.mx\/portal\/wp-json\/wp\/v2\/comments?post=62797"}],"version-history":[{"count":2,"href":"https:\/\/losperiodistas.com.mx\/portal\/wp-json\/wp\/v2\/posts\/62797\/revisions"}],"predecessor-version":[{"id":62801,"href":"https:\/\/losperiodistas.com.mx\/portal\/wp-json\/wp\/v2\/posts\/62797\/revisions\/62801"}],"wp:featuredmedia":[{"embeddable":true,"href":"https:\/\/losperiodistas.com.mx\/portal\/wp-json\/wp\/v2\/media\/62798"}],"wp:attachment":[{"href":"https:\/\/losperiodistas.com.mx\/portal\/wp-json\/wp\/v2\/media?parent=62797"}],"wp:term":[{"taxonomy":"category","embeddable":true,"href":"https:\/\/losperiodistas.com.mx\/portal\/wp-json\/wp\/v2\/categories?post=62797"},{"taxonomy":"post_tag","embeddable":true,"href":"https:\/\/losperiodistas.com.mx\/portal\/wp-json\/wp\/v2\/tags?post=62797"}],"curies":[{"name":"wp","href":"https:\/\/api.w.org\/{rel}","templated":true}]}}