{"id":62767,"date":"2023-11-12T06:13:57","date_gmt":"2023-11-12T12:13:57","guid":{"rendered":"http:\/\/losperiodistas.com.mx\/portal\/?p=62767"},"modified":"2023-11-12T06:13:59","modified_gmt":"2023-11-12T12:13:59","slug":"por-coyuntura-pri-cedera-a-aliados-candidatura-al-gobierno-nestor-camarillo-angulo-7","status":"publish","type":"post","link":"https:\/\/losperiodistas.com.mx\/portal\/por-coyuntura-pri-cedera-a-aliados-candidatura-al-gobierno-nestor-camarillo-angulo-7\/","title":{"rendered":"Por coyuntura, PRI ceder\u00e1 a aliados candidatura al gobierno: N\u00e9stor Camarillo\u00a0| \u00c1ngulo 7"},"content":{"rendered":"\n<figure class=\"wp-block-image size-large is-style-default\"><img fetchpriority=\"high\" decoding=\"async\" width=\"1024\" height=\"548\" src=\"https:\/\/losperiodistas.com.mx\/portal\/wp-content\/uploads\/2023\/11\/Captura-de-Pantalla-2023-11-12-a-las-6.07.53-1024x548.jpg\" alt=\"\" class=\"wp-image-62768\" srcset=\"https:\/\/losperiodistas.com.mx\/portal\/wp-content\/uploads\/2023\/11\/Captura-de-Pantalla-2023-11-12-a-las-6.07.53-1024x548.jpg 1024w, https:\/\/losperiodistas.com.mx\/portal\/wp-content\/uploads\/2023\/11\/Captura-de-Pantalla-2023-11-12-a-las-6.07.53-300x160.jpg 300w, https:\/\/losperiodistas.com.mx\/portal\/wp-content\/uploads\/2023\/11\/Captura-de-Pantalla-2023-11-12-a-las-6.07.53-768x411.jpg 768w, https:\/\/losperiodistas.com.mx\/portal\/wp-content\/uploads\/2023\/11\/Captura-de-Pantalla-2023-11-12-a-las-6.07.53.jpg 1238w\" sizes=\"(max-width: 1024px) 100vw, 1024px\" \/><figcaption><em>Foto: X, N\u00e9stor Camarillo<\/em><\/figcaption><\/figure>\n\n\n\n<p class=\"has-vivid-red-color has-text-color has-medium-font-size\"><strong>P\u00cdA PINEDA \/ \u00c1NGULO 7<\/strong><\/p>\n\n\n\n<p>Aunque asegur\u00f3 que el&nbsp;<strong>PRI<\/strong>&nbsp;cuenta con perfiles para obtener la&nbsp;<strong>candidatura la gubernatura<\/strong>&nbsp;en la alianza que tiene con el PAN y el PRD, N\u00e9stor Camarillo Medina acept\u00f3 que por \u201c<strong>coyuntura o por n\u00fameros<\/strong>\u201d el partido ceder\u00e1 ese espacio.<\/p>\n\n\n\n<p>Previo al inicio del curso de \u201cActualizaci\u00f3n en Materia- Pol\u00edtico Electoral\u201d, el l\u00edder estatal del Revolucionario Institucional dio un mensaje a 150 militantes, en el que se\u00f1al\u00f3 que dentro de las mesas de negociaci\u00f3n con sus aliados, ha pedido que respeten los espacios en los que el&nbsp;<strong>PRI obtendr\u00eda el triunfo.<\/strong><\/p>\n\n\n\n<p>En ese sentido, dijo que el PAN y el PRD no deben equivocarse y pensar que los integrantes del&nbsp;<strong>Revolucionario Institucional<\/strong>&nbsp;ser\u00edan sus empleados, pues el partido representa&nbsp;<strong>un mill\u00f3n y medio de votos.<\/strong><\/p>\n\n\n\n<p>\u201cSi hay que ceder por coyunturas, por n\u00fameros, habr\u00e1 que hacerlo y habr\u00e1 que sumarnos (\u2026) que no se equivoquen\u00a0<strong>somos aliados, somos amigos, pero tampoco somos empleados<\/strong>\u00a0de nadie, no nos equivoquemos y que no se equivoquen los aliados\u201d, afirm\u00f3.<\/p>\n\n\n\n<p>Asimismo, Camarillo Medina sostuvo que demostrar\u00e1n el&nbsp;<strong>valor que tiene el PRI<\/strong>, pues el pr\u00f3ximo 18 de noviembre&nbsp;<strong>organizar\u00e1n un evento para X\u00f3chitl G\u00e1lvez Ruiz<\/strong>, precandidata presidencial del Frente por M\u00e9xico. El encuentro ser\u00e1 a las 17:00 horas en el Lienzo Charro.<\/p>\n\n\n\n<p>Agreg\u00f3 que en Puebla, la&nbsp;<strong>alianza<\/strong>&nbsp;conformada entre el PRI-PAN-PRD tiene una ventaja frente a Morena, pues al ser el partido en el gobierno tienen un&nbsp;<strong>desgaste<\/strong>&nbsp;frente a los electorales, por lo que llam\u00f3 a los militantes a generar un discurso de contraste y evidenciar las&nbsp;<strong>fallas del partido de izquierda,&nbsp;<\/strong>como la respuesta a la<strong>&nbsp;emergencia en Acapulco.<\/strong><\/p>\n\n\n\n<p>De igual manera, Camarillo Medina sostuvo que el proceso interno que\u00a0<strong>Morena<\/strong>\u00a0realiz\u00f3 para definir a sus abanderados en nueve estados puso de manifiesto la\u00a0<strong>ruptura<\/strong>\u00a0en ese partido y los \u201c<strong>berrinches\u201d<\/strong>\u00a0de quienes no obtuvieron la nominaci\u00f3n.<\/p>\n\n\n\n<p>Fuente: <a href=\"https:\/\/www.angulo7.com.mx\/2023\/11\/11\/por-coyuntura-pri-cedera-a-aliados-candidatura-al-gobierno-nestor-camarillo\/\">https:\/\/www.angulo7.com.mx\/2023\/11\/11\/por-coyuntura-pri-cedera-a-aliados-candidatura-al-gobierno-nestor-camarillo\/<\/a><\/p>\n","protected":false},"excerpt":{"rendered":"<p>P\u00cdA PINEDA \/ \u00c1NGULO 7 Aunque asegur\u00f3 que el&nbsp;PRI&nbsp;cuenta con perfiles para obtener la&nbsp;candidatura la gubernatura&nbsp;en la alianza que tiene [&hellip;]<\/p>\n","protected":false},"author":1,"featured_media":62768,"comment_status":"open","ping_status":"open","sticky":false,"template":"","format":"standard","meta":{"site-sidebar-layout":"default","site-content-layout":"","ast-site-content-layout":"default","site-content-style":"default","site-sidebar-style":"default","ast-global-header-display":"","ast-banner-title-visibility":"","ast-main-header-display":"","ast-hfb-above-header-display":"","ast-hfb-below-header-display":"","ast-hfb-mobile-header-display":"","site-post-title":"","ast-breadcrumbs-content":"","ast-featured-img":"","footer-sml-layout":"","theme-transparent-header-meta":"","adv-header-id-meta":"","stick-header-meta":"","header-above-stick-meta":"","header-main-stick-meta":"","header-below-stick-meta":"","astra-migrate-meta-layouts":"default","ast-page-background-enabled":"default","ast-page-background-meta":{"desktop":{"background-color":"var(--ast-global-color-4)","background-image":"","background-repeat":"repeat","background-position":"center center","background-size":"auto","background-attachment":"scroll","background-type":"","background-media":"","overlay-type":"","overlay-color":"","overlay-opacity":"","overlay-gradient":""},"tablet":{"background-color":"","background-image":"","background-repeat":"repeat","background-position":"center center","background-size":"auto","background-attachment":"scroll","background-type":"","background-media":"","overlay-type":"","overlay-color":"","overlay-opacity":"","overlay-gradient":""},"mobile":{"background-color":"","background-image":"","background-repeat":"repeat","background-position":"center center","background-size":"auto","background-attachment":"scroll","background-type":"","background-media":"","overlay-type":"","overlay-color":"","overlay-opacity":"","overlay-gradient":""}},"ast-content-background-meta":{"desktop":{"background-color":"var(--ast-global-color-5)","background-image":"","background-repeat":"repeat","background-position":"center center","background-size":"auto","background-attachment":"scroll","background-type":"","background-media":"","overlay-type":"","overlay-color":"","overlay-opacity":"","overlay-gradient":""},"tablet":{"background-color":"var(--ast-global-color-5)","background-image":"","background-repeat":"repeat","background-position":"center center","background-size":"auto","background-attachment":"scroll","background-type":"","background-media":"","overlay-type":"","overlay-color":"","overlay-opacity":"","overlay-gradient":""},"mobile":{"background-color":"var(--ast-global-color-5)","background-image":"","background-repeat":"repeat","background-position":"center center","background-size":"auto","background-attachment":"scroll","background-type":"","background-media":"","overlay-type":"","overlay-color":"","overlay-opacity":"","overlay-gradient":""}},"footnotes":""},"categories":[8],"tags":[5486,17202,8548,1978],"class_list":["post-62767","post","type-post","status-publish","format-standard","has-post-thumbnail","hentry","category-noticias","tag-elecciones-2024","tag-frente-amplio","tag-nestor-camarillo","tag-pri"],"_links":{"self":[{"href":"https:\/\/losperiodistas.com.mx\/portal\/wp-json\/wp\/v2\/posts\/62767","targetHints":{"allow":["GET"]}}],"collection":[{"href":"https:\/\/losperiodistas.com.mx\/portal\/wp-json\/wp\/v2\/posts"}],"about":[{"href":"https:\/\/losperiodistas.com.mx\/portal\/wp-json\/wp\/v2\/types\/post"}],"author":[{"embeddable":true,"href":"https:\/\/losperiodistas.com.mx\/portal\/wp-json\/wp\/v2\/users\/1"}],"replies":[{"embeddable":true,"href":"https:\/\/losperiodistas.com.mx\/portal\/wp-json\/wp\/v2\/comments?post=62767"}],"version-history":[{"count":1,"href":"https:\/\/losperiodistas.com.mx\/portal\/wp-json\/wp\/v2\/posts\/62767\/revisions"}],"predecessor-version":[{"id":62769,"href":"https:\/\/losperiodistas.com.mx\/portal\/wp-json\/wp\/v2\/posts\/62767\/revisions\/62769"}],"wp:featuredmedia":[{"embeddable":true,"href":"https:\/\/losperiodistas.com.mx\/portal\/wp-json\/wp\/v2\/media\/62768"}],"wp:attachment":[{"href":"https:\/\/losperiodistas.com.mx\/portal\/wp-json\/wp\/v2\/media?parent=62767"}],"wp:term":[{"taxonomy":"category","embeddable":true,"href":"https:\/\/losperiodistas.com.mx\/portal\/wp-json\/wp\/v2\/categories?post=62767"},{"taxonomy":"post_tag","embeddable":true,"href":"https:\/\/losperiodistas.com.mx\/portal\/wp-json\/wp\/v2\/tags?post=62767"}],"curies":[{"name":"wp","href":"https:\/\/api.w.org\/{rel}","templated":true}]}}