{"id":62764,"date":"2023-11-12T06:04:11","date_gmt":"2023-11-12T12:04:11","guid":{"rendered":"http:\/\/losperiodistas.com.mx\/portal\/?p=62764"},"modified":"2023-11-12T06:04:13","modified_gmt":"2023-11-12T12:04:13","slug":"claudia-rivera-analiza-oferta-de-morena-para-buscar-una-senaduria-e-consulta","status":"publish","type":"post","link":"https:\/\/losperiodistas.com.mx\/portal\/claudia-rivera-analiza-oferta-de-morena-para-buscar-una-senaduria-e-consulta\/","title":{"rendered":"Claudia Rivera analiza oferta de Morena para buscar una senadur\u00eda | e-consulta"},"content":{"rendered":"\n<p class=\"has-medium-font-size\">La exalcaldesa de Puebla buscar\u00e1 la segunda f\u00f3rmula al Senado tras ser la mujer con mejor puntaje en la encuesta de Morena<\/p>\n\n\n\n<figure class=\"wp-block-image size-full is-style-default\"><img fetchpriority=\"high\" decoding=\"async\" width=\"640\" height=\"426\" src=\"https:\/\/losperiodistas.com.mx\/portal\/wp-content\/uploads\/2023\/11\/claudia_rivera_analiza_oferta_de_morena_para_buscar_una_senaduria.jpg\" alt=\"\" class=\"wp-image-62765\" srcset=\"https:\/\/losperiodistas.com.mx\/portal\/wp-content\/uploads\/2023\/11\/claudia_rivera_analiza_oferta_de_morena_para_buscar_una_senaduria.jpg 640w, https:\/\/losperiodistas.com.mx\/portal\/wp-content\/uploads\/2023\/11\/claudia_rivera_analiza_oferta_de_morena_para_buscar_una_senaduria-300x200.jpg 300w\" sizes=\"(max-width: 640px) 100vw, 640px\" \/><figcaption>Foto \/ Agencia Enfoque<\/figcaption><\/figure>\n\n\n\n<p class=\"has-vivid-red-color has-text-color has-medium-font-size\">I<strong>TZELI ZAMORA \/ E-CONSULTA<\/strong><\/p>\n\n\n\n<p>La morenista&nbsp;<strong>Claudia Rivera Vivanco<\/strong>&nbsp;analizar\u00e1 la invitaci\u00f3n para buscar la f\u00f3rmula al&nbsp;<strong>Senado de la Rep\u00fablica<\/strong>, luego de que qued\u00f3 en tercera posici\u00f3n en la&nbsp;<strong>encuesta interna de Morena<\/strong>.<\/p>\n\n\n\n<p>La b\u00fasqueda del esca\u00f1o ser\u00eda pese a que el acuerdo del partido indica que el pase directo es solo para el&nbsp;<strong>segundo mejor posicionado<\/strong>, por lo que la curul corresponder\u00eda al diputado federal&nbsp;<strong>Ignacio Mier Velazco<\/strong>.<\/p>\n\n\n\n<h2 class=\"wp-block-heading\"><strong>Morena extendi\u00f3 invitaci\u00f3n a Claudia Rivera<\/strong><\/h2>\n\n\n\n<p>La expresidenta municipal recibi\u00f3 la&nbsp;<strong>invitaci\u00f3n del partido<\/strong>&nbsp;para completar la formula, esto debido a que logr\u00f3 ser&nbsp;<strong>puntera en la encuesta<\/strong>&nbsp;dentro del&nbsp;<strong>grupo de mujeres<\/strong>&nbsp;y quedar en tercer lugar entre los aspirantes a la coordinaci\u00f3n estatal en Defensa de la Cuarta Transformaci\u00f3n en la entidad.<\/p>\n\n\n\n<p>Te puede interesar:<\/p>\n\n\n\n<p><a href=\"https:\/\/www.e-consulta.com\/nota\/2023-11-10\/elecciones\/sorpresa-alejandro-armenta-y-claudia-rivera-ganan-encuesta-de-morena-en\">\u00a1Sorpresa! Alejandro Armenta y Claudia Rivera ganan encuesta de Morena en Puebla<\/a><\/p>\n\n\n\n<p>Dicha invitaci\u00f3n ser\u00eda por la referencia en la encuesta, donde&nbsp;<strong>obtuvo n\u00fameros positivos<\/strong>&nbsp;y puede seguir obteniendo buenos resultados que sumen al partido.<\/p>\n\n\n\n<p>\u00ab<strong>Me invitan a que me inscriba en el proceso<\/strong>&nbsp;justamente para completar la f\u00f3rmula. Lo voy a pensar, pero&nbsp;<strong>la invitaci\u00f3n ya la he recibido<\/strong>, y la convicci\u00f3n de que voy a trabajar y sumar por la cuarta transformaci\u00f3n\u00bb, coment\u00f3.<\/p>\n\n\n\n<p>En entrevista con medios de comunicaci\u00f3n al t\u00e9rmino del proceso interno del partido,\u00a0<strong>Claudia Rivera<\/strong>\u00a0reiter\u00f3 su compromiso para trabajar y sumar a favor de\u00a0<strong>Morena<\/strong>\u00a0y dar continuidad en el\u00a0<strong>proceso electoral del 2024<\/strong>. (<strong>EG<\/strong>).<\/p>\n\n\n\n<p>Fuente: <a href=\"https:\/\/www.e-consulta.com\/nota\/2023-11-11\/elecciones\/claudia-rivera-analiza-oferta-de-morena-para-buscar-una-senaduria\">https:\/\/www.e-consulta.com\/nota\/2023-11-11\/elecciones\/claudia-rivera-analiza-oferta-de-morena-para-buscar-una-senaduria<\/a><\/p>\n","protected":false},"excerpt":{"rendered":"<p>La exalcaldesa de Puebla buscar\u00e1 la segunda f\u00f3rmula al Senado tras ser la mujer con mejor puntaje en la encuesta [&hellip;]<\/p>\n","protected":false},"author":1,"featured_media":62765,"comment_status":"open","ping_status":"open","sticky":false,"template":"","format":"standard","meta":{"site-sidebar-layout":"default","site-content-layout":"","ast-site-content-layout":"default","site-content-style":"default","site-sidebar-style":"default","ast-global-header-display":"","ast-banner-title-visibility":"","ast-main-header-display":"","ast-hfb-above-header-display":"","ast-hfb-below-header-display":"","ast-hfb-mobile-header-display":"","site-post-title":"","ast-breadcrumbs-content":"","ast-featured-img":"","footer-sml-layout":"","theme-transparent-header-meta":"","adv-header-id-meta":"","stick-header-meta":"","header-above-stick-meta":"","header-main-stick-meta":"","header-below-stick-meta":"","astra-migrate-meta-layouts":"default","ast-page-background-enabled":"default","ast-page-background-meta":{"desktop":{"background-color":"var(--ast-global-color-4)","background-image":"","background-repeat":"repeat","background-position":"center center","background-size":"auto","background-attachment":"scroll","background-type":"","background-media":"","overlay-type":"","overlay-color":"","overlay-opacity":"","overlay-gradient":""},"tablet":{"background-color":"","background-image":"","background-repeat":"repeat","background-position":"center center","background-size":"auto","background-attachment":"scroll","background-type":"","background-media":"","overlay-type":"","overlay-color":"","overlay-opacity":"","overlay-gradient":""},"mobile":{"background-color":"","background-image":"","background-repeat":"repeat","background-position":"center center","background-size":"auto","background-attachment":"scroll","background-type":"","background-media":"","overlay-type":"","overlay-color":"","overlay-opacity":"","overlay-gradient":""}},"ast-content-background-meta":{"desktop":{"background-color":"var(--ast-global-color-5)","background-image":"","background-repeat":"repeat","background-position":"center center","background-size":"auto","background-attachment":"scroll","background-type":"","background-media":"","overlay-type":"","overlay-color":"","overlay-opacity":"","overlay-gradient":""},"tablet":{"background-color":"var(--ast-global-color-5)","background-image":"","background-repeat":"repeat","background-position":"center center","background-size":"auto","background-attachment":"scroll","background-type":"","background-media":"","overlay-type":"","overlay-color":"","overlay-opacity":"","overlay-gradient":""},"mobile":{"background-color":"var(--ast-global-color-5)","background-image":"","background-repeat":"repeat","background-position":"center center","background-size":"auto","background-attachment":"scroll","background-type":"","background-media":"","overlay-type":"","overlay-color":"","overlay-opacity":"","overlay-gradient":""}},"footnotes":""},"categories":[8],"tags":[84,5486,725],"class_list":["post-62764","post","type-post","status-publish","format-standard","has-post-thumbnail","hentry","category-noticias","tag-claudia-rivera-vivanco","tag-elecciones-2024","tag-morena-puebla"],"_links":{"self":[{"href":"https:\/\/losperiodistas.com.mx\/portal\/wp-json\/wp\/v2\/posts\/62764","targetHints":{"allow":["GET"]}}],"collection":[{"href":"https:\/\/losperiodistas.com.mx\/portal\/wp-json\/wp\/v2\/posts"}],"about":[{"href":"https:\/\/losperiodistas.com.mx\/portal\/wp-json\/wp\/v2\/types\/post"}],"author":[{"embeddable":true,"href":"https:\/\/losperiodistas.com.mx\/portal\/wp-json\/wp\/v2\/users\/1"}],"replies":[{"embeddable":true,"href":"https:\/\/losperiodistas.com.mx\/portal\/wp-json\/wp\/v2\/comments?post=62764"}],"version-history":[{"count":1,"href":"https:\/\/losperiodistas.com.mx\/portal\/wp-json\/wp\/v2\/posts\/62764\/revisions"}],"predecessor-version":[{"id":62766,"href":"https:\/\/losperiodistas.com.mx\/portal\/wp-json\/wp\/v2\/posts\/62764\/revisions\/62766"}],"wp:featuredmedia":[{"embeddable":true,"href":"https:\/\/losperiodistas.com.mx\/portal\/wp-json\/wp\/v2\/media\/62765"}],"wp:attachment":[{"href":"https:\/\/losperiodistas.com.mx\/portal\/wp-json\/wp\/v2\/media?parent=62764"}],"wp:term":[{"taxonomy":"category","embeddable":true,"href":"https:\/\/losperiodistas.com.mx\/portal\/wp-json\/wp\/v2\/categories?post=62764"},{"taxonomy":"post_tag","embeddable":true,"href":"https:\/\/losperiodistas.com.mx\/portal\/wp-json\/wp\/v2\/tags?post=62764"}],"curies":[{"name":"wp","href":"https:\/\/api.w.org\/{rel}","templated":true}]}}