{"id":62747,"date":"2023-11-12T21:06:41","date_gmt":"2023-11-13T03:06:41","guid":{"rendered":"http:\/\/losperiodistas.com.mx\/portal\/?p=62747"},"modified":"2023-11-12T21:06:41","modified_gmt":"2023-11-13T03:06:41","slug":"los-hombres-estan-explotados-la-historia-tras-la-biblia-antifeminista-escrita-por-una-mujer-el-confidencial","status":"publish","type":"post","link":"https:\/\/losperiodistas.com.mx\/portal\/los-hombres-estan-explotados-la-historia-tras-la-biblia-antifeminista-escrita-por-una-mujer-el-confidencial\/","title":{"rendered":"\u00abLos hombres est\u00e1n explotados\u00bb: la historia tras la Biblia antifeminista escrita por una mujer | El Confidencial"},"content":{"rendered":"\n<h2 class=\"has-light-green-cyan-background-color has-background has-medium-font-size wp-block-heading\">Cincuenta a\u00f1os despu\u00e9s de su primera edici\u00f3n, y tras mucho tiempo sin estar disponible, Deusto reedita &#8216;El var\u00f3n domado&#8217;, un libro que revent\u00f3 la Espa\u00f1a del tardofranquismo<\/h2>\n\n\n\n<figure class=\"wp-block-image size-large\"><img fetchpriority=\"high\" decoding=\"async\" width=\"1024\" height=\"576\" src=\"https:\/\/losperiodistas.com.mx\/portal\/wp-content\/uploads\/2023\/11\/Captura-de-pantalla-2023-11-12-a-las-20.54.19-1024x576.jpg\" alt=\"\" class=\"wp-image-62820\" srcset=\"https:\/\/losperiodistas.com.mx\/portal\/wp-content\/uploads\/2023\/11\/Captura-de-pantalla-2023-11-12-a-las-20.54.19-1024x576.jpg 1024w, https:\/\/losperiodistas.com.mx\/portal\/wp-content\/uploads\/2023\/11\/Captura-de-pantalla-2023-11-12-a-las-20.54.19-300x169.jpg 300w, https:\/\/losperiodistas.com.mx\/portal\/wp-content\/uploads\/2023\/11\/Captura-de-pantalla-2023-11-12-a-las-20.54.19-768x432.jpg 768w, https:\/\/losperiodistas.com.mx\/portal\/wp-content\/uploads\/2023\/11\/Captura-de-pantalla-2023-11-12-a-las-20.54.19-1536x864.jpg 1536w, https:\/\/losperiodistas.com.mx\/portal\/wp-content\/uploads\/2023\/11\/Captura-de-pantalla-2023-11-12-a-las-20.54.19.jpg 1942w\" sizes=\"(max-width: 1024px) 100vw, 1024px\" \/><figcaption>(Ilustraci\u00f3n: Sof\u00eda Sisqu\u00e9s\/EC Dise\u00f1o)<\/figcaption><\/figure>\n\n\n\n<p class=\"has-vivid-red-color has-text-color has-medium-font-size\"><strong>H\u00c9CTOR GARC\u00cdA BARN\u00c9S \/ EL CONFIDENCIAL<\/strong><\/p>\n\n\n\n<p>\u00abLas mujeres dejan que los hombres trabajen para ellas, piensen por ellas, asuman todas sus responsabilidades.&nbsp;<strong>Las mujeres explotan a los hombres<\/strong>. Y, sin embargo,&nbsp;<a href=\"https:\/\/www.elconfidencial.com\/alma-corazon-vida\/2013-05-27\/diez-actitudes-machistas-que-las-mujeres-han-de-sufrir-a-diario_200345\/\">los hombres son fuertes, inteligentes<\/a>&nbsp;e imaginativos;&nbsp;<strong>las mujeres, en cambio, d\u00e9biles, tontas&nbsp;<\/strong>y carentes de imaginaci\u00f3n. Entonces, \u00bfc\u00f3mo es posible que sean las mujeres las que se aprovechan de los hombres y no al rev\u00e9s?\u00bb.<\/p>\n\n\n\n<p>\u00abComo a las mujeres lo \u00fanico que les&nbsp;<a href=\"https:\/\/www.elconfidencial.com\/tecnologia\/2018-02-12\/matrimonios-conveniencia-internet-inmigracion-nacionalidad_1517505\/\">interesa de los hombres es su dinero,<\/a>&nbsp;y a los hombres de las mujeres su&nbsp;<strong>aspecto f\u00edsico<\/strong>, en su entorno son siempre&nbsp;<strong>los hombres con mayores ingresos&nbsp;<\/strong>los que se llevan a las mujeres m\u00e1s deseadas\u00bb.<\/p>\n\n\n\n<p>\u00abEl hombre siempre est\u00e1 buscando a alguien o algo que le esclavice, pues&nbsp;<strong>solo como esclavo se siente a salvo<\/strong>. Y casi siempre escoge a una mujer\u00bb.<\/p>\n\n\n\n<p>\u00abLa conciencia del ser humano le permite elegir entre&nbsp;<strong>una existencia inferior, m\u00e1s propia de los animales<\/strong>, y una existencia espiritual. Sin vacilar,&nbsp;<strong>la mujer elige la primera<\/strong>. Concentra sus prioridades en el bienestar f\u00edsico y en disponer de un nido&nbsp;<a href=\"https:\/\/www.elconfidencial.com\/espana\/2022-12-15\/podcast-pausa-violencia-genero-medios_3539901\/\">en el que poder seguir sin trabas<\/a>&nbsp;sus propias pautas reproductivas\u00bb.<\/p>\n\n\n\n<p class=\"has-text-align-center has-light-green-cyan-background-color has-background\" style=\"font-size:26px\"><strong><em>\u00abA los doce a\u00f1os, las mujeres han decidido su futuro: convertirse en prostituta\u00bb<\/em><\/strong><\/p>\n\n\n\n<p>Cincuenta a\u00f1os despu\u00e9s de su publicaci\u00f3n, del&nbsp;<strong>#MeToo<\/strong>&nbsp;y&nbsp;<a href=\"https:\/\/www.elconfidencial.com\/tags\/temas\/feminismo-16387\/\">de la cuarta ola del feminismo,<\/a>&nbsp;<em>El var\u00f3n domado<\/em>, el libro que dio a conocer a&nbsp;<strong>Esther Vilar<\/strong>, escritora, soci\u00f3loga y m\u00e9dica germano-argentina, suena a<strong>&nbsp;aut\u00e9ntica salvajada<\/strong>. Sus escuetas doscientas p\u00e1ginas, divididas en cap\u00edtulos tan llamativos como \u00abEl universo es masculino\u00bb, \u00abSu estupidez hace divina a la mujer\u00bb, \u00abEl sexo como recompensa\u00bb o \u00abLos hijos como rehenes\u00bb son un cat\u00e1logo de esl\u00f3ganes que van tan a la contra del discurso feminista moderno que&nbsp;<strong>cuesta creer que alg\u00fan d\u00eda se publicase algo as\u00ed<\/strong>.<\/p>\n\n\n\n<p>No solo se lleg\u00f3 a imprimir, sino que se convirti\u00f3 en&nbsp;<strong>todo un fen\u00f3meno editorial<\/strong>&nbsp;en pa\u00edses como Espa\u00f1a, donde ahora vuelve a las estanter\u00edas con nueva traducci\u00f3n de&nbsp;<strong>Silvia Yusta<\/strong>&nbsp;gracias a Deusto, la misma editorial que ha publicado libros como&nbsp;<em><a href=\"https:\/\/www.elconfidencial.com\/cultura\/2023-02-16\/entrevista-richard-reeves-hombres-mujeres-sexo-genero-escolarizacion_3576876\/\">Hombres<\/a><\/em>&nbsp;de&nbsp;<strong>Richard Reeves<\/strong>&nbsp;o&nbsp;<em><a href=\"https:\/\/www.elconfidencial.com\/cultura\/2023-07-08\/censura-ayuntamientos-vox-pp-progresismo_3691646\/\">Nadie nace en un cuerpo equivocado<\/a><\/em>, de<strong>&nbsp;Jos\u00e9 Errasti<\/strong>. Como explica&nbsp;<strong>Roger Domingo<\/strong>, editor del Grupo Planeta que ha decidido apostar por el libro,&nbsp;<strong>no se hab\u00eda vuelto a reeditar desde los a\u00f1os setenta<\/strong>,cuando sali\u00f3 al mercado de la mano de&nbsp;<strong>Grijalbo<\/strong>. Durante d\u00e9cadas, solo se ha podido encontrar en librer\u00edas de segunda mano o en archivos Word que circulaban de bandeja en bandeja de&nbsp;<em>e-mail<\/em>.<\/p>\n\n\n\n<p>La tesis de Vilar es que la mujer ha conseguido que el hombre, mucho m\u00e1s capacitado, ingenioso y bello,\u00a0<strong>trabaje para ellas<\/strong>, facilite su vida a trav\u00e9s de la invenci\u00f3n de toda una serie de electrodom\u00e9sticos,\u00a0<strong>a cambio de un poco de sexo de vez en cuando<\/strong>\u00a0(una tesis que recuperar\u00eda a\u00f1os despu\u00e9s\u00a0<strong>Camille Paglia\u00a0<\/strong>en\u00a0<em><a href=\"https:\/\/www.elconfidencial.com\/cultura\/2020-02-04\/camille-paglia-entrevista-sexual-personae_2434175\/\">Sexual Personae<\/a><\/em>) y, adem\u00e1s, acepta de buen grado las acusaciones de explotador. Vilar es abiertamente provocadora. En uno de los primeros cap\u00edtulos, escribe que \u00aba los doce a\u00f1os a m\u00e1s tardar, la mayor\u00eda de las mujeres ya ha decidido su futuro,\u00a0<strong>convertirse en prostituta<\/strong>. En otras palabras, dejar que un hombre trabaje para ella a cambio de poner<strong>\u00a0a su disposici\u00f3n su vagina\u00a0<\/strong>cada cierto tiempo\u00bb.<\/p>\n\n\n\n<figure class=\"wp-block-embed is-type-video is-provider-youtube wp-block-embed-youtube wp-embed-aspect-16-9 wp-has-aspect-ratio\"><div class=\"wp-block-embed__wrapper\">\n<iframe title=\"Discusi\u00f3n acerca del Feminismo 1971 ESTHER VILAR . Diskussion \u00fcber Feminismus.\" width=\"500\" height=\"281\" src=\"https:\/\/www.youtube.com\/embed\/T1htwEU7xLU?feature=oembed\" frameborder=\"0\" allow=\"accelerometer; autoplay; clipboard-write; encrypted-media; gyroscope; picture-in-picture; web-share\" referrerpolicy=\"strict-origin-when-cross-origin\" allowfullscreen><\/iframe>\n<\/div><\/figure>\n\n\n\n<p>Ella misma admit\u00eda en un nuevo cap\u00edtulo escrito durante los ochenta que se trataba de \u00ab<strong>un panfleto escrito en pocas semanas en pleno ataque de rabia&nbsp;<\/strong>contra el monopolio de la opini\u00f3n p\u00fablica&nbsp;<a href=\"https:\/\/www.elconfidencial.com\/cultura\/2023-01-30\/metoo-cine-espanol-denuncias_3566590\/\">por parte del movimiento feminista<\/a>&nbsp;de entonces\u00bb. Una capacidad de provocaci\u00f3n que ha llevado a Deusto a comprar los derechos a la agencia alemana AVA International a trav\u00e9s de su subagente espa\u00f1ola,&nbsp;<strong>Alicia Gonz\u00e1lez Sterling<\/strong>, de Bookbank. \u00abEl libro te permite ver qu\u00e9 se piensa entonces y qu\u00e9 se piensa ahora, cu\u00e1les han sido los cambios sociol\u00f3gicos\u00bb, explica Domingo. \u00abEscandaliz\u00f3 hace cincuenta a\u00f1os y puede volver a escandalizar ahora, as\u00ed que quiz\u00e1 eso muestra que seguimos dando vueltas a las mismas cosas\u00bb.<\/p>\n\n\n\n<h2 class=\"wp-block-heading\">C\u00f3mo el enigma Vilar lleg\u00f3 a Espa\u00f1a<\/h2>\n\n\n\n<p>Pero&nbsp;<strong>\u00bfqui\u00e9n es Esther Vilar<\/strong>, la autora acusada de quintacolumnista por las feministas de segunda ola? En realidad,&nbsp;<strong>un misterio<\/strong>. Hija de jud\u00edos alemanes, naci\u00f3 en Buenos Aires en 1935, estudi\u00f3 medicina en la capital bonaerense, viaj\u00f3 por Latinoam\u00e9rica y \u00c1frica y lleg\u00f3 a la Rep\u00fablica Federal Alemana para concluir sus estudios. Se cas\u00f3 con el escritor&nbsp;<strong>Klaus Wagn<\/strong>&nbsp;en 1961, tuvieron un hijo en 1963 y en 1975 se divorciaron. Aunque su libro se centra en la vida conyugal, siempre&nbsp;<strong>hu\u00eda de las explicaciones personales<\/strong>. En un debate de 1975 con el icono feminista<strong>&nbsp;<a href=\"https:\/\/www.elconfidencial.com\/mundo\/2018-03-02\/merkel-feminismo-mujeres-poder-alemania_1528403\/\">Alice Schwarzer<\/a><\/strong>, esquiva el tema cuando le pregunta por sus complejos y recuerda que<strong>&nbsp;son sus ideas lo que hay que juzgar, no a ella<\/strong>.<\/p>\n\n\n\n<p><em>El var\u00f3n domado<\/em>&nbsp;no recorri\u00f3 un camino sencillo. Vilar hab\u00eda escrito una obra de teatro,&nbsp;<em>El verano que sigui\u00f3 a la muerte de Picasso<\/em>, una novela gr\u00e1fica,&nbsp;<em>Hombre y mu\u00f1eca<\/em>, y un ensayo,&nbsp;<em>Sobre la fuer<\/em><em>z<\/em><em>a de la estupidez<\/em>. Vilar redact\u00f3 su libro en espa\u00f1ol sin demasiada ambici\u00f3n y&nbsp;<strong>lo present\u00f3 a dos editoriales, que lo rechazaron<\/strong>. Entonces, lo tradujo al alem\u00e1n y lo present\u00f3 a un editor vien\u00e9s:&nbsp;<em>Der dressierte Mann<\/em>&nbsp;fue editado en&nbsp;<strong>Alemania<\/strong>&nbsp;por Bertelsmann Leserign. Entr\u00f3 en el mercado de lengua castellana en 1973 gracias a la editorial espa\u00f1ola Grijalbo, que por entonces se centraba en el mercado estadounidense, pero hizo una excepci\u00f3n.&nbsp;<a href=\"https:\/\/www.elconfidencial.com\/cultura\/2023-11-03\/playground-libro-isaac-marcet-carlo-padial-contenido_3765443\/\">Plaza &amp; Jan\u00e9s publicar\u00eda<\/a>&nbsp;en 1975 su continuaci\u00f3n,&nbsp;<em>El var\u00f3n pol\u00edgamo<\/em>.<\/p>\n\n\n\n<p class=\"has-text-align-center has-light-green-cyan-background-color has-background\" style=\"font-size:26px\"><strong><em>\u00abYo soy una feminista feminista, porque veo lo que hace la mujer con el hombre\u00bb<\/em><\/strong><\/p>\n\n\n\n<p>Durante m\u00e1s de un a\u00f1o, pas\u00f3 desapercibido. Entonces, lleg\u00f3 el&nbsp;<strong>20 de abril de 1975<\/strong>, el d\u00eda en que Vilar apareci\u00f3 cara a cara con<strong>&nbsp;<a href=\"https:\/\/www.elconfidencial.com\/television\/programas-tv\/2022-08-11\/tribunal-supremo-jose-maria-inigo-muerte-amianto-tve_3474559\/\">Jos\u00e9 Mar\u00eda \u00cd\u00f1igo<\/a><\/strong>&nbsp;en&nbsp;<em>Direct\u00edsimo<\/em>. En unos meses se convertir\u00eda en el&nbsp;<strong>tercer libro m\u00e1s vendido<\/strong>&nbsp;en el \u00faltimo a\u00f1o del franquismo. La primera pregunta del popular presentador apuntaba a su honestidad, ante la acusaci\u00f3n de que sus provocaciones eran&nbsp;<strong>una&nbsp;<\/strong><strong>estrategia de&nbsp;<\/strong><em><strong>marketing<\/strong><\/em>para convertirse en un&nbsp;<em><strong>best seller<\/strong><\/em><strong>&nbsp;prefabricado<\/strong>: \u00abSe\u00f1ora Vilar, \u00bfcree usted de verdad en todas las tesis que usted ha escrito en sus dos libros<em>&nbsp;El var\u00f3n domado&nbsp;<\/em>y&nbsp;<em>E<\/em><em>l var\u00f3n pol\u00edgamo<\/em>?\u00bb.<\/p>\n\n\n\n<p>La respuesta volv\u00eda a incidir en la tesis principal de la autora.&nbsp;<strong>\u00abAbsolutamente\u00bb<\/strong>, respond\u00eda. \u00abYo creo que las mujeres no ven en los hombres unos seres humanos, sino una especie de&nbsp;<a href=\"https:\/\/www.elconfidencial.com\/cultura\/cine\/2020-02-07\/el-escandalo-charlize-theron-nicole-kidman-margot-robbie_2444600\/\">m\u00e1quinas, unos electrodom\u00e9sticos,<\/a>&nbsp;unos robots que hacen todo lo que ellas quieren\u00bb. La situaci\u00f3n solo ha ido a peor a lo largo de los a\u00f1os, a\u00f1ad\u00eda. En otro momento de la entrevista, Vilar explicaba que&nbsp;<strong>era feminista, pero \u00abde otro tipo de feminismo\u00bb<\/strong>. \u00abYo soy una feminista feminista, es decir, veo a la mujer desde el punto de vista femenino y veo&nbsp;<strong>lo que hace la mujer con el hombre<\/strong>\u00ab, a\u00f1ad\u00eda.<\/p>\n\n\n\n<p>La controversia fue tal que \u00cd\u00f1igo public\u00f3 un libro en la misma editorial que la autora,&nbsp;<em>La \u00abbomba\u00bb Vilar<\/em>, en el que recog\u00eda&nbsp;<strong>algunos de los cientos de cartas&nbsp;<\/strong>que hab\u00eda recibido tras la aparici\u00f3n de la escritora en la<strong>&nbsp;televisi\u00f3n espa\u00f1ola<\/strong>. En \u00e9l, describ\u00eda as\u00ed a la misteriosa escritora: \u00abEs una mujer menuda, delgada, de pelo rubio y sonrisa constante. Segura de s\u00ed misma, cordial, amable, espl\u00e9ndidamente vestida&nbsp;<a href=\"https:\/\/www.elconfidencial.com\/cultura\/2022-01-09\/mujeres-progres-juego-ultraderecha_3355113\/\">generalmente con ropas &#8216;progres&#8217;,<\/a>&nbsp;tiene eso que las mujeres llaman &#8216;personalidad'\u00bb, escribe. \u00abAcepta las preguntas m\u00e1s indiscretas y las cr\u00edticas m\u00e1s acerbas\u00bb.<\/p>\n\n\n\n<p>Un d\u00eda despu\u00e9s de su aparici\u00f3n en el \u00fanico canal de televisi\u00f3n,<strong>&nbsp;la autora&nbsp;<\/strong><strong>se presenta<\/strong><strong>&nbsp;en el Ateneo de Madrid<\/strong>, donde apenas puede llevar a cabo su presentaci\u00f3n junto al profesor&nbsp;<strong>V\u00edctor Alba<\/strong>, antiguo militante del POUM, y la periodista&nbsp;<strong>Josefina da Silva<\/strong>. Las protestas no entend\u00edan de g\u00e9nero. Una cr\u00f3nica del acto firmada en&nbsp;<em>Informaciones<\/em>&nbsp;por&nbsp;<strong>Mar\u00eda Luisa de Armi\u00f1\u00e1n<\/strong>&nbsp;relataba que \u00abunas veces eran mujeres las que protestaban, otras, hombres airados\u00bb.&nbsp;<a href=\"https:\/\/www.elconfidencial.com\/cultura\/2019-10-17\/simon-schama-ciudadanos-judios-entrevista_2281916\/\">La autora comparaba el acto<\/a>&nbsp;con la&nbsp;<strong>Toma de la Bastilla<\/strong>. Como recordaba \u00cd\u00f1igo, Vilar no acude a firmas de libros y&nbsp;<strong>apenas concede entrevistas<\/strong>. \u00abHa sido objeto de violencias en todas partes\u201d.<\/p>\n\n\n\n<figure class=\"wp-block-image size-large\"><img decoding=\"async\" width=\"1024\" height=\"767\" src=\"https:\/\/losperiodistas.com.mx\/portal\/wp-content\/uploads\/2023\/11\/Captura-de-pantalla-2023-11-12-a-las-20.59.11-1024x767.png\" alt=\"\" class=\"wp-image-62821\" srcset=\"https:\/\/losperiodistas.com.mx\/portal\/wp-content\/uploads\/2023\/11\/Captura-de-pantalla-2023-11-12-a-las-20.59.11-1024x767.png 1024w, https:\/\/losperiodistas.com.mx\/portal\/wp-content\/uploads\/2023\/11\/Captura-de-pantalla-2023-11-12-a-las-20.59.11-300x225.png 300w, https:\/\/losperiodistas.com.mx\/portal\/wp-content\/uploads\/2023\/11\/Captura-de-pantalla-2023-11-12-a-las-20.59.11-768x575.png 768w, https:\/\/losperiodistas.com.mx\/portal\/wp-content\/uploads\/2023\/11\/Captura-de-pantalla-2023-11-12-a-las-20.59.11.png 1276w\" sizes=\"(max-width: 1024px) 100vw, 1024px\" \/><figcaption>Esther Vilar, a principios de los a\u00f1os ochenta. (Getty Images)<\/figcaption><\/figure>\n\n\n\n<p>Para julio de ese mismo a\u00f1o, el periodista&nbsp;<strong>Jos\u00e9 Antonio Valverde<\/strong>&nbsp;ya ten\u00eda en la calle&nbsp;<em>El var\u00f3n domado, r\u00e9plica<\/em>&nbsp;(Sedmay Ediciones) contra \u00absus extra\u00f1as, revolucionarias y est\u00fapidas teor\u00edas\u00bb.<strong>&nbsp;Un libro redactado&nbsp;<\/strong><strong>de manera fren\u00e9tica<\/strong><strong>&nbsp;en seis d\u00edas<\/strong>, tras la noche en la que Vilar \u00abse meti\u00f3 en mi casa (en la casa de todos) y la emprendi\u00f3 contra todo ser viviente, destruy\u00e9ndolo todo, por aqu\u00ed y por all\u00e1, negando la m\u00ednima cualidad al ser humano, hombre o mujer\u00bb. El tono del periodista era dram\u00e1tico: \u00abYo, seg\u00fan Esther Vilar, soy un var\u00f3n domado. Yo, seg\u00fan Esther Vilar,&nbsp;<strong>soy un imb\u00e9cil<\/strong>. Soy, adem\u00e1s, un buf\u00f3n. Soy un tonto sin remisi\u00f3n. Soy un fatuo, un animal y un esclavo. Yo, seg\u00fan Esther Vilar, soy<strong>&nbsp;un simple y m\u00edsero pene,&nbsp;<\/strong>sometido y domado.&nbsp;<a href=\"https:\/\/www.elconfidencial.com\/alma-corazon-vida\/2015-03-03\/penes-el-tamano-importe-o-no-es-mas-pequeno-de-lo-que-piensas_721222\/\">Soy un pene\u00bb.<\/a><\/p>\n\n\n\n<p>Lo llamativo de la aparici\u00f3n de Vilar en Espa\u00f1a es que puso de acuerdo a<strong>&nbsp;mujeres conservadoras y progresistas<\/strong>, cada una por distintas razones.&nbsp;<strong>A Pilar Franco,&nbsp;<\/strong><strong>hermana del dictador<\/strong>, le parec\u00eda que Vilar iba demasiado lejos: \u00abNo, no, la mujer trabaja y las hay que trabajan como leonas\u00bb.&nbsp;<a href=\"https:\/\/www.elconfidencial.com\/cultura\/2019-10-24\/franco-dictador-familia-valle-de-los-caidos-guerra-civil-493_2259096\/\">Franco matizaba las palabras<\/a>&nbsp;de la alemano-argentina: \u00abLa mujer siempre domina al hombre un poco. Un poco. Pero una cosa es dominar al hombre y otras cosa hacerlo esclavo\u00bb.<\/p>\n\n\n\n<p>Una que estaba a medias de acuerdo con Vilar era&nbsp;<strong><a href=\"https:\/\/www.elconfidencial.com\/cultura\/2023-01-21\/lola-flores-100-anos-4-momentazos-faraona_3561819\/\">Lola Flores<\/a><\/strong>. La Faraona respond\u00eda: \u00abMe parece una mujer antifeminista, porque ataca demasiado fuerte a la mujer, aunque reconozco que tiene raz\u00f3n en algunas cosas. Estoy de acuerdo con que el hombre es<strong>&nbsp;m\u00e1s noble y mejor persona que la mujer<\/strong>, y que algunas mujeres viven a costa de los hombres, pero es que la mujer cuando se enamora se esclaviza porque le gusta mimarle y cuidarle, y se dedica solo a \u00e9l\u00bb.<\/p>\n\n\n\n<p>Durante mucho tiempo,&nbsp;<em>El var\u00f3n domado<\/em>&nbsp;se convirti\u00f3 en uno de esos libros tab\u00fa que cayeron en el&nbsp;<strong>olvido cultural<\/strong>, como ejemplo anacr\u00f3nico de una \u00e9poca marcada por determinadas discusiones que se cre\u00edan superadas, hasta que de repente, alg\u00fan sorprendido var\u00f3n confesaba que hab\u00eda ca\u00eddo en sus manos<strong>&nbsp;el&nbsp;<\/strong><strong>libro de una m\u00e9dica argentina&nbsp;<\/strong>que contaba con todo lujo de detalles c\u00f3mo las mujeres explotan a los hombres. Durante a\u00f1os, el libro ha circulado en una copia en formato Word que alguien se molest\u00f3 en teclear, a veces reproducido en&nbsp;<strong>foros de internet<\/strong>.<\/p>\n\n\n\n<p class=\"has-text-align-center has-light-green-cyan-background-color has-background\" style=\"font-size:26px\"><strong><em>Hoy vive en Londres, tiene 88 a\u00f1os y no concede apenas entrevistas<\/em><\/strong><\/p>\n\n\n\n<p>El libro ha llegado durante los \u00faltimos a\u00f1os a los&nbsp;<a href=\"https:\/\/www.reddit.com\/r\/exredpill\/comments\/yee9y4\/what_do_you_guys_think_of_esther_vilars_book_the\/\" target=\"_blank\" rel=\"noreferrer noopener\">subforos incel<\/a>&nbsp;de p\u00e1ginas como&nbsp;<strong>Reddit<\/strong>, donde ha sido descrito como&nbsp;<strong>\u00abla Biblia de los&nbsp;<\/strong><em><strong>redpillers<\/strong><\/em><strong>\u00ab<\/strong>, en referencia a esa&nbsp;<strong>subcomunidad masculina<\/strong>&nbsp;que afirma haber descubierto la dolorosa verdad del mundo, que es que las mujeres son las que&nbsp;<strong>oprimen a los hombres<\/strong>, y no al rev\u00e9s. \u00abElla le dio la pastilla roja al mundo hispanohablante incluso antes de que existiese esa palabra\u00bb, escrib\u00eda un usuario de Reddit.<\/p>\n\n\n\n<p>Hoy, Vilar tiene 88 a\u00f1os y vive en Londres, aunque a veces se desplaza a Alemania. No concede entrevistas, salvo casos contados y por escrito, como ocurri\u00f3 con&nbsp;<strong>Arcadi Espada<\/strong>, que ha escrito la introducci\u00f3n de la nueva edici\u00f3n, para&nbsp;<em>El Mundo<\/em>. En su charla volv\u00eda a recordar que no era un libro antifeminista, simplemente pretend\u00eda que las mujeres cambiasen de actitud y&nbsp;<strong>dejasen de pensarse como v\u00edctimas<\/strong>. El Confidencial ha solicitado entrevista con Vilar, pero tampoco ha recibido respuesta.<\/p>\n\n\n\n<h2 class=\"wp-block-heading\">\u00bfHemos sido enga\u00f1ados?<\/h2>\n\n\n\n<p>Cabe otra posibilidad: que todo, desde el personaje de Vilar hasta sus teor\u00edas, pasando por todas sus defensas del libro a lo largo de las d\u00e9cadas, sean parte de una&nbsp;<strong>compleja s\u00e1tira<\/strong>&nbsp;llevada hasta sus \u00faltimas consecuencias, y que&nbsp;<em>El var\u00f3n domado<\/em>&nbsp;sea una parodia de los discursos antifeministas utilizados por los hombres, disfrazada de bomba de relojer\u00eda cultural. As\u00ed,<strong>&nbsp;<\/strong><strong>el libro ser\u00eda en realidad una herramienta para&nbsp;movilizar al feminismo<\/strong>: es la teor\u00eda que Schwarzer sugiere al inicio de su entrevista con Vilar en la televisi\u00f3n alemana y que es compartida por muchas de sus amigas.<\/p>\n\n\n\n<p>Domingo no est\u00e1 de acuerdo: \u00abUtiliza\u00a0<a href=\"https:\/\/www.elconfidencial.com\/cultura\/2023-10-11\/iribarne-satira-sobre-fraga-que-carga-contra-la-transicion_3752476\/\">la s\u00e1tira para escandalizar,<\/a>\u00a0pero como herramienta para que se le haga caso, para llamar la atenci\u00f3n, pero\u00a0<strong>lo que dice, lo dice muy seriamente<\/strong>\u00ab, valora. \u00abEn la entrevista de Arcadi, ella se reafirma en todo, lo pensaba en ese momento y lo sigue pensando\u00bb. A lo largo de los a\u00f1os, la autora no ha hecho m\u00e1s que reafirmarse en sus ideas. Otra cosa es que no se detecte la iron\u00eda que hay en muchas de sus aseveraciones. Espada lo describe como \u00abun veraz, agudo, irreverente y\u00a0<strong>divertido<\/strong>\u00a0<strong>ensayo<\/strong>\u00ab.<\/p>\n\n\n\n<figure class=\"wp-block-embed is-type-video is-provider-youtube wp-block-embed-youtube wp-embed-aspect-16-9 wp-has-aspect-ratio\"><div class=\"wp-block-embed__wrapper\">\n<iframe title=\"Debate sobre Feminismo Esther Vilar vs Alice Schwarzer 1975\" width=\"500\" height=\"281\" src=\"https:\/\/www.youtube.com\/embed\/wJvkAWh_XzM?feature=oembed\" frameborder=\"0\" allow=\"accelerometer; autoplay; clipboard-write; encrypted-media; gyroscope; picture-in-picture; web-share\" referrerpolicy=\"strict-origin-when-cross-origin\" allowfullscreen><\/iframe>\n<\/div><\/figure>\n\n\n\n<p>De lo que no cabe duda es de que el libro est\u00e1 escrito en un contexto cultural y socioecon\u00f3mico que hoy se ha perdido: como bien se\u00f1ala Espada en la introducci\u00f3n, se trata de una \u00e1cida cr\u00edtica de&nbsp;<strong>\u00ab<\/strong><strong>la mujer peque\u00f1oburguesa en Occidente\u00bb<\/strong>, que cristaliza en esa imagen del ama de casa del&nbsp;<em>american way of life,<\/em>&nbsp;que vive en una amplia casa en los suburbios, que cuida durante todo el d\u00eda, esperando a que su marido vuelva a casa. As\u00ed visto,&nbsp;<em>El var\u00f3n domado<\/em>&nbsp;podr\u00eda ser el reverso ensay\u00edstico de&nbsp;<em><a href=\"https:\/\/en.wikipedia.org\/wiki\/The_Stepford_Wives\" target=\"_blank\" rel=\"noreferrer noopener\">The Stepford Wives<\/a><\/em>&nbsp;de<strong>&nbsp;Ira Levin<\/strong>, aquella novela sat\u00edrica de terror en la que las mujeres de una ciudad residencial&nbsp;<strong>descubr\u00edan que eran robots<\/strong>&nbsp;inventados por sus maridos para satisfacer sus necesidades.<\/p>\n\n\n\n<p>El objeto de sus ataques, de hecho,&nbsp;<strong>no suele ser&nbsp;<\/strong><strong>el activismo feminista<\/strong><strong>, sino el ama de casa&nbsp;<\/strong><strong>acomodada<\/strong>. Por eso puede leerse&nbsp;<a href=\"https:\/\/www.elconfidencial.com\/alma-corazon-vida\/2016-02-16\/el-exito-del-anticapitalismo-como-se-han-hecho-ricos-los-ricos-en-los-ultimos-100-anos_1153342\/\">tambi\u00e9n como un ensayo anticapitalista,<\/a>&nbsp;en el que las facilidades que ofrece la sociedad de consumo ha convertido a los hombres en esclavos y a las mujeres en d\u00f3ciles sirvientas. Vilar ataca abiertamente la sociedad americana del \u00e9xito: \u00abEn ning\u00fan lugar es m\u00e1s evidente que en Estados Unidos<strong>&nbsp;la diferencia entre un triunfador y un perdedor<\/strong>\u00ab, escribe. \u00abSalta a la vista que en ning\u00fan otro pa\u00eds del mundo las madres adiestran de forma tan despiadada a su prole masculina&nbsp;<strong>para que rinda<\/strong>&nbsp;como en EEUU\u00bb.<\/p>\n\n\n\n<p>En\u00a0<em>La \u00abbomba\u00bb Vilar<\/em>, \u00cd\u00f1igo tampoco dudaba de la honestidad de sus ideas. \u00abTodo demuestra que Esther Vilar est\u00e1 convencida de lo que dice, que nada contra corriente conociendo los sinsabores que ello implica\u00bb, escribe. El problema es que para que una s\u00e1tira sea perfecta y funcione tal y como su creador la ha concebido,\u00a0<strong>debe llevarse hasta las \u00faltimas consecuencias<\/strong>, hayan pasado tres o cincuenta a\u00f1os,\u00a0<a href=\"https:\/\/www.elconfidencial.com\/cultura\/2018-02-09\/satira-multas-delito-censura-brian-jueces-odio_1519272\/\">o de lo contrario su poder<\/a>\u00a0se desvanecer\u00eda. Vilar se llevar\u00e1 a la tumba la verdadera intenci\u00f3n de\u00a0<em>El var\u00f3n domado<\/em>.<\/p>\n\n\n\n<p>Fuente: <a href=\"https:\/\/www.elconfidencial.com\/cultura\/2023-11-12\/esther-vilar-hombre-domado-biblia-antifeminista_3770493\/\">https:\/\/www.elconfidencial.com\/cultura\/2023-11-12\/esther-vilar-hombre-domado-biblia-antifeminista_3770493\/<\/a><a href=\"https:\/\/twitter.com\/intent\/tweet?text=%22Los+hombres+est%C3%A1n+explotados%22%3A+la+historia+tras+la+Biblia+antifeminista+escrita+por+una+mujer&amp;url=https%3A%2F%2Fwww.elconfidencial.com%2Fcultura%2F2023-11-12%2Festher-vilar-hombre-domado-biblia-antifeminista_3770493%2F%3Futm_source%3Dtwitter%26utm_medium%3Dsocial%26utm_campaign%3DBotoneraWeb\" target=\"_blank\" rel=\"noreferrer noopener\"><\/a><\/p>\n","protected":false},"excerpt":{"rendered":"<p>Cincuenta a\u00f1os despu\u00e9s de su primera edici\u00f3n, y tras mucho tiempo sin estar disponible, Deusto reedita &#8216;El var\u00f3n domado&#8217;, un [&hellip;]<\/p>\n","protected":false},"author":1,"featured_media":62820,"comment_status":"open","ping_status":"open","sticky":false,"template":"","format":"standard","meta":{"site-sidebar-layout":"default","site-content-layout":"","ast-site-content-layout":"default","site-content-style":"default","site-sidebar-style":"default","ast-global-header-display":"","ast-banner-title-visibility":"","ast-main-header-display":"","ast-hfb-above-header-display":"","ast-hfb-below-header-display":"","ast-hfb-mobile-header-display":"","site-post-title":"","ast-breadcrumbs-content":"","ast-featured-img":"","footer-sml-layout":"","theme-transparent-header-meta":"","adv-header-id-meta":"","stick-header-meta":"","header-above-stick-meta":"","header-main-stick-meta":"","header-below-stick-meta":"","astra-migrate-meta-layouts":"default","ast-page-background-enabled":"default","ast-page-background-meta":{"desktop":{"background-color":"var(--ast-global-color-4)","background-image":"","background-repeat":"repeat","background-position":"center center","background-size":"auto","background-attachment":"scroll","background-type":"","background-media":"","overlay-type":"","overlay-color":"","overlay-opacity":"","overlay-gradient":""},"tablet":{"background-color":"","background-image":"","background-repeat":"repeat","background-position":"center center","background-size":"auto","background-attachment":"scroll","background-type":"","background-media":"","overlay-type":"","overlay-color":"","overlay-opacity":"","overlay-gradient":""},"mobile":{"background-color":"","background-image":"","background-repeat":"repeat","background-position":"center center","background-size":"auto","background-attachment":"scroll","background-type":"","background-media":"","overlay-type":"","overlay-color":"","overlay-opacity":"","overlay-gradient":""}},"ast-content-background-meta":{"desktop":{"background-color":"var(--ast-global-color-5)","background-image":"","background-repeat":"repeat","background-position":"center center","background-size":"auto","background-attachment":"scroll","background-type":"","background-media":"","overlay-type":"","overlay-color":"","overlay-opacity":"","overlay-gradient":""},"tablet":{"background-color":"var(--ast-global-color-5)","background-image":"","background-repeat":"repeat","background-position":"center center","background-size":"auto","background-attachment":"scroll","background-type":"","background-media":"","overlay-type":"","overlay-color":"","overlay-opacity":"","overlay-gradient":""},"mobile":{"background-color":"var(--ast-global-color-5)","background-image":"","background-repeat":"repeat","background-position":"center center","background-size":"auto","background-attachment":"scroll","background-type":"","background-media":"","overlay-type":"","overlay-color":"","overlay-opacity":"","overlay-gradient":""}},"footnotes":""},"categories":[8],"tags":[20262,20263,20261],"class_list":["post-62747","post","type-post","status-publish","format-standard","has-post-thumbnail","hentry","category-noticias","tag-biblia-antifeminista","tag-el-caron-domado","tag-esther-vilar"],"_links":{"self":[{"href":"https:\/\/losperiodistas.com.mx\/portal\/wp-json\/wp\/v2\/posts\/62747","targetHints":{"allow":["GET"]}}],"collection":[{"href":"https:\/\/losperiodistas.com.mx\/portal\/wp-json\/wp\/v2\/posts"}],"about":[{"href":"https:\/\/losperiodistas.com.mx\/portal\/wp-json\/wp\/v2\/types\/post"}],"author":[{"embeddable":true,"href":"https:\/\/losperiodistas.com.mx\/portal\/wp-json\/wp\/v2\/users\/1"}],"replies":[{"embeddable":true,"href":"https:\/\/losperiodistas.com.mx\/portal\/wp-json\/wp\/v2\/comments?post=62747"}],"version-history":[{"count":1,"href":"https:\/\/losperiodistas.com.mx\/portal\/wp-json\/wp\/v2\/posts\/62747\/revisions"}],"predecessor-version":[{"id":62822,"href":"https:\/\/losperiodistas.com.mx\/portal\/wp-json\/wp\/v2\/posts\/62747\/revisions\/62822"}],"wp:featuredmedia":[{"embeddable":true,"href":"https:\/\/losperiodistas.com.mx\/portal\/wp-json\/wp\/v2\/media\/62820"}],"wp:attachment":[{"href":"https:\/\/losperiodistas.com.mx\/portal\/wp-json\/wp\/v2\/media?parent=62747"}],"wp:term":[{"taxonomy":"category","embeddable":true,"href":"https:\/\/losperiodistas.com.mx\/portal\/wp-json\/wp\/v2\/categories?post=62747"},{"taxonomy":"post_tag","embeddable":true,"href":"https:\/\/losperiodistas.com.mx\/portal\/wp-json\/wp\/v2\/tags?post=62747"}],"curies":[{"name":"wp","href":"https:\/\/api.w.org\/{rel}","templated":true}]}}